{"id":101377,"date":"2020-08-03T07:50:18","date_gmt":"2020-08-03T11:50:18","guid":{"rendered":"https:\/\/www.eltrabajo.cl\/portal\/?p=101377"},"modified":"2020-08-02T21:28:20","modified_gmt":"2020-08-03T01:28:20","slug":"locatarios-caracol-los-portales-esperan-prorroga-del-pago-de-patentes","status":"publish","type":"post","link":"https:\/\/eltrabajo.cl\/portal\/locatarios-caracol-los-portales-esperan-prorroga-del-pago-de-patentes\/","title":{"rendered":"Locatarios Caracol Los Portales esperan pr\u00f3rroga del pago de patentes"},"content":{"rendered":"<p style=\"text-align: justify;\">Fueron a la municipalidad a pedir que durante la Cuarentena les permitieran abrir para trabajar porque no estaban produciendo dinero, sin embargo, les fue mal porque era una medida originada a nivel central por los altos \u00edndices de contagios en las ciudades de San Felipe y Los Andes.<\/p>\n<p style=\"text-align: justify;\">Se levant\u00f3 la Cuarentena para pasar al segundo paso que es la transici\u00f3n, pero se les viene otro drama que es pagar las patentes comerciales. Para ello se dijo en su momento desde la municipalidad se iba a enviar un oficio al Concejo Municipal para autorizar una pr\u00f3rroga en el pago de las patentes comerciales.<\/p>\n<p style=\"text-align: justify;\">Nuestro medio concurri\u00f3 hasta el edificio Caracol Los Portales ubicado en la intersecci\u00f3n de las calles Merced con Coimas, pleno centro de San Felipe, para conversar con el vocero <strong>Javier Ram\u00edrez Cabrera<\/strong> y saber qu\u00e9 pas\u00f3 finalmente con todo lo planteado, teniendo en cuenta que se levant\u00f3 la Cuarentena al menos de lunes a viernes. La idea era conocer la situaci\u00f3n en que quedaron para pagar las patentes comerciales.<\/p>\n<p style=\"text-align: justify;\">Recordar que en la reuni\u00f3n le ofrecieron la misma ayuda que a todos, no hab\u00eda una soluci\u00f3n para los locatarios, \u00ab<em>lo que nos ofrecieron a nosotros en una reuni\u00f3n que tuvimos con la encargada aqu\u00ed en el municipio, lo que me estaban ofreciendo es lo que les estaban ofreciendo a todos, no hab\u00eda una soluci\u00f3n en general como para los locatarios de aqu\u00ed del Caracol. En mi caso personal eso a m\u00ed, esa soluci\u00f3n no me beneficia en nada en lo personal, porque yo soy de primera categor\u00eda y yo entre chutear una deuda hoy o pagarla en septiembre, en octubre, prefiero pagarla al tiro y no tengo problemas, no tomo como soluci\u00f3n lo que me est\u00e1n diciendo: <strong>\u2018Okey, no me pagues hoy, p\u00e1game ma\u00f1ana\u2019<\/strong>, pero la soluci\u00f3n era solamente primera categor\u00eda y que se basaron en todos los grandes negocios; o sea, todos los que pagamos el 19%, pero soluci\u00f3n concreta para lo que son mis compa\u00f1eros de ac\u00e1 del edificio Caracol que son peluquer\u00edas, prestaciones de servicios, que ellos son de segunda categor\u00eda, por lo cual pagan el 10% de impuestos, ellos no se acogen a la soluci\u00f3n que dieron. Quedaron en que me iban a avisar en dar una soluci\u00f3n, pero como se abri\u00f3 la cuarentena quedamos en eso<\/em>\u00bb, dice Javier.<\/p>\n<p style=\"text-align: justify;\">En esa l\u00ednea reconoce que quer\u00edan abrir, \u00ab<em>porque se ven\u00edan muchas deudas, muchas cosas, ya eran 50 d\u00edas sin trabajar, entonces esa era mi primera petici\u00f3n, de lo cual me dijeron que era imposible ayudarme en eso, porque era una ley superior sobre una inferior; eso s\u00ed yo lo entiendo, pero lo que les explicaba que c\u00f3mo hac\u00edan valer esas leyes aqu\u00ed en San Felipe, porque estaba ABCDIN abierto, Tricot y muchos otros negocios con cortinas abajo, porque yo mismo me acerqu\u00e9, porque yo andaba trabajando aqu\u00ed en el centro, me acerqu\u00e9 a los militares y les pregunt\u00e9 cu\u00e1l era el criterio de ellos para aplicar la ley, y la ley no se aplica porque ellos miraban y como a ellos no los mandaban a cerrar negocios, ellos no cerraban los negocios; o sea, hab\u00eda una ley injusta. Nosotros aqu\u00ed como servicio t\u00e9cnico nos acogimos como comunidad y cerramos el edificio, porque si vamos a hacer una Cuarentena para que todos nos cuidemos, nos cuidamos todos o no se cuida nadie<\/em>\u00bb.<\/p>\n<p style=\"text-align: justify;\">&#8211; <strong>Javier, en qu\u00e9 qued\u00f3 finalmente, \u00bfvan a tener que pagar las patentes igual?<\/strong><\/p>\n<p style=\"text-align: justify;\">&#8211; Mira hoy d\u00eda (31 de julio) vencen los plazos para la postergaci\u00f3n de las patentes, y como te digo en el caso personal prefiero pagar al tiro, chutear una deuda creo que mejor la pagas hoy y no ma\u00f1ana, porque no sabemos lo que va a pasar ma\u00f1ana, puede que estemos peor que ahora y soluci\u00f3n para mis compa\u00f1eros no hay ninguna; o sea, con los tres d\u00edas que llevan trabajando ellos van a tener que pagar hoy sus patentes o si no se les va a aplicar morosidad, porque ellos no pertenecen y no se acogen al beneficio que est\u00e1 otorgando el municipio.<\/p>\n<p style=\"text-align: justify;\">&#8211; <strong>\u00bfQu\u00e9 opini\u00f3n te merece todo esto?<\/strong><\/p>\n<p style=\"text-align: justify;\">&#8211; Malo, malo, porque te digo cuando yo fui me enmarcaban que yo pod\u00eda, que t\u00fa puedes cuando yo fui en representaci\u00f3n de todos, no fui por m\u00ed. En mi caso personal yo vengo y yo pago, \u00bfpero mis compa\u00f1eros?, porque ellos no han podido trabajar nada, nosotros seguimos vendiendo por redes sociales, &#8216;cachay&#8217;.<\/p>\n<p style=\"text-align: justify;\">&#8211;<strong> \u00bfQu\u00e9 va a pasar ahora en ese sentido, esperan una pr\u00f3rroga?<\/strong><\/p>\n<p style=\"text-align: justify;\">&#8211; Yo estoy esperando una respuesta hoy, espero que se pongan la mano en el coraz\u00f3n y que le den una soluci\u00f3n a mis compa\u00f1eros que est\u00e1n trabajando. El edificio Caracol Los Portales est\u00e1 compuesto por 63 locales donde el 30% es servicio t\u00e9cnico que pagan el 19% y el resto son todos de segunda categor\u00eda.<\/p>\n<figure id=\"attachment_101378\" aria-describedby=\"caption-attachment-101378\" style=\"width: 580px\" class=\"wp-caption alignnone\"><img data-recalc-dims=\"1\" loading=\"lazy\" decoding=\"async\" class=\"size-full wp-image-101378\" src=\"https:\/\/i0.wp.com\/eltrabajo.cl\/portal\/wp-content\/uploads\/2020\/08\/Javier-Ramirez-Caracol-Los-Portales.jpg?resize=580%2C360&#038;ssl=1\" alt=\"Javier Ram\u00edrez Cabrera, vocero de los locatarios del Caracol Los Portales.\" width=\"580\" height=\"360\" srcset=\"https:\/\/i0.wp.com\/eltrabajo.cl\/portal\/wp-content\/uploads\/2020\/08\/Javier-Ramirez-Caracol-Los-Portales.jpg?w=580&amp;ssl=1 580w, https:\/\/i0.wp.com\/eltrabajo.cl\/portal\/wp-content\/uploads\/2020\/08\/Javier-Ramirez-Caracol-Los-Portales.jpg?resize=300%2C186&amp;ssl=1 300w, https:\/\/i0.wp.com\/eltrabajo.cl\/portal\/wp-content\/uploads\/2020\/08\/Javier-Ramirez-Caracol-Los-Portales.jpg?resize=200%2C124&amp;ssl=1 200w\" sizes=\"auto, (max-width: 580px) 100vw, 580px\" \/><figcaption id=\"caption-attachment-101378\" class=\"wp-caption-text\">Javier Ram\u00edrez Cabrera, vocero de los locatarios del Caracol Los Portales.<\/figcaption><\/figure>\n","protected":false},"excerpt":{"rendered":"<p>Fueron a la municipalidad a pedir que durante la Cuarentena les permitieran abrir para trabajar porque no estaban produciendo dinero, sin embargo, les fue mal porque era una medida originada a nivel&#8230;<\/p>\n","protected":false},"author":482,"featured_media":101378,"comment_status":"closed","ping_status":"open","sticky":false,"template":"","format":"standard","meta":{"advanced_seo_description":"","jetpack_seo_html_title":"","jetpack_seo_noindex":false,"_jetpack_memberships_contains_paid_content":false,"footnotes":""},"categories":[105,103],"tags":[],"class_list":["post-101377","post","type-post","status-publish","format-standard","has-post-thumbnail","hentry","category-covid-19","category-cronica-2"],"jetpack_featured_media_url":"https:\/\/i0.wp.com\/eltrabajo.cl\/portal\/wp-content\/uploads\/2020\/08\/Javier-Ramirez-Caracol-Los-Portales.jpg?fit=580%2C360&ssl=1","jetpack_sharing_enabled":true,"jetpack_likes_enabled":true,"jetpack-related-posts":[],"_links":{"self":[{"href":"https:\/\/eltrabajo.cl\/portal\/wp-json\/wp\/v2\/posts\/101377","targetHints":{"allow":["GET"]}}],"collection":[{"href":"https:\/\/eltrabajo.cl\/portal\/wp-json\/wp\/v2\/posts"}],"about":[{"href":"https:\/\/eltrabajo.cl\/portal\/wp-json\/wp\/v2\/types\/post"}],"author":[{"embeddable":true,"href":"https:\/\/eltrabajo.cl\/portal\/wp-json\/wp\/v2\/users\/482"}],"replies":[{"embeddable":true,"href":"https:\/\/eltrabajo.cl\/portal\/wp-json\/wp\/v2\/comments?post=101377"}],"version-history":[{"count":0,"href":"https:\/\/eltrabajo.cl\/portal\/wp-json\/wp\/v2\/posts\/101377\/revisions"}],"wp:featuredmedia":[{"embeddable":true,"href":"https:\/\/eltrabajo.cl\/portal\/wp-json\/wp\/v2\/media\/101378"}],"wp:attachment":[{"href":"https:\/\/eltrabajo.cl\/portal\/wp-json\/wp\/v2\/media?parent=101377"}],"wp:term":[{"taxonomy":"category","embeddable":true,"href":"https:\/\/eltrabajo.cl\/portal\/wp-json\/wp\/v2\/categories?post=101377"},{"taxonomy":"post_tag","embeddable":true,"href":"https:\/\/eltrabajo.cl\/portal\/wp-json\/wp\/v2\/tags?post=101377"}],"curies":[{"name":"wp","href":"https:\/\/api.w.org\/{rel}","templated":true}]}}