{"id":101380,"date":"2020-08-03T07:55:36","date_gmt":"2020-08-03T11:55:36","guid":{"rendered":"https:\/\/www.eltrabajo.cl\/portal\/?p=101380"},"modified":"2020-08-02T21:31:55","modified_gmt":"2020-08-03T01:31:55","slug":"cientos-de-mujeres-en-juzgado-de-familia-buscan-retener-10-de-afp","status":"publish","type":"post","link":"https:\/\/eltrabajo.cl\/portal\/cientos-de-mujeres-en-juzgado-de-familia-buscan-retener-10-de-afp\/","title":{"rendered":"Cientos de mujeres en Juzgado de Familia buscan retener 10% de AFP"},"content":{"rendered":"<p style=\"text-align: left;\"><span style=\"color: #c81400;\"><strong>Por pensiones alimenticias impagas:<\/strong><\/span><\/p>\n<p style=\"text-align: justify;\">Hasta el d\u00eda jueves 30 de julio, d\u00eda en que se pon\u00eda en marcha la ley del retiro del 10% de las AFP, se vio harta gente haciendo filas en las distintas sucursales de San Felipe. Pero tambi\u00e9n en un lugar que no tiene nada que ver con las administradoras financieras, sin embargo, van a ser crucial en un punto de mucha relevancia, especialmente para las mujeres y m\u00e1s a\u00fan para las madres que en a\u00f1os no han recibido ni un peso por concepto de pensi\u00f3n alimenticia. Con esto se abre una luz de esperanza en que a trav\u00e9s de esta ley los llamados \u2018<strong>Papito coraz\u00f3n<\/strong>\u2019 que son en definitiva parte del 85% que en Chile no paga la manutenci\u00f3n de sus hijos. De todas maneras, antes de comenzar con los testimonios recogidos por nuestro medio en el lugar, es importante decir que lamentablemente son pocas las posibilidades que tienen de poder obtener este pago, porque el retiro es voluntario y hay 365 d\u00edas para hacerlo efectivo.<\/p>\n<p style=\"text-align: justify;\">A la hora que fuimos al frontis del Tribunal de Familia que fue alrededor de las 11 de la ma\u00f1ana hab\u00eda algunas madres esperando n\u00famero para ser atendida \u00ab<em>hubiera venido antes, en la ma\u00f1ana se pilla con m\u00e1s gente<\/em>\u00bb, nos dice una mujer que iba por la custodia de sus nietos. A pesar de tardanza con que fuimos igual pudimos conseguir algunos testimonios de osadas y luchadoras mujeres que nos entregaron su experiencia que viven en estos momentos.<\/p>\n<p style=\"text-align: justify;\"><strong>Gloria<\/strong>, una mujer joven nos cuenta que en el caso de ella el pap\u00e1 de su hijo no le ha pagado nunca un peso, \u00ab<em>ahora estoy viendo si existe el milagro de que le puedan retener el 10% si es que retira el fondo desde la AFP<\/em>\u00bb, se\u00f1ala.<\/p>\n<p style=\"text-align: justify;\">&#8211;<strong> \u00bfCu\u00e1ntos a\u00f1os tiene su hijo?<\/strong><\/p>\n<p style=\"text-align: justify;\">&#8211; Diez a\u00f1os y no ha pagado nunca, nada.<\/p>\n<p style=\"text-align: justify;\">&#8211; <strong>\u00bfCu\u00e1nto es lo que deber\u00eda pagar mensual?<\/strong><\/p>\n<p style=\"text-align: justify;\">&#8211; Mire, a \u00e9l le perdon\u00e9 toda la deuda que deb\u00eda antes, porque no la iba a pagar entonces eso qued\u00f3 en nada y ahora a partir de marzo ten\u00eda que pagar $120.000 y tampoco lo ha pagado, entonces igual si yo sumara todo lo que me debe a m\u00ed hijo ser\u00edan m\u00e1s de $7 millones, mucho m\u00e1s.<\/p>\n<p style=\"text-align: justify;\">&#8211;<strong> \u00bfEn este momento cuanto es la deuda de \u00e9l?<\/strong><\/p>\n<p style=\"text-align: justify;\">-De $ 620 mil pesos y eso no lo ha pagado-<\/p>\n<p style=\"text-align: justify;\">&#8211; <strong>\u00bfUsted espera que se pague ahora con este tema del retiro del 10%?<\/strong><\/p>\n<p style=\"text-align: justify;\">&#8211; Esperemos que pida el retiro del 10% ahora, porque si no lo retira no le descuentan.<\/p>\n<p style=\"text-align: justify;\">&#8211;<strong> \u00bfHubo como una falla en esa parte, que podr\u00eda haber sido autom\u00e1tico?<\/strong><\/p>\n<p style=\"text-align: justify;\">&#8211; Claro tendr\u00eda que haber sido autom\u00e1tico porque es un derecho de todo ni\u00f1o o sea est\u00e1n vulnerando los derechos del ni\u00f1o hay pap\u00e1s muy inconscientes y mam\u00e1s igual inconscientes que no pagan la plata que corresponde a sus hijos para la alimentaci\u00f3n y no es tanto lo que le piden, imag\u00ednese \u00e9l gana arriba de $350.000 y le piden $120.000, no es nada.<\/p>\n<p style=\"text-align: justify;\">\n<p style=\"text-align: justify;\"><span style=\"color: #c81400;\"><strong>ES SEPARADA Y\u00a0<\/strong><strong>CON CINCO HIJOS<\/strong><\/span><\/p>\n<p style=\"text-align: justify;\"><strong>Jessica<\/strong> es otra mujer que tambi\u00e9n lleg\u00f3 este d\u00eda jueves al Tribunal de Familia para informarse sobre el proceso, porque ella est\u00e1 separada de su marido y nunca la ha ayudado. Ella sola a punta de esfuerzo ha sacado adelante a sus cinco hijos.<\/p>\n<p style=\"text-align: justify;\">\u00abS\u00ed, vine por el asunto de la pensi\u00f3n alimenticia, porque cuando yo me separ\u00e9 de mi marido \u00e9l qued\u00f3 de darle al ni\u00f1o que eran $50.000, la cual \u00e9l tiene cinco hijos conmigo y nunca me ha dado nada, nunca, nuca, yo sola he luchado he criado a mis hijos pero me quedan ellos dos menores de edad y qued\u00e9 como a brazos cruzados, porque una como mam\u00e1 yo no tengo tanto estudio para expresarme como se dice p\u00fablicamente, entonces \u00e9l le depositaba en la cuenta Rut, entonces con esa cuenta Rut no acredita que \u00e9l tenga como se dice, que acredite como para presentar un papel que hay que presentar ac\u00e1 en el juzgado.<\/p>\n<p style=\"text-align: justify;\">&#8211; <strong>\u00bfC\u00f3mo le fue ac\u00e1 en el Tribunal?<\/strong><\/p>\n<p style=\"text-align: justify;\">&#8211; Me fue mal me dijeron tengo que ir de nuevo a actualizar una cuenta corriente para el ni\u00f1o en el banco y de ah\u00ed traer el formulario, de ah\u00ed se va a demorar un triunfo yo le dije, pero la plata \u00bfse la van a retener?, me dijo \u00ab<em>puede que si puede que no<\/em>\u00bb, porque se ha demorado mucho entonces qued\u00e9 a brazos cruzados, le dije.<\/p>\n<p style=\"text-align: justify;\">&#8211;<strong> \u00bfHay confusi\u00f3n en la informaci\u00f3n?<\/strong><\/p>\n<p style=\"text-align: justify;\">&#8211; Sipo entonces yo le dije voy a quedar de brazos cruzados, \u00bfde nuevo perd\u00ed?, me dijo \u00ab<em>no podemos hacer nada<\/em>\u00bb, \u00bfentonces para qu\u00e9 voy a mover papel?<\/p>\n<p style=\"text-align: justify;\">&#8211; <strong>\u00bfQu\u00e9 sabe usted va a retirar \u00e9l, porque hay un a\u00f1o de plazo para el retiro?<\/strong><\/p>\n<p style=\"text-align: justify;\">&#8211; No s\u00e9, porque \u00e9l tiene planes de comprarse una casa y asuntos, no s\u00e9, porque no tengo contacto con \u00e9l realmente, pero \u00e9l de cuando se abri\u00f3 el juicio de los ni\u00f1os para la pensi\u00f3n alimenticia, \u00e9l qued\u00f3 de mandarle $50.000 a los ni\u00f1os lo cual no ha cumplido, entonces quedo a brazos cruzados.<\/p>\n<p style=\"text-align: justify;\">&#8211; <strong>\u00bfOiga y c\u00f3mo lo ha hecho para criar sus cinco hijos?<\/strong><\/p>\n<p style=\"text-align: justify;\">&#8211; Mire yo he ido a la Municipalidad, he llorado, pero realmente no me han ayudado, yo trabajo con mi carrito dentro de mi casa y en esos d\u00edas como la pandemia he vendido sopaipillas, empanaditas y ah\u00ed me las arreglo.<\/p>\n<p style=\"text-align: justify;\">&#8211; <strong>\u00bfPero criar cinco hijos?<\/strong><\/p>\n<p style=\"text-align: justify;\">&#8211; S\u00ed, sola, trabajando por aqu\u00ed por all\u00e1, de repente cuido un ni\u00f1o que me pagan $10.000 as\u00ed po, pero me voy arreglando, la he sufrido harto, pero he sacado adelante a mis hijos he sido una mujer luchadora, me siento una mujer luchadora.<\/p>\n<p style=\"text-align: justify;\">&#8211;<strong> \u00bfEsperanzada en que pueda retirar un poco de plata con esta ley?<\/strong><\/p>\n<p style=\"text-align: justify;\">&#8211; No, no tengo esperanza, da rabia porque no soy solamente yo son muchas mam\u00e1s que como yo que no tengo estudios juegan con uno, realmente juegan con nosotras.<\/p>\n<p style=\"text-align: justify;\">\n<p style=\"text-align: justify;\"><span style=\"color: #c81400;\"><strong>DEUDA MILLONARIA<\/strong><\/span><\/p>\n<p style=\"text-align: justify;\"><strong>Susana<\/strong>, otra mujer que andaba haciendo el mismo tr\u00e1mite que las anteriores, nos coment\u00f3 que \u00ab<em>lo que pasa es que yo vine a buscar porque mi exmarido me debe $21 millones y resulta que jam\u00e1s le dio a mi hija nunca un peso, y ahora vengo por todo esto que est\u00e1 pasando que sali\u00f3 para la AFP entonces yo vine a tratar de ver si de la AFP me pueden pasar a mi cuenta m\u00e1s que sea un porcentaje una plata porque a m\u00ed me debe $ 21 millones, entonces yo quiero que \u00e9l me la pase a mi cuenta<\/em>\u00bb.<\/p>\n<p style=\"text-align: justify;\">&#8211;<strong> \u00bfLo que vaya a sacar?<\/strong><\/p>\n<p style=\"text-align: justify;\">&#8211; Lo que vaya a sacar y eso, pero estaban diciendo las personas ac\u00e1 que si \u00e9l no retira la plata no me llegar\u00eda si \u00e9l va a la AFP y hace todos estos documentos por ser lo \u00fanico que yo quiero es que me pase a mi cuenta lo que \u00e9l va a sacar.<\/p>\n<p style=\"text-align: justify;\">&#8211;<strong> \u00bfEst\u00e1 esperanzada con que le paguen?<\/strong><\/p>\n<p style=\"text-align: justify;\">&#8211; S\u00ed, estoy esperanzada pero este hombre creo que dijo que no iba a ir a sacar la plata y yo creo que si no la va a sacar no me llega a m\u00ed.<\/p>\n<p style=\"text-align: justify;\">&#8211;<strong> \u00bfAh\u00ed como que hubo un vac\u00edo en la ley pod\u00eda haber sido quiz\u00e1s autom\u00e1tico?<\/strong><\/p>\n<p style=\"text-align: justify;\">&#8211; Autom\u00e1tico, porque deber\u00edan dar a las mujeres, porque a la final yo estoy comprobando los hechos y lo que est\u00e1 en el tribunal est\u00e1 comprobado que me debe y que se ha burlado de la misma justicia y tribunales, entonces si \u00e9l ahora no retira la plata para m\u00ed va a ser igual malo, porque uno viene con esperanza de sacar eso a sacar esa plata aunque sea poco pero ya todo me sirve para mis hijas.<\/p>\n<p style=\"text-align: justify;\">&#8211; <strong>\u00bfCu\u00e1ntas hijas son?<\/strong><\/p>\n<p style=\"text-align: justify;\">&#8211; Son tres.<\/p>\n<p style=\"text-align: justify;\">&#8211;<strong> \u00bfLas ha criado usted sola en el fondo?<\/strong><\/p>\n<p style=\"text-align: justify;\">&#8211; Si porque cuando \u00e9l se iba de la casa no volv\u00eda me dejaba sin plata y tampoco me depositaba, entonces lo pas\u00e9 muy mal yo.<\/p>\n<p style=\"text-align: justify;\">\n<p style=\"text-align: justify;\"><span style=\"color: #c81400;\"><strong>MUCHAS MUJERES<\/strong><\/span><\/p>\n<p style=\"text-align: justify;\">Importante se\u00f1alar que entre los d\u00edas martes, mi\u00e9rcoles y jueves, unas 300 mujeres hab\u00edan concurrido al Tribunal de Familia ubicado en calle Prat a consultar la forma de c\u00f3mo solicitar la retenci\u00f3n del 10% de la AFP para los deudores de pensi\u00f3n de alimento. Otro dato que se dio a conocer en el Senado es que el 84% de las pensiones alimenticias en Chile est\u00e1n impagas.<\/p>\n<p style=\"text-align: justify;\"><strong>\u00bfQu\u00e9 monto debe recibir?<\/strong>\u00a0Lo \u00fanico que dice la ley es el monto m\u00ednimo. \u00abPor ley, por un hijo el monto es el 40% del ingreso m\u00ednimo, es decir, 128.000 mensuales, pero la ley no habla de cifras habla s\u00f3lo de porcentajes. Si hay m\u00e1s de un hijo, ese porcentaje baja el 30% del ingreso m\u00ednimo por cada hijo, y nunca puede exceder el 50% del total de las rentas.<\/p>\n<figure id=\"attachment_101381\" aria-describedby=\"caption-attachment-101381\" style=\"width: 580px\" class=\"wp-caption alignnone\"><img data-recalc-dims=\"1\" loading=\"lazy\" decoding=\"async\" class=\"size-full wp-image-101381\" src=\"https:\/\/i0.wp.com\/eltrabajo.cl\/portal\/wp-content\/uploads\/2020\/08\/pension-con-retiro-afp.jpg?resize=580%2C359&#038;ssl=1\" alt=\"Poder Judicial dispuso a partir del martes una secci\u00f3n en l\u00ednea para que la ciudadan\u00eda pueda pedir  en forma simple y r\u00e1pida la retenci\u00f3n del 10% de los fondos de las AFP de aquellas personas que tienen deudas de pensiones alimenticias.\" width=\"580\" height=\"359\" srcset=\"https:\/\/i0.wp.com\/eltrabajo.cl\/portal\/wp-content\/uploads\/2020\/08\/pension-con-retiro-afp.jpg?w=580&amp;ssl=1 580w, https:\/\/i0.wp.com\/eltrabajo.cl\/portal\/wp-content\/uploads\/2020\/08\/pension-con-retiro-afp.jpg?resize=300%2C186&amp;ssl=1 300w, https:\/\/i0.wp.com\/eltrabajo.cl\/portal\/wp-content\/uploads\/2020\/08\/pension-con-retiro-afp.jpg?resize=200%2C124&amp;ssl=1 200w\" sizes=\"auto, (max-width: 580px) 100vw, 580px\" \/><figcaption id=\"caption-attachment-101381\" class=\"wp-caption-text\">Poder Judicial dispuso a partir del martes una secci\u00f3n en l\u00ednea para que la ciudadan\u00eda pueda pedir en forma simple y r\u00e1pida la retenci\u00f3n del 10% de los fondos de las AFP de aquellas personas que tienen deudas de pensiones alimenticias.<\/figcaption><\/figure>\n","protected":false},"excerpt":{"rendered":"<p>Por pensiones alimenticias impagas: Hasta el d\u00eda jueves 30 de julio, d\u00eda en que se pon\u00eda en marcha la ley del retiro del 10% de las AFP, se vio harta gente haciendo&#8230;<\/p>\n","protected":false},"author":482,"featured_media":101381,"comment_status":"closed","ping_status":"open","sticky":false,"template":"","format":"standard","meta":{"advanced_seo_description":"","jetpack_seo_html_title":"","jetpack_seo_noindex":false,"_jetpack_memberships_contains_paid_content":false,"footnotes":""},"categories":[15,105],"tags":[],"class_list":["post-101380","post","type-post","status-publish","format-standard","has-post-thumbnail","hentry","category-comunidad","category-covid-19"],"jetpack_featured_media_url":"https:\/\/i0.wp.com\/eltrabajo.cl\/portal\/wp-content\/uploads\/2020\/08\/pension-con-retiro-afp.jpg?fit=580%2C359&ssl=1","jetpack_sharing_enabled":true,"jetpack_likes_enabled":true,"jetpack-related-posts":[],"_links":{"self":[{"href":"https:\/\/eltrabajo.cl\/portal\/wp-json\/wp\/v2\/posts\/101380","targetHints":{"allow":["GET"]}}],"collection":[{"href":"https:\/\/eltrabajo.cl\/portal\/wp-json\/wp\/v2\/posts"}],"about":[{"href":"https:\/\/eltrabajo.cl\/portal\/wp-json\/wp\/v2\/types\/post"}],"author":[{"embeddable":true,"href":"https:\/\/eltrabajo.cl\/portal\/wp-json\/wp\/v2\/users\/482"}],"replies":[{"embeddable":true,"href":"https:\/\/eltrabajo.cl\/portal\/wp-json\/wp\/v2\/comments?post=101380"}],"version-history":[{"count":0,"href":"https:\/\/eltrabajo.cl\/portal\/wp-json\/wp\/v2\/posts\/101380\/revisions"}],"wp:featuredmedia":[{"embeddable":true,"href":"https:\/\/eltrabajo.cl\/portal\/wp-json\/wp\/v2\/media\/101381"}],"wp:attachment":[{"href":"https:\/\/eltrabajo.cl\/portal\/wp-json\/wp\/v2\/media?parent=101380"}],"wp:term":[{"taxonomy":"category","embeddable":true,"href":"https:\/\/eltrabajo.cl\/portal\/wp-json\/wp\/v2\/categories?post=101380"},{"taxonomy":"post_tag","embeddable":true,"href":"https:\/\/eltrabajo.cl\/portal\/wp-json\/wp\/v2\/tags?post=101380"}],"curies":[{"name":"wp","href":"https:\/\/api.w.org\/{rel}","templated":true}]}}