{"id":101383,"date":"2020-08-03T08:00:08","date_gmt":"2020-08-03T12:00:08","guid":{"rendered":"https:\/\/www.eltrabajo.cl\/portal\/?p=101383"},"modified":"2020-08-03T09:25:15","modified_gmt":"2020-08-03T13:25:15","slug":"vecinos-y-bomberos-rescatan-a-11-abuelitos-de-voraz-incendio-estructural","status":"publish","type":"post","link":"https:\/\/eltrabajo.cl\/portal\/vecinos-y-bomberos-rescatan-a-11-abuelitos-de-voraz-incendio-estructural\/","title":{"rendered":"Vecinos y Bomberos rescatan a 11 abuelitos de voraz incendio estructural"},"content":{"rendered":"<p style=\"text-align: justify;\"><span style=\"color: #c81400;\"><strong>Calle Abraham Ahumada con Artem\u00f3n Cifuentes:<\/strong><\/span><\/p>\n<p style=\"text-align: justify;\">Un incendio estructural de grandes dimensiones que afect\u00f3 tres casas de habitaci\u00f3n incluyendo un cit\u00e9 arrendado principalmente a extranjeros, ubicados en calle Abraham Ahumada con Artem\u00f3n Cifuentes, es el que se declar\u00f3 cerca de las 23:00 horas de este viernes. El fuego afect\u00f3 tambi\u00e9n un hogar de ancianos (Ed\u00e9n) en el que viven once adultos mayores, mismos que fueron evacuados r\u00e1pidamente por los vecinos y personal de Bomberos, as\u00ed como carabineros en el lugar.<\/p>\n<p style=\"text-align: justify;\">Tambi\u00e9n este voraz incendio afect\u00f3 a m\u00e1s de 20 arrendatarios del cit\u00e9, lugar en donde se originaron las llamas.<\/p>\n<p style=\"text-align: justify;\"><span style=\"color: #c81400;\"><strong>ABUELITOS A SALVO<\/strong><\/span><\/p>\n<p style=\"text-align: justify;\"><strong>Diario El Trabajo<\/strong> habl\u00f3 con el comandante de Bomberos de San Felipe <strong>Juan Carlos Herrera Lillo<\/strong>, quien nos report\u00f3 que \u00ab<em>la verdad que fue un incendio estructural de mucha complejidad un incendio declarado a la llegada de las primeras unidades, la verdad que se vivieron momentos muy complicados ya que la gente no comparti\u00f3 no trabaj\u00f3 con Bomberos incluso sufri\u00f3 agresiones a algunos bomberos, lo cierto del caso es que hicimos el mejor esfuerzo para evitar que las llamas se propagara y no afectara el asilo de ancianos se viera afectado, trabajaron en esta emergencia las siete Compa\u00f1\u00edas de Bomberos fueron 18 unidades bomberiles las que llegaron al lugar, una situaci\u00f3n muy compleja en primera instancia la verdad que logramos finalmente controlar el fuego (\u2026) lamentablemente se cay\u00f3 un bombero pero fue atendido por el Departamento M\u00e9dico de nuestra instituci\u00f3n<\/em>\u00bb, coment\u00f3 Herrera a <strong>Diario El Trabajo<\/strong>.<\/p>\n<p style=\"text-align: justify;\">La fuerza y rapidez con las que se aliment\u00f3 este incendio obedecieron tambi\u00e9n debido a que por el tipo de material del inmueble destinado al arriendo de piezas, se alimentara con gran voracidad con madera, ropa y enseres del hogar de los arrendatarios en el inmueble.<\/p>\n<p style=\"text-align: justify;\"><span style=\"color: #c81400;\"><strong>BOMBEROS AGREDIDOS<\/strong><\/span><\/p>\n<p style=\"text-align: justify;\">Seg\u00fan se\u00f1al\u00f3 Herrera, luego de varias horas de labor bomberil las llamas fueron al fin controladas, alert\u00f3 sobre personas que llegaron el lugar aparentemente para ayudar, sin embargo en algunos momentos atacaron con pu\u00f1os y patadas a los uniformados, \u00ab<em>no sabemos de d\u00f3nde eran estas personas que supuestamente hab\u00edan llegado a cooperar, pero empezaron a tirarle pu\u00f1etazos y patadas a algunos bomberos, por lo que en un momento pens\u00e9 en retirar las unidades del lugar. La verdad es que en esta ocasi\u00f3n no tuvimos la colaboraci\u00f3n de vecinos como en otras emergencias. En esta ocasi\u00f3n vivimos momentos muy complicados, adem\u00e1s, que hab\u00eda mucha gente en estado de ebriedad<\/em>\u00bb.<\/p>\n<p style=\"text-align: justify;\"><span style=\"color: #c81400;\"><strong>CORAZ\u00d3N GIGANTE<\/strong><\/span><\/p>\n<p style=\"text-align: justify;\">Varios vecinos tambi\u00e9n facilitaron sin dudarlo, sus viviendas para que los abuelitos fueran ingresados y permitir as\u00ed que los bomberos hicieran su trabajo, <strong>Diario El Trabajo <\/strong>tambi\u00e9n habl\u00f3 con una de estas vecinas, <strong>Estela Puentes<\/strong>, quien alberg\u00f3 a varios abuelitos mientras llegaban sus familiares por ellos, \u00ab<em>cuando sal\u00ed de mi casa me asust\u00e9 porque hab\u00edan muchas llamas, estaban las ni\u00f1as sacando a\u00a0 los abuelitos del Hogar y los pon\u00edan en el suelo, no dud\u00e9 en abrir las puertas de mi casa para alojarlos con m\u00e1s seguridad, en total fueron once abuelitos los afectados, los familiares de ellos llegaron y se los llevaron para sus casas, a otro, la encargada del Hogar se lo llev\u00f3 para su casa pues no son de ac\u00e1, no los vi golpeados ni mojados, s\u00f3lo estaban asustados y un poco desabrigados, una dicha tambi\u00e9n que las ni\u00f1as del Hogar estaban en el lugar y coordinaron con las familias de los residentes para que vivieran a llevarlos a sus hogares<\/em>\u00bb, dijo la ejemplar vecina. Entre las p\u00e9rdidas se registra la muerte de tras gatos, mascotas de quienes arrendaban piezas en el cit\u00e9.<\/p>\n<p style=\"text-align: justify;\"><strong>Roberto Gonz\u00e1lez Short<br \/>\n<\/strong><strong>Victoria Saavedra T.<\/strong><\/p>\n<figure id=\"attachment_101391\" aria-describedby=\"caption-attachment-101391\" style=\"width: 580px\" class=\"wp-caption alignnone\"><img data-recalc-dims=\"1\" loading=\"lazy\" decoding=\"async\" class=\"size-full wp-image-101391\" src=\"https:\/\/i0.wp.com\/eltrabajo.cl\/portal\/wp-content\/uploads\/2020\/08\/Abuelitos6.jpg?resize=580%2C359&#038;ssl=1\" alt=\"GRANDE BOMBEROS.- Las c\u00e1maras de Diario El Trabajo estuvieron en la escena, una vez m\u00e1s los bomberos impidieron una tragedia mayor.\" width=\"580\" height=\"359\" srcset=\"https:\/\/i0.wp.com\/eltrabajo.cl\/portal\/wp-content\/uploads\/2020\/08\/Abuelitos6.jpg?w=580&amp;ssl=1 580w, https:\/\/i0.wp.com\/eltrabajo.cl\/portal\/wp-content\/uploads\/2020\/08\/Abuelitos6.jpg?resize=300%2C186&amp;ssl=1 300w, https:\/\/i0.wp.com\/eltrabajo.cl\/portal\/wp-content\/uploads\/2020\/08\/Abuelitos6.jpg?resize=200%2C124&amp;ssl=1 200w\" sizes=\"auto, (max-width: 580px) 100vw, 580px\" \/><figcaption id=\"caption-attachment-101391\" class=\"wp-caption-text\">GRANDE BOMBEROS.- Las c\u00e1maras de Diario El Trabajo estuvieron en la escena, una vez m\u00e1s los bomberos impidieron una tragedia mayor.<\/figcaption><\/figure>\n<figure id=\"attachment_101384\" aria-describedby=\"caption-attachment-101384\" style=\"width: 580px\" class=\"wp-caption alignnone\"><img data-recalc-dims=\"1\" loading=\"lazy\" decoding=\"async\" class=\"size-full wp-image-101384\" src=\"https:\/\/i0.wp.com\/eltrabajo.cl\/portal\/wp-content\/uploads\/2020\/08\/Abuelitios7.jpg?resize=580%2C359&#038;ssl=1\" alt=\"BOMBERO GOLPEADO.- Aqu\u00ed vemos el momento justo cuando el bombero que cay\u00f3 de gran altura, era trasladado por sus compa\u00f1eros a un lugar seguro para recibir atenci\u00f3n m\u00e9dica.\" width=\"580\" height=\"359\" srcset=\"https:\/\/i0.wp.com\/eltrabajo.cl\/portal\/wp-content\/uploads\/2020\/08\/Abuelitios7.jpg?w=580&amp;ssl=1 580w, https:\/\/i0.wp.com\/eltrabajo.cl\/portal\/wp-content\/uploads\/2020\/08\/Abuelitios7.jpg?resize=300%2C186&amp;ssl=1 300w, https:\/\/i0.wp.com\/eltrabajo.cl\/portal\/wp-content\/uploads\/2020\/08\/Abuelitios7.jpg?resize=200%2C124&amp;ssl=1 200w\" sizes=\"auto, (max-width: 580px) 100vw, 580px\" \/><figcaption id=\"caption-attachment-101384\" class=\"wp-caption-text\">BOMBERO GOLPEADO.- Aqu\u00ed vemos el momento justo cuando el bombero que cay\u00f3 de gran altura, era trasladado por sus compa\u00f1eros a un lugar seguro para recibir atenci\u00f3n m\u00e9dica.<\/figcaption><\/figure>\n<figure id=\"attachment_101387\" aria-describedby=\"caption-attachment-101387\" style=\"width: 580px\" class=\"wp-caption alignnone\"><img data-recalc-dims=\"1\" loading=\"lazy\" decoding=\"async\" class=\"size-full wp-image-101387\" src=\"https:\/\/i0.wp.com\/eltrabajo.cl\/portal\/wp-content\/uploads\/2020\/08\/Abuelitos1.jpg?resize=580%2C358&#038;ssl=1\" alt=\"SIGUEN LOS INCENDIOS.- Muchos da\u00f1os materiales dej\u00f3 el enorme incendio que afect\u00f3 un cit\u00e9 y otros inmuebles la noche de este viernes en las esquinas de calle Abraham Ahumada con Artem\u00f3n Cifuentes.\" width=\"580\" height=\"358\" srcset=\"https:\/\/i0.wp.com\/eltrabajo.cl\/portal\/wp-content\/uploads\/2020\/08\/Abuelitos1.jpg?w=580&amp;ssl=1 580w, https:\/\/i0.wp.com\/eltrabajo.cl\/portal\/wp-content\/uploads\/2020\/08\/Abuelitos1.jpg?resize=300%2C185&amp;ssl=1 300w, https:\/\/i0.wp.com\/eltrabajo.cl\/portal\/wp-content\/uploads\/2020\/08\/Abuelitos1.jpg?resize=200%2C123&amp;ssl=1 200w\" sizes=\"auto, (max-width: 580px) 100vw, 580px\" \/><figcaption id=\"caption-attachment-101387\" class=\"wp-caption-text\">SIGUEN LOS INCENDIOS.- Muchos da\u00f1os materiales dej\u00f3 el enorme incendio que afect\u00f3 un cit\u00e9 y otros inmuebles la noche de este viernes en las esquinas de calle Abraham Ahumada con Artem\u00f3n Cifuentes.<\/figcaption><\/figure>\n<figure id=\"attachment_101390\" aria-describedby=\"caption-attachment-101390\" style=\"width: 580px\" class=\"wp-caption alignnone\"><img data-recalc-dims=\"1\" loading=\"lazy\" decoding=\"async\" class=\"size-full wp-image-101390\" src=\"https:\/\/i0.wp.com\/eltrabajo.cl\/portal\/wp-content\/uploads\/2020\/08\/Abuelitos4.jpg?resize=580%2C360&#038;ssl=1\" alt=\"PELIGRO DE ALTURA.- Desde gran altura cay\u00f3 uno de los bomberos que acudieron a combatir el incendio, sus compa\u00f1eros continuaron su labor.\" width=\"580\" height=\"360\" srcset=\"https:\/\/i0.wp.com\/eltrabajo.cl\/portal\/wp-content\/uploads\/2020\/08\/Abuelitos4.jpg?w=580&amp;ssl=1 580w, https:\/\/i0.wp.com\/eltrabajo.cl\/portal\/wp-content\/uploads\/2020\/08\/Abuelitos4.jpg?resize=300%2C186&amp;ssl=1 300w, https:\/\/i0.wp.com\/eltrabajo.cl\/portal\/wp-content\/uploads\/2020\/08\/Abuelitos4.jpg?resize=200%2C124&amp;ssl=1 200w\" sizes=\"auto, (max-width: 580px) 100vw, 580px\" \/><figcaption id=\"caption-attachment-101390\" class=\"wp-caption-text\">PELIGRO DE ALTURA.- Desde gran altura cay\u00f3 uno de los bomberos que acudieron a combatir el incendio, sus compa\u00f1eros continuaron su labor.<\/figcaption><\/figure>\n<figure id=\"attachment_101392\" aria-describedby=\"caption-attachment-101392\" style=\"width: 580px\" class=\"wp-caption alignnone\"><img data-recalc-dims=\"1\" loading=\"lazy\" decoding=\"async\" class=\"size-full wp-image-101392\" src=\"https:\/\/i0.wp.com\/eltrabajo.cl\/portal\/wp-content\/uploads\/2020\/08\/Abuelitos8.jpg?resize=580%2C359&#038;ssl=1\" alt=\"TODOS CORRIENDO.- Un furg\u00f3n de reparto de gas protagoniz\u00f3 una colisi\u00f3n durante la emergencia con una unidad de Bomberos.\" width=\"580\" height=\"359\" srcset=\"https:\/\/i0.wp.com\/eltrabajo.cl\/portal\/wp-content\/uploads\/2020\/08\/Abuelitos8.jpg?w=580&amp;ssl=1 580w, https:\/\/i0.wp.com\/eltrabajo.cl\/portal\/wp-content\/uploads\/2020\/08\/Abuelitos8.jpg?resize=300%2C186&amp;ssl=1 300w, https:\/\/i0.wp.com\/eltrabajo.cl\/portal\/wp-content\/uploads\/2020\/08\/Abuelitos8.jpg?resize=200%2C124&amp;ssl=1 200w\" sizes=\"auto, (max-width: 580px) 100vw, 580px\" \/><figcaption id=\"caption-attachment-101392\" class=\"wp-caption-text\">TODOS CORRIENDO.- Un furg\u00f3n de reparto de gas protagoniz\u00f3 una colisi\u00f3n durante la emergencia con una unidad de Bomberos.<\/figcaption><\/figure>\n<figure id=\"attachment_101388\" aria-describedby=\"caption-attachment-101388\" style=\"width: 580px\" class=\"wp-caption alignnone\"><img data-recalc-dims=\"1\" loading=\"lazy\" decoding=\"async\" class=\"size-full wp-image-101388\" src=\"https:\/\/i0.wp.com\/eltrabajo.cl\/portal\/wp-content\/uploads\/2020\/08\/Abuelitos2.jpg?resize=580%2C830&#038;ssl=1\" alt=\"NO EST\u00c1N SOLOS.- Las c\u00e1maras de Diario El Trabajo registran los momentos cuando los adultos mayores eran trasladados a veh\u00edculos particulares.\" width=\"580\" height=\"830\" srcset=\"https:\/\/i0.wp.com\/eltrabajo.cl\/portal\/wp-content\/uploads\/2020\/08\/Abuelitos2.jpg?w=580&amp;ssl=1 580w, https:\/\/i0.wp.com\/eltrabajo.cl\/portal\/wp-content\/uploads\/2020\/08\/Abuelitos2.jpg?resize=210%2C300&amp;ssl=1 210w, https:\/\/i0.wp.com\/eltrabajo.cl\/portal\/wp-content\/uploads\/2020\/08\/Abuelitos2.jpg?resize=105%2C150&amp;ssl=1 105w\" sizes=\"auto, (max-width: 580px) 100vw, 580px\" \/><figcaption id=\"caption-attachment-101388\" class=\"wp-caption-text\">NO EST\u00c1N SOLOS.- Las c\u00e1maras de Diario El Trabajo registran los momentos cuando los adultos mayores eran trasladados a veh\u00edculos particulares.<\/figcaption><\/figure>\n<figure id=\"attachment_101389\" aria-describedby=\"caption-attachment-101389\" style=\"width: 579px\" class=\"wp-caption alignnone\"><img data-recalc-dims=\"1\" loading=\"lazy\" decoding=\"async\" class=\"size-full wp-image-101389\" src=\"https:\/\/i0.wp.com\/eltrabajo.cl\/portal\/wp-content\/uploads\/2020\/08\/Abuelitos3.jpg?resize=579%2C771&#038;ssl=1\" alt=\"SIEMPRE CARABINEROS.- Varias carabineras tambi\u00e9n hicieron su trabajo rescatando de la zona de peligro a varios abuelitos.\" width=\"579\" height=\"771\" srcset=\"https:\/\/i0.wp.com\/eltrabajo.cl\/portal\/wp-content\/uploads\/2020\/08\/Abuelitos3.jpg?w=579&amp;ssl=1 579w, https:\/\/i0.wp.com\/eltrabajo.cl\/portal\/wp-content\/uploads\/2020\/08\/Abuelitos3.jpg?resize=225%2C300&amp;ssl=1 225w, https:\/\/i0.wp.com\/eltrabajo.cl\/portal\/wp-content\/uploads\/2020\/08\/Abuelitos3.jpg?resize=113%2C150&amp;ssl=1 113w\" sizes=\"auto, (max-width: 579px) 100vw, 579px\" \/><figcaption id=\"caption-attachment-101389\" class=\"wp-caption-text\">SIEMPRE CARABINEROS.- Varias carabineras tambi\u00e9n hicieron su trabajo rescatando de la zona de peligro a varios abuelitos.<\/figcaption><\/figure>\n<figure id=\"attachment_101385\" aria-describedby=\"caption-attachment-101385\" style=\"width: 580px\" class=\"wp-caption alignnone\"><img data-recalc-dims=\"1\" loading=\"lazy\" decoding=\"async\" class=\"size-full wp-image-101385\" src=\"https:\/\/i0.wp.com\/eltrabajo.cl\/portal\/wp-content\/uploads\/2020\/08\/Abuelitos_Estela-Puentes.jpg?resize=580%2C360&#038;ssl=1\" alt=\"Estela Puentes, vecina que aloj\u00f3 en su casa a los abuelitos afectados.\" width=\"580\" height=\"360\" srcset=\"https:\/\/i0.wp.com\/eltrabajo.cl\/portal\/wp-content\/uploads\/2020\/08\/Abuelitos_Estela-Puentes.jpg?w=580&amp;ssl=1 580w, https:\/\/i0.wp.com\/eltrabajo.cl\/portal\/wp-content\/uploads\/2020\/08\/Abuelitos_Estela-Puentes.jpg?resize=300%2C186&amp;ssl=1 300w, https:\/\/i0.wp.com\/eltrabajo.cl\/portal\/wp-content\/uploads\/2020\/08\/Abuelitos_Estela-Puentes.jpg?resize=200%2C124&amp;ssl=1 200w\" sizes=\"auto, (max-width: 580px) 100vw, 580px\" \/><figcaption id=\"caption-attachment-101385\" class=\"wp-caption-text\">Estela Puentes, vecina que aloj\u00f3 en su casa a los abuelitos afectados.<\/figcaption><\/figure>\n<figure id=\"attachment_101386\" aria-describedby=\"caption-attachment-101386\" style=\"width: 580px\" class=\"wp-caption alignnone\"><img data-recalc-dims=\"1\" loading=\"lazy\" decoding=\"async\" class=\"size-full wp-image-101386\" src=\"https:\/\/i0.wp.com\/eltrabajo.cl\/portal\/wp-content\/uploads\/2020\/08\/Abuelitos_Juan-Carlos-Herrera-Lillo.jpg?resize=580%2C359&#038;ssl=1\" alt=\"Comandante de Bomberos de San Felipe Juan Carlos Herrera Lillo.\" width=\"580\" height=\"359\" srcset=\"https:\/\/i0.wp.com\/eltrabajo.cl\/portal\/wp-content\/uploads\/2020\/08\/Abuelitos_Juan-Carlos-Herrera-Lillo.jpg?w=580&amp;ssl=1 580w, https:\/\/i0.wp.com\/eltrabajo.cl\/portal\/wp-content\/uploads\/2020\/08\/Abuelitos_Juan-Carlos-Herrera-Lillo.jpg?resize=300%2C186&amp;ssl=1 300w, https:\/\/i0.wp.com\/eltrabajo.cl\/portal\/wp-content\/uploads\/2020\/08\/Abuelitos_Juan-Carlos-Herrera-Lillo.jpg?resize=200%2C124&amp;ssl=1 200w\" sizes=\"auto, (max-width: 580px) 100vw, 580px\" \/><figcaption id=\"caption-attachment-101386\" class=\"wp-caption-text\">Comandante de Bomberos de San Felipe Juan Carlos Herrera Lillo.<\/figcaption><\/figure>\n<p style=\"text-align: justify;\">\n","protected":false},"excerpt":{"rendered":"<p>Calle Abraham Ahumada con Artem\u00f3n Cifuentes: Un incendio estructural de grandes dimensiones que afect\u00f3 tres casas de habitaci\u00f3n incluyendo un cit\u00e9 arrendado principalmente a extranjeros, ubicados en calle Abraham Ahumada con Artem\u00f3n&#8230;<\/p>\n","protected":false},"author":482,"featured_media":101391,"comment_status":"closed","ping_status":"open","sticky":false,"template":"","format":"standard","meta":{"advanced_seo_description":"","jetpack_seo_html_title":"","jetpack_seo_noindex":false,"_jetpack_memberships_contains_paid_content":false,"footnotes":""},"categories":[21],"tags":[],"class_list":["post-101383","post","type-post","status-publish","format-standard","has-post-thumbnail","hentry","category-policial"],"jetpack_featured_media_url":"https:\/\/i0.wp.com\/eltrabajo.cl\/portal\/wp-content\/uploads\/2020\/08\/Abuelitos6.jpg?fit=580%2C359&ssl=1","jetpack_sharing_enabled":true,"jetpack_likes_enabled":true,"jetpack-related-posts":[],"_links":{"self":[{"href":"https:\/\/eltrabajo.cl\/portal\/wp-json\/wp\/v2\/posts\/101383","targetHints":{"allow":["GET"]}}],"collection":[{"href":"https:\/\/eltrabajo.cl\/portal\/wp-json\/wp\/v2\/posts"}],"about":[{"href":"https:\/\/eltrabajo.cl\/portal\/wp-json\/wp\/v2\/types\/post"}],"author":[{"embeddable":true,"href":"https:\/\/eltrabajo.cl\/portal\/wp-json\/wp\/v2\/users\/482"}],"replies":[{"embeddable":true,"href":"https:\/\/eltrabajo.cl\/portal\/wp-json\/wp\/v2\/comments?post=101383"}],"version-history":[{"count":0,"href":"https:\/\/eltrabajo.cl\/portal\/wp-json\/wp\/v2\/posts\/101383\/revisions"}],"wp:featuredmedia":[{"embeddable":true,"href":"https:\/\/eltrabajo.cl\/portal\/wp-json\/wp\/v2\/media\/101391"}],"wp:attachment":[{"href":"https:\/\/eltrabajo.cl\/portal\/wp-json\/wp\/v2\/media?parent=101383"}],"wp:term":[{"taxonomy":"category","embeddable":true,"href":"https:\/\/eltrabajo.cl\/portal\/wp-json\/wp\/v2\/categories?post=101383"},{"taxonomy":"post_tag","embeddable":true,"href":"https:\/\/eltrabajo.cl\/portal\/wp-json\/wp\/v2\/tags?post=101383"}],"curies":[{"name":"wp","href":"https:\/\/api.w.org\/{rel}","templated":true}]}}