{"id":101420,"date":"2020-08-03T21:04:37","date_gmt":"2020-08-04T01:04:37","guid":{"rendered":"https:\/\/www.eltrabajo.cl\/portal\/?p=101420"},"modified":"2020-08-03T21:11:13","modified_gmt":"2020-08-04T01:11:13","slug":"plantean-dudas-respecto-de-porcentajes-de-positividad-y-trazabilidad-covid-19","status":"publish","type":"post","link":"https:\/\/eltrabajo.cl\/portal\/plantean-dudas-respecto-de-porcentajes-de-positividad-y-trazabilidad-covid-19\/","title":{"rendered":"Plantean dudas respecto de porcentajes de positividad y trazabilidad Covid-19"},"content":{"rendered":"<p style=\"text-align: left;\"><span style=\"color: #c81400;\"><strong>Consejo Aconcagua del Colegio M\u00e9dico:<\/strong><\/span><\/p>\n<p style=\"text-align: justify;\">Sus dudas respecto a dos temas respecto al proceso de desconfinamiento que est\u00e1 viviendo la comuna de San Felipe frente a la pandemia, plante\u00f3 el Consejo Aconcagua del Colegio M\u00e9dico de Chile, a trav\u00e9s de su presidente, el doctor Patricio Cruz.<\/p>\n<p style=\"text-align: justify;\">El profesional se refiri\u00f3 por una parte, al porcentaje de positividad, se\u00f1alando que como Colegio M\u00e9dico no cuentan con el dato exacto de cu\u00e1l ha sido la positividad de los ex\u00e1menes PCR en la comuna de San Felipe espec\u00edficamente. Y por otro lado se refiri\u00f3 a las dudas que genera el tema de la trazabilidad.<\/p>\n<p style=\"text-align: justify;\">\u00ab<em>Nos informaron que se estaba cumpliendo m\u00e1s del 85% de la trazabilidad, y eso se entiende que, a las 48 horas est\u00e9 contactado el positivo y sus contactos cercanos. Cu\u00e1l es la duda que nos surge de eso, dos: que no creemos que la estrategia que se est\u00e9 usando sea la \u00f3ptima, porque se est\u00e1 haciendo el estudio de contacto y contando las 48 horas desde que el caso Covid positivo es informado con su PCR positiva, entonces qu\u00e9 significa eso, que un paciente que consult\u00f3 el d\u00eda lunes en la urgencia y le toman el PCR con todos los s\u00edntomas de Covid, y que cl\u00ednicamente es un Covid, no se le hace estudio de contacto hasta que llegue el informe del examen. Si pensamos que el examen se demora m\u00ednimo 24 horas y de ah\u00ed tenemos hasta 48 para el contacto, tenemos por lo menos una ventana de tres d\u00edas m\u00ednimo para que se haga el estudio de contacto, entonces creemos que ah\u00ed hay un problema\u00bb,<\/em> dijo el doctor <strong>Patricio Cruz<\/strong>.<\/p>\n<p style=\"text-align: justify;\">A ello agreg\u00f3 que otro de los problemas que han observado en el proceso es que las planillas con que trabaja la Seremi de Salud y los consultorios que est\u00e1n haciendo la trazabilidad, no se consigna cu\u00e1ntos contactos del caso positivo son los que se contactan.<\/p>\n<p style=\"text-align: justify;\">\u00ab<em>Es decir, si un Covid positivo tiene 10 contactos, en la planilla solamente se consigna que se ubic\u00f3 a un contacto, entonces no sabemos si efectivamente se est\u00e1 cumpliendo dentro del plazo, el contacto de los otros contactos del caso primario\u00bb,<\/em> plante\u00f3 el doctor Cruz.<\/p>\n<p style=\"text-align: justify;\">Y aunque relev\u00f3 el esfuerzo que se est\u00e1 haciendo desde la atenci\u00f3n primaria y la Seremi de Salud, insiti\u00f3 en las dificultades, tanto metodol\u00f3gicas como de personal para lograr una trazabilidad \u00f3ptima, y sostuvo que en este tema es necesario ser extremadamente rigurosos y estrictos, ya que el hecho de cumplir con la trazabilidad dentro de los par\u00e1metros que estableci\u00f3 el ministerio, aunque a su juicio no son los m\u00e1s estrictos, significar\u00eda tener pacientes que se puedan contagiar y lamentablemente morir.<\/p>\n<p style=\"text-align: justify;\">Adem\u00e1s el doctor Cruz hizo un llamado a los vecinos de la comuna de San Felipe, luego de haberse levantado la cuarentena durante la semana y frente a la salida masiva de vecinos al sector c\u00e9ntrico, a no salir de sus hogares si no es estrictamente necesario y a seguir cumpliendo las medidas sanitarias de distanciamiento social, lavado de manos, el uso de la mascarilla y evitar reuniones sociales.<\/p>\n<figure id=\"attachment_101421\" aria-describedby=\"caption-attachment-101421\" style=\"width: 580px\" class=\"wp-caption alignnone\"><img data-recalc-dims=\"1\" loading=\"lazy\" decoding=\"async\" class=\"size-full wp-image-101421\" src=\"https:\/\/i0.wp.com\/eltrabajo.cl\/portal\/wp-content\/uploads\/2020\/08\/Patricio-Cruz-pdte-Colmed-Aconcagua.jpg?resize=580%2C358&#038;ssl=1\" alt=\"Doctor Patricio Cruz, presidente del Consejo Aconcagua del Colegio M\u00e9dico de Chile.\" width=\"580\" height=\"358\" srcset=\"https:\/\/i0.wp.com\/eltrabajo.cl\/portal\/wp-content\/uploads\/2020\/08\/Patricio-Cruz-pdte-Colmed-Aconcagua.jpg?w=580&amp;ssl=1 580w, https:\/\/i0.wp.com\/eltrabajo.cl\/portal\/wp-content\/uploads\/2020\/08\/Patricio-Cruz-pdte-Colmed-Aconcagua.jpg?resize=300%2C185&amp;ssl=1 300w, https:\/\/i0.wp.com\/eltrabajo.cl\/portal\/wp-content\/uploads\/2020\/08\/Patricio-Cruz-pdte-Colmed-Aconcagua.jpg?resize=200%2C123&amp;ssl=1 200w\" sizes=\"auto, (max-width: 580px) 100vw, 580px\" \/><figcaption id=\"caption-attachment-101421\" class=\"wp-caption-text\">Doctor Patricio Cruz, presidente del Consejo Aconcagua del Colegio M\u00e9dico de Chile.<\/figcaption><\/figure>\n","protected":false},"excerpt":{"rendered":"<p>Consejo Aconcagua del Colegio M\u00e9dico: Sus dudas respecto a dos temas respecto al proceso de desconfinamiento que est\u00e1 viviendo la comuna de San Felipe frente a la pandemia, plante\u00f3 el Consejo Aconcagua&#8230;<\/p>\n","protected":false},"author":482,"featured_media":101421,"comment_status":"closed","ping_status":"open","sticky":false,"template":"","format":"standard","meta":{"advanced_seo_description":"","jetpack_seo_html_title":"","jetpack_seo_noindex":false,"_jetpack_memberships_contains_paid_content":false,"footnotes":""},"categories":[105,103],"tags":[],"class_list":["post-101420","post","type-post","status-publish","format-standard","has-post-thumbnail","hentry","category-covid-19","category-cronica-2"],"jetpack_featured_media_url":"https:\/\/i0.wp.com\/eltrabajo.cl\/portal\/wp-content\/uploads\/2020\/08\/Patricio-Cruz-pdte-Colmed-Aconcagua.jpg?fit=580%2C358&ssl=1","jetpack_sharing_enabled":true,"jetpack_likes_enabled":true,"jetpack-related-posts":[],"_links":{"self":[{"href":"https:\/\/eltrabajo.cl\/portal\/wp-json\/wp\/v2\/posts\/101420","targetHints":{"allow":["GET"]}}],"collection":[{"href":"https:\/\/eltrabajo.cl\/portal\/wp-json\/wp\/v2\/posts"}],"about":[{"href":"https:\/\/eltrabajo.cl\/portal\/wp-json\/wp\/v2\/types\/post"}],"author":[{"embeddable":true,"href":"https:\/\/eltrabajo.cl\/portal\/wp-json\/wp\/v2\/users\/482"}],"replies":[{"embeddable":true,"href":"https:\/\/eltrabajo.cl\/portal\/wp-json\/wp\/v2\/comments?post=101420"}],"version-history":[{"count":0,"href":"https:\/\/eltrabajo.cl\/portal\/wp-json\/wp\/v2\/posts\/101420\/revisions"}],"wp:featuredmedia":[{"embeddable":true,"href":"https:\/\/eltrabajo.cl\/portal\/wp-json\/wp\/v2\/media\/101421"}],"wp:attachment":[{"href":"https:\/\/eltrabajo.cl\/portal\/wp-json\/wp\/v2\/media?parent=101420"}],"wp:term":[{"taxonomy":"category","embeddable":true,"href":"https:\/\/eltrabajo.cl\/portal\/wp-json\/wp\/v2\/categories?post=101420"},{"taxonomy":"post_tag","embeddable":true,"href":"https:\/\/eltrabajo.cl\/portal\/wp-json\/wp\/v2\/tags?post=101420"}],"curies":[{"name":"wp","href":"https:\/\/api.w.org\/{rel}","templated":true}]}}