{"id":101423,"date":"2020-08-03T21:08:26","date_gmt":"2020-08-04T01:08:26","guid":{"rendered":"https:\/\/www.eltrabajo.cl\/portal\/?p=101423"},"modified":"2020-08-03T21:08:26","modified_gmt":"2020-08-04T01:08:26","slug":"gala-de-aniversario-280-de-san-felipe-se-realizo-este-lunes-en-salon-de-honor","status":"publish","type":"post","link":"https:\/\/eltrabajo.cl\/portal\/gala-de-aniversario-280-de-san-felipe-se-realizo-este-lunes-en-salon-de-honor\/","title":{"rendered":"Gala de Aniversario 280 de San Felipe se realiz\u00f3 este lunes en Sal\u00f3n de Honor"},"content":{"rendered":"<p style=\"text-align: left;\"><span style=\"color: #c81400;\"><strong>Estrictas medidas sanitarias y protocolo Fase 2:<\/strong><\/span><\/p>\n<p style=\"text-align: justify;\">Con gran solemnidad y guardando estrictas medidas sanitarias, uso de mascarillas y el distanciamiento requerido de acuerdo al Protocolo Fase 2 en el que nos encontramos, en ese marco social se desarroll\u00f3 la ma\u00f1ana y tarde de este lunes en el Sal\u00f3n de Honor, la tradicional entrega de Distinciones 2020 en conmemoraci\u00f3n del 280\u00ba Aniversario de nuestra <em>Tres Veces Heroica Ciudad de San Felipe<\/em>.<\/p>\n<p style=\"text-align: justify;\">En esta oportunidad todos los concejales: <strong>Patricia Boffa<\/strong>, <strong>Christian Beals<\/strong>, <strong>Mario Villanueva<\/strong>, <strong>Dante Rodr\u00edguez<\/strong>, <strong>Juan Carlos Sabaj<\/strong> e <strong>Igor Carrasco<\/strong>, con <strong>Patricio Freire<\/strong> a la cabeza como jefe comunal, estuvieron a cargo de todo el acto protocolar de la jornada. Uno por uno fueron llegando los galardonados que entre aplausos y elogios recibieron su Distinci\u00f3n. Acompa\u00f1aron al Concejo Municipal el gobernador <strong>Claudio Rodr\u00edguez<\/strong> y el diputado <strong>Luis Pardo<\/strong>.<\/p>\n<p style=\"text-align: justify;\">\u00ab<em>Ya son 280 a\u00f1os de vida de nuestra querida comuna de San Felipe y de manera distinta a lo tradicional, este a\u00f1o estamos entregando las distinciones a personas e instituciones de nuestra comuna. Estamos tambi\u00e9n contentos porque logramos realizar esta ceremonia con solemnidad y respetando todo el protocolo sanitario. Tambi\u00e9n hoy lunes (ayer) queremos hacer extensivo el saludo a todos los vecinos de nuestra comuna, un Saludo de Aniversario porque nuestra ciudad est\u00e1 de cumplea\u00f1os y todos con ella lo celebramos. Son muchos a\u00f1os de progreso, desarrollo y proyectos para nuestras poblaciones, eso significa pavimentos participativos, nuevas sedes comunitarias, Michimalongo a doble v\u00eda, alcantarillados en varias partes de nuestra comuna, eso debe seguir adelante y San Felipe por lo tanto no se puede detener<\/em>\u00bb, dijo el alcalde Patricio Freire a <strong>Diario El Trabajo<\/strong>.<\/p>\n<p style=\"text-align: justify;\"><strong>Roberto Gonz\u00e1lez Short<\/strong><\/p>\n<figure id=\"attachment_101424\" aria-describedby=\"caption-attachment-101424\" style=\"width: 580px\" class=\"wp-caption alignnone\"><img data-recalc-dims=\"1\" loading=\"lazy\" decoding=\"async\" class=\"size-full wp-image-101424\" src=\"https:\/\/i0.wp.com\/eltrabajo.cl\/portal\/wp-content\/uploads\/2020\/08\/Gala2.jpg?resize=580%2C359&#038;ssl=1\" alt=\"NUESTRA HIJA ILUSTRE.- Ema Garc\u00eda Iturrieta recibe emocionada la distinci\u00f3n que la instala en la historia de nuestra ciudad como Hija Ilustre de San Felipe. El Concejo orgulloso con la designaci\u00f3n.\" width=\"580\" height=\"359\" srcset=\"https:\/\/i0.wp.com\/eltrabajo.cl\/portal\/wp-content\/uploads\/2020\/08\/Gala2.jpg?w=580&amp;ssl=1 580w, https:\/\/i0.wp.com\/eltrabajo.cl\/portal\/wp-content\/uploads\/2020\/08\/Gala2.jpg?resize=300%2C186&amp;ssl=1 300w, https:\/\/i0.wp.com\/eltrabajo.cl\/portal\/wp-content\/uploads\/2020\/08\/Gala2.jpg?resize=200%2C124&amp;ssl=1 200w\" sizes=\"auto, (max-width: 580px) 100vw, 580px\" \/><figcaption id=\"caption-attachment-101424\" class=\"wp-caption-text\">NUESTRA HIJA ILUSTRE.- Ema Garc\u00eda Iturrieta recibe emocionada la distinci\u00f3n que la instala en la historia de nuestra ciudad como Hija Ilustre de San Felipe. El Concejo orgulloso con la designaci\u00f3n.<\/figcaption><\/figure>\n<figure id=\"attachment_101428\" aria-describedby=\"caption-attachment-101428\" style=\"width: 579px\" class=\"wp-caption alignnone\"><img data-recalc-dims=\"1\" loading=\"lazy\" decoding=\"async\" class=\"size-full wp-image-101428\" src=\"https:\/\/i0.wp.com\/eltrabajo.cl\/portal\/wp-content\/uploads\/2020\/08\/Gala1.jpg?resize=579%2C296&#038;ssl=1\" alt=\"ELLOS AL FRENTE.- Este es nuestro Concejo Municipal en Pleno: Patricia Boffa, Christian Beals, Mario Villanueva, Dante Rodr\u00edguez, Juan Carlos Sabaj e Igor Carrasco, con Patricio Freire a la cabeza como jefe comunal.\" width=\"579\" height=\"296\" srcset=\"https:\/\/i0.wp.com\/eltrabajo.cl\/portal\/wp-content\/uploads\/2020\/08\/Gala1.jpg?w=579&amp;ssl=1 579w, https:\/\/i0.wp.com\/eltrabajo.cl\/portal\/wp-content\/uploads\/2020\/08\/Gala1.jpg?resize=300%2C153&amp;ssl=1 300w, https:\/\/i0.wp.com\/eltrabajo.cl\/portal\/wp-content\/uploads\/2020\/08\/Gala1.jpg?resize=200%2C102&amp;ssl=1 200w\" sizes=\"auto, (max-width: 579px) 100vw, 579px\" \/><figcaption id=\"caption-attachment-101428\" class=\"wp-caption-text\">ELLOS AL FRENTE.- Este es nuestro Concejo Municipal en Pleno: Patricia Boffa, Christian Beals, Mario Villanueva, Dante Rodr\u00edguez, Juan Carlos Sabaj e Igor Carrasco, con Patricio Freire a la cabeza como jefe comunal.<\/figcaption><\/figure>\n<figure id=\"attachment_101425\" aria-describedby=\"caption-attachment-101425\" style=\"width: 579px\" class=\"wp-caption alignnone\"><img data-recalc-dims=\"1\" loading=\"lazy\" decoding=\"async\" class=\"size-full wp-image-101425\" src=\"https:\/\/i0.wp.com\/eltrabajo.cl\/portal\/wp-content\/uploads\/2020\/08\/Gaga_Marco-Alvarez.jpg?resize=579%2C700&#038;ssl=1\" alt=\"FUE HOMENAJEADO.- El Servidor P\u00fablico del A\u00f1o es Marco \u00c1lvarez, \u00e9l lider\u00f3 las sanitizaciones desarrolladas en nuestra comuna.\" width=\"579\" height=\"700\" srcset=\"https:\/\/i0.wp.com\/eltrabajo.cl\/portal\/wp-content\/uploads\/2020\/08\/Gaga_Marco-Alvarez.jpg?w=579&amp;ssl=1 579w, https:\/\/i0.wp.com\/eltrabajo.cl\/portal\/wp-content\/uploads\/2020\/08\/Gaga_Marco-Alvarez.jpg?resize=248%2C300&amp;ssl=1 248w, https:\/\/i0.wp.com\/eltrabajo.cl\/portal\/wp-content\/uploads\/2020\/08\/Gaga_Marco-Alvarez.jpg?resize=124%2C150&amp;ssl=1 124w\" sizes=\"auto, (max-width: 579px) 100vw, 579px\" \/><figcaption id=\"caption-attachment-101425\" class=\"wp-caption-text\">FUE HOMENAJEADO.- El Servidor P\u00fablico del A\u00f1o es Marco \u00c1lvarez, \u00e9l lider\u00f3 las sanitizaciones desarrolladas en nuestra comuna.<\/figcaption><\/figure>\n<figure id=\"attachment_101426\" aria-describedby=\"caption-attachment-101426\" style=\"width: 580px\" class=\"wp-caption alignnone\"><img data-recalc-dims=\"1\" loading=\"lazy\" decoding=\"async\" class=\"size-full wp-image-101426\" src=\"https:\/\/i0.wp.com\/eltrabajo.cl\/portal\/wp-content\/uploads\/2020\/08\/Gala_Alexi-Araneda.jpg?resize=580%2C700&#038;ssl=1\" alt=\"BIEN MERECIDO.- El Cabo 2\u00ba de Carabineros, Alexi Araneda, tambi\u00e9n fue distinguido por su trabajo comunitario en nuestra comuna.\" width=\"580\" height=\"700\" srcset=\"https:\/\/i0.wp.com\/eltrabajo.cl\/portal\/wp-content\/uploads\/2020\/08\/Gala_Alexi-Araneda.jpg?w=580&amp;ssl=1 580w, https:\/\/i0.wp.com\/eltrabajo.cl\/portal\/wp-content\/uploads\/2020\/08\/Gala_Alexi-Araneda.jpg?resize=249%2C300&amp;ssl=1 249w, https:\/\/i0.wp.com\/eltrabajo.cl\/portal\/wp-content\/uploads\/2020\/08\/Gala_Alexi-Araneda.jpg?resize=124%2C150&amp;ssl=1 124w\" sizes=\"auto, (max-width: 580px) 100vw, 580px\" \/><figcaption id=\"caption-attachment-101426\" class=\"wp-caption-text\">BIEN MERECIDO.- El Cabo 2\u00ba de Carabineros, Alexi Araneda, tambi\u00e9n fue distinguido por su trabajo comunitario en nuestra comuna.<\/figcaption><\/figure>\n<figure id=\"attachment_101427\" aria-describedby=\"caption-attachment-101427\" style=\"width: 579px\" class=\"wp-caption alignnone\"><img data-recalc-dims=\"1\" loading=\"lazy\" decoding=\"async\" class=\"size-full wp-image-101427\" src=\"https:\/\/i0.wp.com\/eltrabajo.cl\/portal\/wp-content\/uploads\/2020\/08\/Gala_Patricio-Freire.jpg?resize=579%2C600&#038;ssl=1\" alt=\"Patricio Freire Canto, alcalde de San Felipe.\" width=\"579\" height=\"600\" srcset=\"https:\/\/i0.wp.com\/eltrabajo.cl\/portal\/wp-content\/uploads\/2020\/08\/Gala_Patricio-Freire.jpg?w=579&amp;ssl=1 579w, https:\/\/i0.wp.com\/eltrabajo.cl\/portal\/wp-content\/uploads\/2020\/08\/Gala_Patricio-Freire.jpg?resize=290%2C300&amp;ssl=1 290w, https:\/\/i0.wp.com\/eltrabajo.cl\/portal\/wp-content\/uploads\/2020\/08\/Gala_Patricio-Freire.jpg?resize=145%2C150&amp;ssl=1 145w\" sizes=\"auto, (max-width: 579px) 100vw, 579px\" \/><figcaption id=\"caption-attachment-101427\" class=\"wp-caption-text\">Patricio Freire Canto, alcalde de San Felipe.<\/figcaption><\/figure>\n","protected":false},"excerpt":{"rendered":"<p>Estrictas medidas sanitarias y protocolo Fase 2: Con gran solemnidad y guardando estrictas medidas sanitarias, uso de mascarillas y el distanciamiento requerido de acuerdo al Protocolo Fase 2 en el que nos&#8230;<\/p>\n","protected":false},"author":482,"featured_media":101424,"comment_status":"closed","ping_status":"open","sticky":false,"template":"","format":"standard","meta":{"advanced_seo_description":"","jetpack_seo_html_title":"","jetpack_seo_noindex":false,"_jetpack_memberships_contains_paid_content":false,"footnotes":""},"categories":[103],"tags":[],"class_list":["post-101423","post","type-post","status-publish","format-standard","has-post-thumbnail","hentry","category-cronica-2"],"jetpack_featured_media_url":"https:\/\/i0.wp.com\/eltrabajo.cl\/portal\/wp-content\/uploads\/2020\/08\/Gala2.jpg?fit=580%2C359&ssl=1","jetpack_sharing_enabled":true,"jetpack_likes_enabled":true,"jetpack-related-posts":[],"_links":{"self":[{"href":"https:\/\/eltrabajo.cl\/portal\/wp-json\/wp\/v2\/posts\/101423","targetHints":{"allow":["GET"]}}],"collection":[{"href":"https:\/\/eltrabajo.cl\/portal\/wp-json\/wp\/v2\/posts"}],"about":[{"href":"https:\/\/eltrabajo.cl\/portal\/wp-json\/wp\/v2\/types\/post"}],"author":[{"embeddable":true,"href":"https:\/\/eltrabajo.cl\/portal\/wp-json\/wp\/v2\/users\/482"}],"replies":[{"embeddable":true,"href":"https:\/\/eltrabajo.cl\/portal\/wp-json\/wp\/v2\/comments?post=101423"}],"version-history":[{"count":0,"href":"https:\/\/eltrabajo.cl\/portal\/wp-json\/wp\/v2\/posts\/101423\/revisions"}],"wp:featuredmedia":[{"embeddable":true,"href":"https:\/\/eltrabajo.cl\/portal\/wp-json\/wp\/v2\/media\/101424"}],"wp:attachment":[{"href":"https:\/\/eltrabajo.cl\/portal\/wp-json\/wp\/v2\/media?parent=101423"}],"wp:term":[{"taxonomy":"category","embeddable":true,"href":"https:\/\/eltrabajo.cl\/portal\/wp-json\/wp\/v2\/categories?post=101423"},{"taxonomy":"post_tag","embeddable":true,"href":"https:\/\/eltrabajo.cl\/portal\/wp-json\/wp\/v2\/tags?post=101423"}],"curies":[{"name":"wp","href":"https:\/\/api.w.org\/{rel}","templated":true}]}}