{"id":101430,"date":"2020-08-03T21:11:53","date_gmt":"2020-08-04T01:11:53","guid":{"rendered":"https:\/\/www.eltrabajo.cl\/portal\/?p=101430"},"modified":"2020-08-03T21:11:53","modified_gmt":"2020-08-04T01:11:53","slug":"me-entere-que-tenia-coronavirus-el-mismo-dia-de-mi-parto","status":"publish","type":"post","link":"https:\/\/eltrabajo.cl\/portal\/me-entere-que-tenia-coronavirus-el-mismo-dia-de-mi-parto\/","title":{"rendered":"\u00abMe enter\u00e9 que ten\u00eda coronavirus el mismo d\u00eda de mi parto\u00bb"},"content":{"rendered":"<ul style=\"text-align: justify;\">\n<li><strong>Ruth Gonz\u00e1lez vive en San Felipe y pese al temor, tuvo un parto normal y pudo amamantar a su beb\u00e9 desde el primer d\u00eda.<\/strong><\/li>\n<\/ul>\n<p style=\"text-align: justify;\">Todos tenemos temor de contagiarnos de coronavirus, pero si a ese miedo le sumamos un embarazo de t\u00e9rmino, la situaci\u00f3n se complejiza al m\u00e1ximo. Justamente eso fue lo que vivi\u00f3 <strong>Ruth Gonz\u00e1lez<\/strong>, quien tras enterarse que estaba embarazada de su tercer hijo pens\u00f3 que todo ser\u00eda maravilloso, pero algo cambi\u00f3. M\u00e1s bien todo.<\/p>\n<p style=\"text-align: justify;\">Desde un inicio hubo miedo. Su primer diagn\u00f3stico fue catastr\u00f3fico: Placenta previa. Esto significaba que el embarazo no era viable. Luego le dijeron que su beb\u00e9 tendr\u00eda labio leporino. <em>\u00abGracias a Dios nada de eso se cumpli\u00f3. Tuve placenta previa, pero no afect\u00f3 el proceso y lo otro fue solo un susto\u00bb,<\/em> asegur\u00f3 la madre.<\/p>\n<p style=\"text-align: justify;\">Superados esos miedos, todo comenzaba a mejorar, pero lleg\u00f3 la pandemia, el encierro y nuevamente los temores. Sus dos hijas dejaron de ir al colegio, pero su marido debi\u00f3 seguir trabajando d\u00eda a d\u00eda hasta que se contagi\u00f3.<\/p>\n<p style=\"text-align: justify;\">\u00ab<em>Todo esto fue previo al parto, ya me acercaba a las 40 semanas y mi marido dio positivo. Junto a esto, una t\u00eda en Santiago falleci\u00f3 producto del Covid-19, as\u00ed que fue atroz. Finalmente me tom\u00e9 el examen y luego comenc\u00e9 con contracciones que me hicieron llamar a la ambulancia. Una vez en el Hospital me llega el\u00a0 valde de agua fr\u00eda de que estaba positiva y ese mismo d\u00eda tuve el parto\u00bb.<\/em><\/p>\n<p style=\"text-align: justify;\">La atribulada madre cuenta que pese a todo, el proceso sali\u00f3 bien. <em>\u00abFue un proceso m\u00e1s rapido al ser parto natural. Naci\u00f3 una hermosa beb\u00e9 gracias al apoyo de todos los funcionarios del San Camilo, ella estuvo a mi lado todo el momento, pude hacer el apego y tom\u00f3 pecho s\u00faper bien, hasta el d\u00eda de hoy que no hay caso que lo suelte\u00bb.<\/em><\/p>\n<p style=\"text-align: justify;\">Desde el Hospital San Camilo aseguran que este es un ejemplo de c\u00f3mo, pese a las complicaciones propias de esta pandemia, las madres pueden tener un parto normal y por sobre todo, practicar la lactancia materna exclusiva sin peligro para los beb\u00e9s.<\/p>\n<p style=\"text-align: justify;\">\u00ab<em>Justamente, ahora estamos celebrando la Semana Mundial de la Lactancia Materna, en donde el caso de Ruth se transforma en un excelente ejemplo para todas las madres de que no hay nada m\u00e1s favorable para los reci\u00e9n nacidos que amamantar, incluso si est\u00e1n contagiadas, pues al contrario de lo que se pueda pensar, la leche materna no transmite el virus y entrega todo lo necesario para fortalecer a los menores\u00bb,<\/em> aconsej\u00f3 <strong>Salom\u00e9 Poblete<\/strong>, matrona supervisora del Servicio de G\u00edneco-Obstetricia del Hospital, de acuerdo a lo recomendado por la OMS y OPS.<\/p>\n<p style=\"text-align: justify;\">Finalmente, Ruth aconseja a quienes puedan estar en su misma situaci\u00f3n: <em>\u00abNo tengan miedo de dar pechito a sus beb\u00e9s, porque eso los protege. Confien en Dios, porque el virus no se contagia por la leche. Yo les puedo decir que hasta el d\u00eda de hoy le doy de tomar pecho y ella ha estado muy bien, muy sana\u00bb. <\/em><\/p>\n<figure id=\"attachment_101431\" aria-describedby=\"caption-attachment-101431\" style=\"width: 580px\" class=\"wp-caption alignnone\"><img data-recalc-dims=\"1\" loading=\"lazy\" decoding=\"async\" class=\"size-full wp-image-101431\" src=\"https:\/\/i0.wp.com\/eltrabajo.cl\/portal\/wp-content\/uploads\/2020\/08\/ruth_gonzalez.jpg?resize=580%2C358&#038;ssl=1\" alt=\"Ruth Gonz\u00e1lez junto a su bebita. Pese a estar contagiada con el temible Covid-19, pudo tener un parto normal y amamantar a su hija desde el primer d\u00eda, sin riesgos para la peque\u00f1a. \" width=\"580\" height=\"358\" srcset=\"https:\/\/i0.wp.com\/eltrabajo.cl\/portal\/wp-content\/uploads\/2020\/08\/ruth_gonzalez.jpg?w=580&amp;ssl=1 580w, https:\/\/i0.wp.com\/eltrabajo.cl\/portal\/wp-content\/uploads\/2020\/08\/ruth_gonzalez.jpg?resize=300%2C185&amp;ssl=1 300w, https:\/\/i0.wp.com\/eltrabajo.cl\/portal\/wp-content\/uploads\/2020\/08\/ruth_gonzalez.jpg?resize=200%2C123&amp;ssl=1 200w\" sizes=\"auto, (max-width: 580px) 100vw, 580px\" \/><figcaption id=\"caption-attachment-101431\" class=\"wp-caption-text\">Ruth Gonz\u00e1lez junto a su bebita. Pese a estar contagiada con el temible Covid-19, pudo tener un parto normal y amamantar a su hija desde el primer d\u00eda, sin riesgos para la peque\u00f1a.<\/figcaption><\/figure>\n","protected":false},"excerpt":{"rendered":"<p>Ruth Gonz\u00e1lez vive en San Felipe y pese al temor, tuvo un parto normal y pudo amamantar a su beb\u00e9 desde el primer d\u00eda. Todos tenemos temor de contagiarnos de coronavirus, pero&#8230;<\/p>\n","protected":false},"author":482,"featured_media":101431,"comment_status":"closed","ping_status":"open","sticky":false,"template":"","format":"standard","meta":{"advanced_seo_description":"","jetpack_seo_html_title":"","jetpack_seo_noindex":false,"_jetpack_memberships_contains_paid_content":false,"footnotes":""},"categories":[15,105],"tags":[],"class_list":["post-101430","post","type-post","status-publish","format-standard","has-post-thumbnail","hentry","category-comunidad","category-covid-19"],"jetpack_featured_media_url":"https:\/\/i0.wp.com\/eltrabajo.cl\/portal\/wp-content\/uploads\/2020\/08\/ruth_gonzalez.jpg?fit=580%2C358&ssl=1","jetpack_sharing_enabled":true,"jetpack_likes_enabled":true,"jetpack-related-posts":[],"_links":{"self":[{"href":"https:\/\/eltrabajo.cl\/portal\/wp-json\/wp\/v2\/posts\/101430","targetHints":{"allow":["GET"]}}],"collection":[{"href":"https:\/\/eltrabajo.cl\/portal\/wp-json\/wp\/v2\/posts"}],"about":[{"href":"https:\/\/eltrabajo.cl\/portal\/wp-json\/wp\/v2\/types\/post"}],"author":[{"embeddable":true,"href":"https:\/\/eltrabajo.cl\/portal\/wp-json\/wp\/v2\/users\/482"}],"replies":[{"embeddable":true,"href":"https:\/\/eltrabajo.cl\/portal\/wp-json\/wp\/v2\/comments?post=101430"}],"version-history":[{"count":0,"href":"https:\/\/eltrabajo.cl\/portal\/wp-json\/wp\/v2\/posts\/101430\/revisions"}],"wp:featuredmedia":[{"embeddable":true,"href":"https:\/\/eltrabajo.cl\/portal\/wp-json\/wp\/v2\/media\/101431"}],"wp:attachment":[{"href":"https:\/\/eltrabajo.cl\/portal\/wp-json\/wp\/v2\/media?parent=101430"}],"wp:term":[{"taxonomy":"category","embeddable":true,"href":"https:\/\/eltrabajo.cl\/portal\/wp-json\/wp\/v2\/categories?post=101430"},{"taxonomy":"post_tag","embeddable":true,"href":"https:\/\/eltrabajo.cl\/portal\/wp-json\/wp\/v2\/tags?post=101430"}],"curies":[{"name":"wp","href":"https:\/\/api.w.org\/{rel}","templated":true}]}}