{"id":101440,"date":"2020-08-04T07:50:31","date_gmt":"2020-08-04T11:50:31","guid":{"rendered":"https:\/\/www.eltrabajo.cl\/portal\/?p=101440"},"modified":"2020-08-03T21:17:26","modified_gmt":"2020-08-04T01:17:26","slug":"reclaman-por-dispensador-de-petroleo-muy-cerca-de-sus-viviendas","status":"publish","type":"post","link":"https:\/\/eltrabajo.cl\/portal\/reclaman-por-dispensador-de-petroleo-muy-cerca-de-sus-viviendas\/","title":{"rendered":"Reclaman por dispensador de petr\u00f3leo muy cerca de sus viviendas"},"content":{"rendered":"<p style=\"text-align: justify;\">Son varios los vecinos de Villa Mediterr\u00e1neo, ubicada en calle Artem\u00f3n Cifuentes, quienes este lunes solicitaron a <strong>Diario El Trabajo<\/strong> dar a conocer su malestar por la existencia de un dispensador de diesel Copec instalado en los patios de la empresa Buses Ahumada, el que se encuentra ubicado a pocos metros de sus viviendas, lo que seg\u00fan ellos representa un claro peligro para el vecindario.<\/p>\n<p style=\"text-align: justify;\">Seg\u00fan los vecinos, este dispensador suministra diesel s\u00f3lo para los buses de dicha empresa, es menos inflamable que la bencina, pero de igual manera est\u00e1 a unos 30 metros de las viviendas, y de ah\u00ed su preocupaci\u00f3n. Aseguran que fueron las viviendas las que estaban primero, luego con los a\u00f1os instalaron el dispensador.<\/p>\n<p style=\"text-align: justify;\"><strong>Diario El Trabajo<\/strong> visit\u00f3 el plantel de Ahumada entrando por Avenida Chacabuco, de momento no llegan buses porque la empresa est\u00e1 sin su flota en funcionamiento. Solicitamos al encargado del patio alg\u00fan contacto o respuesta a los reclamos de los vecinos, pero se nos inform\u00f3 que nadie, ni en la parte administrativa de Ahumada est\u00e1n laborando.<\/p>\n<figure id=\"attachment_101441\" aria-describedby=\"caption-attachment-101441\" style=\"width: 580px\" class=\"wp-caption alignnone\"><img data-recalc-dims=\"1\" loading=\"lazy\" decoding=\"async\" class=\"size-full wp-image-101441\" src=\"https:\/\/i0.wp.com\/eltrabajo.cl\/portal\/wp-content\/uploads\/2020\/08\/Denuncia1.jpg?resize=580%2C360&#038;ssl=1\" alt=\"PIDEN INVESTIGACI\u00d3N.- Ellos son s\u00f3lo una parte de los vecinos de Villa Mediterr\u00e1neo, quienes denuncian la existencia de un dispensador de combustible a pocos metros de su villa.\" width=\"580\" height=\"360\" srcset=\"https:\/\/i0.wp.com\/eltrabajo.cl\/portal\/wp-content\/uploads\/2020\/08\/Denuncia1.jpg?w=580&amp;ssl=1 580w, https:\/\/i0.wp.com\/eltrabajo.cl\/portal\/wp-content\/uploads\/2020\/08\/Denuncia1.jpg?resize=300%2C186&amp;ssl=1 300w, https:\/\/i0.wp.com\/eltrabajo.cl\/portal\/wp-content\/uploads\/2020\/08\/Denuncia1.jpg?resize=200%2C124&amp;ssl=1 200w\" sizes=\"auto, (max-width: 580px) 100vw, 580px\" \/><figcaption id=\"caption-attachment-101441\" class=\"wp-caption-text\">PIDEN INVESTIGACI\u00d3N.- Ellos son s\u00f3lo una parte de los vecinos de Villa Mediterr\u00e1neo, quienes denuncian la existencia de un dispensador de combustible a pocos metros de su villa.<\/figcaption><\/figure>\n<figure id=\"attachment_101442\" aria-describedby=\"caption-attachment-101442\" style=\"width: 580px\" class=\"wp-caption alignnone\"><img data-recalc-dims=\"1\" loading=\"lazy\" decoding=\"async\" class=\"size-full wp-image-101442\" src=\"https:\/\/i0.wp.com\/eltrabajo.cl\/portal\/wp-content\/uploads\/2020\/08\/Denuncia2.jpg?resize=580%2C359&#038;ssl=1\" alt=\"SIN BUSES A LA VISTA.- Esta fotograf\u00eda fue tomada desde la ventana de una de las viviendas colindantes a este plantel de buses.\" width=\"580\" height=\"359\" srcset=\"https:\/\/i0.wp.com\/eltrabajo.cl\/portal\/wp-content\/uploads\/2020\/08\/Denuncia2.jpg?w=580&amp;ssl=1 580w, https:\/\/i0.wp.com\/eltrabajo.cl\/portal\/wp-content\/uploads\/2020\/08\/Denuncia2.jpg?resize=300%2C186&amp;ssl=1 300w, https:\/\/i0.wp.com\/eltrabajo.cl\/portal\/wp-content\/uploads\/2020\/08\/Denuncia2.jpg?resize=200%2C124&amp;ssl=1 200w\" sizes=\"auto, (max-width: 580px) 100vw, 580px\" \/><figcaption id=\"caption-attachment-101442\" class=\"wp-caption-text\">SIN BUSES A LA VISTA.- Esta fotograf\u00eda fue tomada desde la ventana de una de las viviendas colindantes a este plantel de buses.<\/figcaption><\/figure>\n","protected":false},"excerpt":{"rendered":"<p>Son varios los vecinos de Villa Mediterr\u00e1neo, ubicada en calle Artem\u00f3n Cifuentes, quienes este lunes solicitaron a Diario El Trabajo dar a conocer su malestar por la existencia de un dispensador de&#8230;<\/p>\n","protected":false},"author":482,"featured_media":101441,"comment_status":"closed","ping_status":"open","sticky":false,"template":"","format":"standard","meta":{"advanced_seo_description":"","jetpack_seo_html_title":"","jetpack_seo_noindex":false,"_jetpack_memberships_contains_paid_content":false,"footnotes":""},"categories":[15],"tags":[],"class_list":["post-101440","post","type-post","status-publish","format-standard","has-post-thumbnail","hentry","category-comunidad"],"jetpack_featured_media_url":"https:\/\/i0.wp.com\/eltrabajo.cl\/portal\/wp-content\/uploads\/2020\/08\/Denuncia1.jpg?fit=580%2C360&ssl=1","jetpack_sharing_enabled":true,"jetpack_likes_enabled":true,"jetpack-related-posts":[],"_links":{"self":[{"href":"https:\/\/eltrabajo.cl\/portal\/wp-json\/wp\/v2\/posts\/101440","targetHints":{"allow":["GET"]}}],"collection":[{"href":"https:\/\/eltrabajo.cl\/portal\/wp-json\/wp\/v2\/posts"}],"about":[{"href":"https:\/\/eltrabajo.cl\/portal\/wp-json\/wp\/v2\/types\/post"}],"author":[{"embeddable":true,"href":"https:\/\/eltrabajo.cl\/portal\/wp-json\/wp\/v2\/users\/482"}],"replies":[{"embeddable":true,"href":"https:\/\/eltrabajo.cl\/portal\/wp-json\/wp\/v2\/comments?post=101440"}],"version-history":[{"count":0,"href":"https:\/\/eltrabajo.cl\/portal\/wp-json\/wp\/v2\/posts\/101440\/revisions"}],"wp:featuredmedia":[{"embeddable":true,"href":"https:\/\/eltrabajo.cl\/portal\/wp-json\/wp\/v2\/media\/101441"}],"wp:attachment":[{"href":"https:\/\/eltrabajo.cl\/portal\/wp-json\/wp\/v2\/media?parent=101440"}],"wp:term":[{"taxonomy":"category","embeddable":true,"href":"https:\/\/eltrabajo.cl\/portal\/wp-json\/wp\/v2\/categories?post=101440"},{"taxonomy":"post_tag","embeddable":true,"href":"https:\/\/eltrabajo.cl\/portal\/wp-json\/wp\/v2\/tags?post=101440"}],"curies":[{"name":"wp","href":"https:\/\/api.w.org\/{rel}","templated":true}]}}