{"id":101444,"date":"2020-08-04T07:55:44","date_gmt":"2020-08-04T11:55:44","guid":{"rendered":"https:\/\/www.eltrabajo.cl\/portal\/?p=101444"},"modified":"2020-08-03T21:26:30","modified_gmt":"2020-08-04T01:26:30","slug":"bombero-y-su-familia-tambien-afectados-por-incendio-de-este-viernes","status":"publish","type":"post","link":"https:\/\/eltrabajo.cl\/portal\/bombero-y-su-familia-tambien-afectados-por-incendio-de-este-viernes\/","title":{"rendered":"Bombero y su familia tambi\u00e9n afectados por incendio de este viernes"},"content":{"rendered":"<p style=\"text-align: left;\"><span style=\"color: #c81400;\"><strong>Necesitan materiales para reparar habitaci\u00f3n de su beb\u00e9:<\/strong><\/span><\/p>\n<p style=\"text-align: justify;\">Luego que al menos unas 19 personas amanecieran este s\u00e1bado solo con lo puesto tras el incendio que destruy\u00f3 alrededor de diez cub\u00edculos habitacionales donde viv\u00edan en un mediano cit\u00e9 ubicado en calles Abraham Ahumada con Artem\u00f3n Cifuentes, hoy en <strong>Diario El Trabajo<\/strong> atendemos la solicitud de un vecino tambi\u00e9n afectado por este infernal episodio. Se trata de un voluntarios de la Tercera Compa\u00f1\u00eda de Bomberos de San Felipe, <strong>Rodrigo Tapia<\/strong>, quien casi pierde a su beb\u00e9 de apenas un a\u00f1o y tres meses de edad, quien en esta oportunidad tuvo que ver c\u00f3mo se quemaban las viviendas de sus vecinos y parte de la suya tambi\u00e9n.<\/p>\n<p style=\"text-align: justify;\"><span style=\"color: #c81400;\"><strong>BEB\u00c9 EN PELIGRO<\/strong><\/span><\/p>\n<p style=\"text-align: justify;\">Nuestro medio visit\u00f3 ayer la casa donde vive Rodrigo, donde pudimos ver c\u00f3mo el fuego destruy\u00f3 el cielo raso y los da\u00f1os ahora deben ser reparados. Logramos este lunes hablar con su esposa, <strong>Susan Bustamante<\/strong>, quien nos narr\u00f3 las angustias vividas.<\/p>\n<p style=\"text-align: justify;\">\u00ab<em>Fue una noche muy angustiante para todos nosotros en casa, pues mi esposo no pudo ocuparse de mi persona, de nuestro hijo <strong>Gabriel Esteban <\/strong>de un a\u00f1o y tres meses de edad. \u00c9l se enfrent\u00f3 junto a los dem\u00e1s compa\u00f1eros bomberos al incendio, mientras tanto logramos la familia rescatar a nuestro beb\u00e9 pues su habitaci\u00f3n ya estaba ardiendo tambi\u00e9n en llamas<\/em>\u00bb, dijo la joven madre a <strong>Diario El Trabajo<\/strong>.<\/p>\n<p style=\"text-align: justify;\">&#8211; <strong>\u00bfQu\u00e9 materiales necesitan para poder reparar la habitaci\u00f3n de tu guagua?<\/strong><\/p>\n<p style=\"text-align: justify;\">&#8211; Necesitamos material de construcci\u00f3n, cables para instalaci\u00f3n el\u00e9ctrica, madera, todo para destechar y techar una habitaci\u00f3n.<\/p>\n<p style=\"text-align: justify;\">&#8211; <strong>\u00bfSon muchas las deudas que tienen?<\/strong><\/p>\n<p style=\"text-align: justify;\">&#8211; Mi esposo trabaja, pero no puede con todo el arriendo, manutenci\u00f3n de otros dos hijos que tiene y esas cosas; ahora con este incendio se nos hace m\u00e1s dif\u00edcil. Quienes quieran contactarnos para ayudas, mi fono es: <strong>+56 9 5033 1218<\/strong> y el <strong>+56 9 6429 9163<\/strong>.<\/p>\n<p style=\"text-align: justify;\"><strong>Roberto Gonz\u00e1lez Short<\/strong><\/p>\n<figure id=\"attachment_101446\" aria-describedby=\"caption-attachment-101446\" style=\"width: 580px\" class=\"wp-caption alignnone\"><img data-recalc-dims=\"1\" loading=\"lazy\" decoding=\"async\" class=\"size-full wp-image-101446\" src=\"https:\/\/i0.wp.com\/eltrabajo.cl\/portal\/wp-content\/uploads\/2020\/08\/Bombero3.jpg?resize=580%2C359&#038;ssl=1\" alt=\"NECESITAN AYUDA.- As\u00ed qued\u00f3 la propiedad afectada por el fuego, todas las habitaciones reducidas a ceniza.\" width=\"580\" height=\"359\" srcset=\"https:\/\/i0.wp.com\/eltrabajo.cl\/portal\/wp-content\/uploads\/2020\/08\/Bombero3.jpg?w=580&amp;ssl=1 580w, https:\/\/i0.wp.com\/eltrabajo.cl\/portal\/wp-content\/uploads\/2020\/08\/Bombero3.jpg?resize=300%2C186&amp;ssl=1 300w, https:\/\/i0.wp.com\/eltrabajo.cl\/portal\/wp-content\/uploads\/2020\/08\/Bombero3.jpg?resize=200%2C124&amp;ssl=1 200w\" sizes=\"auto, (max-width: 580px) 100vw, 580px\" \/><figcaption id=\"caption-attachment-101446\" class=\"wp-caption-text\">NECESITAN AYUDA.- As\u00ed qued\u00f3 la propiedad afectada por el fuego, todas las habitaciones reducidas a ceniza.<\/figcaption><\/figure>\n<figure id=\"attachment_101445\" aria-describedby=\"caption-attachment-101445\" style=\"width: 580px\" class=\"wp-caption alignnone\"><img data-recalc-dims=\"1\" loading=\"lazy\" decoding=\"async\" class=\"size-full wp-image-101445\" src=\"https:\/\/i0.wp.com\/eltrabajo.cl\/portal\/wp-content\/uploads\/2020\/08\/Bombero2.jpg?resize=580%2C360&#038;ssl=1\" alt=\"P\u00c9RDIDAS TOTALES.- Los otros vecinos afectados sacaban escombros la ma\u00f1ana de este lunes en Abraham Ahumada, las p\u00e9rdidas son totales.\" width=\"580\" height=\"360\" srcset=\"https:\/\/i0.wp.com\/eltrabajo.cl\/portal\/wp-content\/uploads\/2020\/08\/Bombero2.jpg?w=580&amp;ssl=1 580w, https:\/\/i0.wp.com\/eltrabajo.cl\/portal\/wp-content\/uploads\/2020\/08\/Bombero2.jpg?resize=300%2C186&amp;ssl=1 300w, https:\/\/i0.wp.com\/eltrabajo.cl\/portal\/wp-content\/uploads\/2020\/08\/Bombero2.jpg?resize=200%2C124&amp;ssl=1 200w\" sizes=\"auto, (max-width: 580px) 100vw, 580px\" \/><figcaption id=\"caption-attachment-101445\" class=\"wp-caption-text\">P\u00c9RDIDAS TOTALES.- Los otros vecinos afectados sacaban escombros la ma\u00f1ana de este lunes en Abraham Ahumada, las p\u00e9rdidas son totales.<\/figcaption><\/figure>\n<figure id=\"attachment_101447\" aria-describedby=\"caption-attachment-101447\" style=\"width: 580px\" class=\"wp-caption alignnone\"><img data-recalc-dims=\"1\" loading=\"lazy\" decoding=\"async\" class=\"size-full wp-image-101447\" src=\"https:\/\/i0.wp.com\/eltrabajo.cl\/portal\/wp-content\/uploads\/2020\/08\/Bombero4.jpg?resize=580%2C360&#038;ssl=1\" alt=\"VECINOS CON TEMOR.- El incendio en cuesti\u00f3n, tal como lo muestra esta gr\u00e1fica, destruy\u00f3 todo a su paso, por poco cobra la vida de 11 abuelitos y un beb\u00e9.\" width=\"580\" height=\"360\" srcset=\"https:\/\/i0.wp.com\/eltrabajo.cl\/portal\/wp-content\/uploads\/2020\/08\/Bombero4.jpg?w=580&amp;ssl=1 580w, https:\/\/i0.wp.com\/eltrabajo.cl\/portal\/wp-content\/uploads\/2020\/08\/Bombero4.jpg?resize=300%2C186&amp;ssl=1 300w, https:\/\/i0.wp.com\/eltrabajo.cl\/portal\/wp-content\/uploads\/2020\/08\/Bombero4.jpg?resize=200%2C124&amp;ssl=1 200w\" sizes=\"auto, (max-width: 580px) 100vw, 580px\" \/><figcaption id=\"caption-attachment-101447\" class=\"wp-caption-text\">VECINOS CON TEMOR.- El incendio en cuesti\u00f3n, tal como lo muestra esta gr\u00e1fica, destruy\u00f3 todo a su paso, por poco cobra la vida de 11 abuelitos y un beb\u00e9.<\/figcaption><\/figure>\n<figure id=\"attachment_101450\" aria-describedby=\"caption-attachment-101450\" style=\"width: 579px\" class=\"wp-caption alignnone\"><img data-recalc-dims=\"1\" loading=\"lazy\" decoding=\"async\" class=\"size-full wp-image-101450\" src=\"https:\/\/i0.wp.com\/eltrabajo.cl\/portal\/wp-content\/uploads\/2020\/08\/Bombero_Susan-Bustamante.jpg?resize=579%2C600&#038;ssl=1\" alt=\"Susan Bustamante, madre del beb\u00e9, pareja del bombero.\" width=\"579\" height=\"600\" srcset=\"https:\/\/i0.wp.com\/eltrabajo.cl\/portal\/wp-content\/uploads\/2020\/08\/Bombero_Susan-Bustamante.jpg?w=579&amp;ssl=1 579w, https:\/\/i0.wp.com\/eltrabajo.cl\/portal\/wp-content\/uploads\/2020\/08\/Bombero_Susan-Bustamante.jpg?resize=290%2C300&amp;ssl=1 290w, https:\/\/i0.wp.com\/eltrabajo.cl\/portal\/wp-content\/uploads\/2020\/08\/Bombero_Susan-Bustamante.jpg?resize=145%2C150&amp;ssl=1 145w\" sizes=\"auto, (max-width: 579px) 100vw, 579px\" \/><figcaption id=\"caption-attachment-101450\" class=\"wp-caption-text\">Susan Bustamante, madre del beb\u00e9, pareja del bombero.<\/figcaption><\/figure>\n<figure id=\"attachment_101449\" aria-describedby=\"caption-attachment-101449\" style=\"width: 579px\" class=\"wp-caption alignnone\"><img data-recalc-dims=\"1\" loading=\"lazy\" decoding=\"async\" class=\"size-full wp-image-101449\" src=\"https:\/\/i0.wp.com\/eltrabajo.cl\/portal\/wp-content\/uploads\/2020\/08\/Bombero_Rodrigo-Tapia.jpg?resize=579%2C595&#038;ssl=1\" alt=\"Rodrigo Tapia es bombero de la Tercera Compa\u00f1\u00eda, y tambi\u00e9n v\u00edctima de este incendio.\" width=\"579\" height=\"595\" srcset=\"https:\/\/i0.wp.com\/eltrabajo.cl\/portal\/wp-content\/uploads\/2020\/08\/Bombero_Rodrigo-Tapia.jpg?w=579&amp;ssl=1 579w, https:\/\/i0.wp.com\/eltrabajo.cl\/portal\/wp-content\/uploads\/2020\/08\/Bombero_Rodrigo-Tapia.jpg?resize=292%2C300&amp;ssl=1 292w, https:\/\/i0.wp.com\/eltrabajo.cl\/portal\/wp-content\/uploads\/2020\/08\/Bombero_Rodrigo-Tapia.jpg?resize=146%2C150&amp;ssl=1 146w\" sizes=\"auto, (max-width: 579px) 100vw, 579px\" \/><figcaption id=\"caption-attachment-101449\" class=\"wp-caption-text\">Rodrigo Tapia es bombero de la Tercera Compa\u00f1\u00eda, y tambi\u00e9n v\u00edctima de este incendio.<\/figcaption><\/figure>\n<figure id=\"attachment_101451\" aria-describedby=\"caption-attachment-101451\" style=\"width: 580px\" class=\"wp-caption alignnone\"><img data-recalc-dims=\"1\" loading=\"lazy\" decoding=\"async\" class=\"size-full wp-image-101451\" src=\"https:\/\/i0.wp.com\/eltrabajo.cl\/portal\/wp-content\/uploads\/2020\/08\/Bombero1.jpg?resize=580%2C700&#038;ssl=1\" alt=\"SALVADO A TIEMPO.- La madre del ni\u00f1o, Susan Bustamante, nos muestra el cielo raso de la habitaci\u00f3n del peque\u00f1o Gabriel Tapia, de apenas un a\u00f1o y tres meses de edad. La habitaci\u00f3n qued\u00f3 destruida e inundada por el agua, hay que repararla por completo.\" width=\"580\" height=\"700\" srcset=\"https:\/\/i0.wp.com\/eltrabajo.cl\/portal\/wp-content\/uploads\/2020\/08\/Bombero1.jpg?w=580&amp;ssl=1 580w, https:\/\/i0.wp.com\/eltrabajo.cl\/portal\/wp-content\/uploads\/2020\/08\/Bombero1.jpg?resize=249%2C300&amp;ssl=1 249w, https:\/\/i0.wp.com\/eltrabajo.cl\/portal\/wp-content\/uploads\/2020\/08\/Bombero1.jpg?resize=124%2C150&amp;ssl=1 124w\" sizes=\"auto, (max-width: 580px) 100vw, 580px\" \/><figcaption id=\"caption-attachment-101451\" class=\"wp-caption-text\">SALVADO A TIEMPO.- La madre del ni\u00f1o, Susan Bustamante, nos muestra el cielo raso de la habitaci\u00f3n del peque\u00f1o Gabriel Tapia, de apenas un a\u00f1o y tres meses de edad. La habitaci\u00f3n qued\u00f3 destruida e inundada por el agua, hay que repararla por completo.<\/figcaption><\/figure>\n<figure id=\"attachment_101448\" aria-describedby=\"caption-attachment-101448\" style=\"width: 580px\" class=\"wp-caption alignnone\"><img data-recalc-dims=\"1\" loading=\"lazy\" decoding=\"async\" class=\"size-full wp-image-101448\" src=\"https:\/\/i0.wp.com\/eltrabajo.cl\/portal\/wp-content\/uploads\/2020\/08\/Bombero_Gabriel-Esteban.jpg?resize=580%2C597&#038;ssl=1\" alt=\"\u00c9l es nuestro amiguito Gabriel Esteban Tapia Bustamante, fue rescatado a tiempo de las llamas, pero se qued\u00f3 sin habitaci\u00f3n.\" width=\"580\" height=\"597\" srcset=\"https:\/\/i0.wp.com\/eltrabajo.cl\/portal\/wp-content\/uploads\/2020\/08\/Bombero_Gabriel-Esteban.jpg?w=580&amp;ssl=1 580w, https:\/\/i0.wp.com\/eltrabajo.cl\/portal\/wp-content\/uploads\/2020\/08\/Bombero_Gabriel-Esteban.jpg?resize=291%2C300&amp;ssl=1 291w, https:\/\/i0.wp.com\/eltrabajo.cl\/portal\/wp-content\/uploads\/2020\/08\/Bombero_Gabriel-Esteban.jpg?resize=146%2C150&amp;ssl=1 146w\" sizes=\"auto, (max-width: 580px) 100vw, 580px\" \/><figcaption id=\"caption-attachment-101448\" class=\"wp-caption-text\">\u00c9l es nuestro amiguito Gabriel Esteban Tapia Bustamante, fue rescatado a tiempo de las llamas, pero se qued\u00f3 sin habitaci\u00f3n.<\/figcaption><\/figure>\n","protected":false},"excerpt":{"rendered":"<p>Necesitan materiales para reparar habitaci\u00f3n de su beb\u00e9: Luego que al menos unas 19 personas amanecieran este s\u00e1bado solo con lo puesto tras el incendio que destruy\u00f3 alrededor de diez cub\u00edculos habitacionales&#8230;<\/p>\n","protected":false},"author":482,"featured_media":101445,"comment_status":"closed","ping_status":"open","sticky":false,"template":"","format":"standard","meta":{"advanced_seo_description":"","jetpack_seo_html_title":"","jetpack_seo_noindex":false,"_jetpack_memberships_contains_paid_content":false,"footnotes":""},"categories":[15],"tags":[],"class_list":["post-101444","post","type-post","status-publish","format-standard","has-post-thumbnail","hentry","category-comunidad"],"jetpack_featured_media_url":"https:\/\/i0.wp.com\/eltrabajo.cl\/portal\/wp-content\/uploads\/2020\/08\/Bombero2.jpg?fit=580%2C360&ssl=1","jetpack_sharing_enabled":true,"jetpack_likes_enabled":true,"jetpack-related-posts":[],"_links":{"self":[{"href":"https:\/\/eltrabajo.cl\/portal\/wp-json\/wp\/v2\/posts\/101444","targetHints":{"allow":["GET"]}}],"collection":[{"href":"https:\/\/eltrabajo.cl\/portal\/wp-json\/wp\/v2\/posts"}],"about":[{"href":"https:\/\/eltrabajo.cl\/portal\/wp-json\/wp\/v2\/types\/post"}],"author":[{"embeddable":true,"href":"https:\/\/eltrabajo.cl\/portal\/wp-json\/wp\/v2\/users\/482"}],"replies":[{"embeddable":true,"href":"https:\/\/eltrabajo.cl\/portal\/wp-json\/wp\/v2\/comments?post=101444"}],"version-history":[{"count":0,"href":"https:\/\/eltrabajo.cl\/portal\/wp-json\/wp\/v2\/posts\/101444\/revisions"}],"wp:featuredmedia":[{"embeddable":true,"href":"https:\/\/eltrabajo.cl\/portal\/wp-json\/wp\/v2\/media\/101445"}],"wp:attachment":[{"href":"https:\/\/eltrabajo.cl\/portal\/wp-json\/wp\/v2\/media?parent=101444"}],"wp:term":[{"taxonomy":"category","embeddable":true,"href":"https:\/\/eltrabajo.cl\/portal\/wp-json\/wp\/v2\/categories?post=101444"},{"taxonomy":"post_tag","embeddable":true,"href":"https:\/\/eltrabajo.cl\/portal\/wp-json\/wp\/v2\/tags?post=101444"}],"curies":[{"name":"wp","href":"https:\/\/api.w.org\/{rel}","templated":true}]}}