{"id":101476,"date":"2020-08-04T21:49:05","date_gmt":"2020-08-05T01:49:05","guid":{"rendered":"https:\/\/www.eltrabajo.cl\/portal\/?p=101476"},"modified":"2020-08-04T21:49:05","modified_gmt":"2020-08-05T01:49:05","slug":"municipio-habilitara-agendamiento-telefonico-para-esterilizar-a-500-mascotas","status":"publish","type":"post","link":"https:\/\/eltrabajo.cl\/portal\/municipio-habilitara-agendamiento-telefonico-para-esterilizar-a-500-mascotas\/","title":{"rendered":"Municipio habilitar\u00e1 agendamiento telef\u00f3nico para esterilizar a 500 mascotas"},"content":{"rendered":"<ul style=\"text-align: justify;\">\n<li><strong>Desde este jueves 6 de agosto comenzar\u00e1 el proceso de inscripci\u00f3n, iniciativa financiada por el Programa de Tenencia Responsable de Animales de Compa\u00f1\u00eda Mascota Protegida.<\/strong><\/li>\n<\/ul>\n<p style=\"text-align: justify;\">Un total de 500 esterilizaciones realizar\u00e1 el Programa de Tenencia Responsable de Mascotas de la Municipalidad de San Felipe. Este a\u00f1o, se habilitar\u00e1 un n\u00famero telef\u00f3nico para agendar las horas, el cual funcionar\u00e1 s\u00f3lo dos veces por semana y as\u00ed mantener las medidas de autocuidado para las personas que acudan a los procedimientos.<\/p>\n<p style=\"text-align: justify;\">El proyecto es financiado por el Programa de Tenencia Responsable de Animales de Compa\u00f1\u00eda Mascota Protegida de la Subsecretar\u00eda de Desarrollo Regional (Subdere), con un costo de 11 millones de pesos.<\/p>\n<p style=\"text-align: justify;\">La atenci\u00f3n al p\u00fablico ser\u00e1 por sistema de asignaci\u00f3n de hora, previamente agendada v\u00eda telef\u00f3nica, el que comenzar\u00e1 este jueves 6 de agosto.<\/p>\n<p style=\"text-align: justify;\">Adem\u00e1s, a las personas se les indicar\u00e1 las condiciones de protecci\u00f3n sanitaria para acudir al procedimiento en el Centro Veterinario Municipal, con la finalidad de evitar aglomeraciones y asegurar que se cumpla con las instrucciones de la Autoridad Sanitaria en el marco de la Fase 2 en la que se encuentra la comuna.<\/p>\n<p style=\"text-align: justify;\">El tel\u00e9fono para agendar las horas es <strong>+56 9 7822 6894<\/strong>, el cual atender\u00e1 los jueves y viernes, de 9 a 12 horas.<\/p>\n<p style=\"text-align: justify;\">La asistencia diaria ser\u00e1 considerada en un m\u00e1ximo de seis pacientes y las horas se dar\u00e1n con un tiempo de diferencia de 30 minutos.<\/p>\n<p style=\"text-align: justify;\">Los due\u00f1os responsables o tutores de mascotas tienen que ser mayores de 18 a\u00f1os, portar su C\u00e9dula de Identidad, quienes deber\u00e1n acudir llevando puesta su mascarilla, la cual debe cubrir en todo momento boca y nariz.<\/p>\n<p style=\"text-align: justify;\">Tambi\u00e9n tendr\u00e1n que seguir las instrucciones del personal y mantener una distancia no inferior a un metro de las otras personas. Adem\u00e1s, deber\u00e1n llevar su l\u00e1piz personal para firmar el consentimiento de la cirug\u00eda.<\/p>\n<p style=\"text-align: justify;\">El alcalde <strong>Patricio Freire<\/strong> destac\u00f3 la adjudicaci\u00f3n de estos recursos que permitir\u00e1 esterilizar a 500 mascotas, <em>\u00abcon lo cual evitaremos el abandono y la sobrepoblaci\u00f3n de animales en la comuna. Este es un programa gratuito y, por esa raz\u00f3n, invitamos a los vecinos a inscribirse para ser parte de esta iniciativa que se estar\u00e1 desarrollando durante estos meses en San Felipe\u00bb,<\/em> coment\u00f3.<\/p>\n<p style=\"text-align: justify;\">La directora de Protecci\u00f3n y Medio Ambiente, <strong>Jacqueline Aguilar<\/strong>, record\u00f3 que, junto con la esterilizaci\u00f3n, aquellas mascotas que no est\u00e9n inscritas ser\u00e1n registradas e ingresadas al sistema, lo que ser\u00e1 un elemento adicional dentro de este operativo.<\/p>\n<p style=\"text-align: justify;\">Finalmente, la encargada del Programa de Tenencia Responsable de Mascotas San Felipe, <strong>Mariana Bravo<\/strong>, explic\u00f3 que se esterilizar\u00e1n mascotas desde los cuatro meses, caninos como felinos hembras y machos.<\/p>\n<p style=\"text-align: justify;\">\u00ab<em>Todas las mascotas son evaluadas previamente por la cirujana veterinaria y los animales deben asistir en ayuno de agua y comida\u00bb,<\/em> a\u00f1adi\u00f3.<\/p>\n<figure id=\"attachment_101477\" aria-describedby=\"caption-attachment-101477\" style=\"width: 580px\" class=\"wp-caption alignnone\"><img data-recalc-dims=\"1\" loading=\"lazy\" decoding=\"async\" class=\"size-full wp-image-101477\" src=\"https:\/\/i0.wp.com\/eltrabajo.cl\/portal\/wp-content\/uploads\/2020\/08\/Lanzamiento-Mascota-Protegida.jpg?resize=580%2C360&#038;ssl=1\" alt=\"En el lanzamiento del programa, el alcalde Patricio Freire destac\u00f3 la adjudicaci\u00f3n de estos recursos que permitir\u00e1 esterilizar a 500 mascotas.\" width=\"580\" height=\"360\" srcset=\"https:\/\/i0.wp.com\/eltrabajo.cl\/portal\/wp-content\/uploads\/2020\/08\/Lanzamiento-Mascota-Protegida.jpg?w=580&amp;ssl=1 580w, https:\/\/i0.wp.com\/eltrabajo.cl\/portal\/wp-content\/uploads\/2020\/08\/Lanzamiento-Mascota-Protegida.jpg?resize=300%2C186&amp;ssl=1 300w, https:\/\/i0.wp.com\/eltrabajo.cl\/portal\/wp-content\/uploads\/2020\/08\/Lanzamiento-Mascota-Protegida.jpg?resize=200%2C124&amp;ssl=1 200w\" sizes=\"auto, (max-width: 580px) 100vw, 580px\" \/><figcaption id=\"caption-attachment-101477\" class=\"wp-caption-text\">En el lanzamiento del programa, el alcalde Patricio Freire destac\u00f3 la adjudicaci\u00f3n de estos recursos que permitir\u00e1 esterilizar a 500 mascotas.<\/figcaption><\/figure>\n","protected":false},"excerpt":{"rendered":"<p>Desde este jueves 6 de agosto comenzar\u00e1 el proceso de inscripci\u00f3n, iniciativa financiada por el Programa de Tenencia Responsable de Animales de Compa\u00f1\u00eda Mascota Protegida. Un total de 500 esterilizaciones realizar\u00e1 el&#8230;<\/p>\n","protected":false},"author":482,"featured_media":101477,"comment_status":"closed","ping_status":"open","sticky":false,"template":"","format":"standard","meta":{"advanced_seo_description":"","jetpack_seo_html_title":"","jetpack_seo_noindex":false,"_jetpack_memberships_contains_paid_content":false,"footnotes":""},"categories":[105,103],"tags":[],"class_list":["post-101476","post","type-post","status-publish","format-standard","has-post-thumbnail","hentry","category-covid-19","category-cronica-2"],"jetpack_featured_media_url":"https:\/\/i0.wp.com\/eltrabajo.cl\/portal\/wp-content\/uploads\/2020\/08\/Lanzamiento-Mascota-Protegida.jpg?fit=580%2C360&ssl=1","jetpack_sharing_enabled":true,"jetpack_likes_enabled":true,"jetpack-related-posts":[],"_links":{"self":[{"href":"https:\/\/eltrabajo.cl\/portal\/wp-json\/wp\/v2\/posts\/101476","targetHints":{"allow":["GET"]}}],"collection":[{"href":"https:\/\/eltrabajo.cl\/portal\/wp-json\/wp\/v2\/posts"}],"about":[{"href":"https:\/\/eltrabajo.cl\/portal\/wp-json\/wp\/v2\/types\/post"}],"author":[{"embeddable":true,"href":"https:\/\/eltrabajo.cl\/portal\/wp-json\/wp\/v2\/users\/482"}],"replies":[{"embeddable":true,"href":"https:\/\/eltrabajo.cl\/portal\/wp-json\/wp\/v2\/comments?post=101476"}],"version-history":[{"count":0,"href":"https:\/\/eltrabajo.cl\/portal\/wp-json\/wp\/v2\/posts\/101476\/revisions"}],"wp:featuredmedia":[{"embeddable":true,"href":"https:\/\/eltrabajo.cl\/portal\/wp-json\/wp\/v2\/media\/101477"}],"wp:attachment":[{"href":"https:\/\/eltrabajo.cl\/portal\/wp-json\/wp\/v2\/media?parent=101476"}],"wp:term":[{"taxonomy":"category","embeddable":true,"href":"https:\/\/eltrabajo.cl\/portal\/wp-json\/wp\/v2\/categories?post=101476"},{"taxonomy":"post_tag","embeddable":true,"href":"https:\/\/eltrabajo.cl\/portal\/wp-json\/wp\/v2\/tags?post=101476"}],"curies":[{"name":"wp","href":"https:\/\/api.w.org\/{rel}","templated":true}]}}