{"id":101479,"date":"2020-08-04T21:51:08","date_gmt":"2020-08-05T01:51:08","guid":{"rendered":"https:\/\/www.eltrabajo.cl\/portal\/?p=101479"},"modified":"2020-08-04T21:51:32","modified_gmt":"2020-08-05T01:51:32","slug":"padre-intento-ingresar-licor-para-su-hijo-preso-en-la-carcel-de-san-felipe","status":"publish","type":"post","link":"https:\/\/eltrabajo.cl\/portal\/padre-intento-ingresar-licor-para-su-hijo-preso-en-la-carcel-de-san-felipe\/","title":{"rendered":"Padre intent\u00f3 ingresar licor para su hijo preso en la c\u00e1rcel de San Felipe"},"content":{"rendered":"<ul style=\"text-align: justify;\">\n<li><strong>Gendarmes incautaron una botella que supuestamente conten\u00eda alcohol gel.<\/strong><\/li>\n<\/ul>\n<p style=\"text-align: justify;\">La tarde de este lunes lleg\u00f3 hasta\u00a0 el Centro de Cumplimiento Penitenciario (CCP) de San Felipe, un hombre de iniciales <strong>C.R.L.C.<\/strong> La persona se traslad\u00f3 hasta la unidad penal con la intenci\u00f3n de llevar una encomienda a su hijo, <strong>C.A.L.F.<\/strong>, quien se encuentra cumpliendo condena desde el a\u00f1o 2018.<\/p>\n<p style=\"text-align: justify;\">Entre los art\u00edculos que esperaba recibir el joven de 20 a\u00f1os de edad, se encontraba una botella de alcohol gel, la que finalmente fue decomisada por el personal de Gendarmer\u00eda encargado de la revisi\u00f3n de encomiendas, esto debido a que\u00a0 la botella en realidad conten\u00eda licor.<\/p>\n<p style=\"text-align: justify;\">El jefe del establecimiento penitenciario, mayor <strong>Brallan Silva<\/strong>, sostuvo que <em>\u00abalrededor de las 12:50 horas de la tarde, en momentos que se recepcionaba la encomienda, personal de servicio incaut\u00f3 una botella de pl\u00e1stico que supuestamente conten\u00eda alcohol gel. Al momento de ser revisada se evidenci\u00f3 que hab\u00eda sido adulterada y mezclada con alg\u00fan tipo de bebida et\u00edlica.<\/em><\/p>\n<p style=\"text-align: justify;\">\u00ab<em>Con este tipo de acciones el personal de servicio evita que ingresen bebidas alcoh\u00f3licas al interior, las que pueden generar grandes problemas y ri\u00f1as en el penal. Es por esto que quiero destacar la gran labor del personal, con lo cual se refuerzan las medidas de seguridad dispuestas con anterioridad\u00bb. <\/em><\/p>\n<p style=\"text-align: justify;\">El padre del interno fue sancionado con la prohibici\u00f3n de ingreso al CCP de San Felipe. Debido a que el hombre no incurri\u00f3 en un delito, fue innecesario dar aviso de este hecho al ministerio p\u00fablico.<\/p>\n<p style=\"text-align: justify;\">El director regional de Gendarmer\u00eda, coronel <strong>Manuel Palacios<\/strong>, destac\u00f3 que <em>\u00abdurante los \u00faltimos meses se ha logrado una importante cantidad de decomisos en distintas unidades penales de la regi\u00f3n, pero particularmente en las de San Felipe y Los Andes. El trabajo efectuado por los gendarmes de San Felipe es digno de destacar y lo es a\u00fan m\u00e1s cuando tomamos en cuenta que de lunes a viernes son cerca de 60 las personas que llegan hasta esta unidad penal\u00bb.<\/em><\/p>\n<p style=\"text-align: justify;\">Las visitas a los establecimientos penitenciarios de la regi\u00f3n y el pa\u00eds se mantienen suspendidas con motivo de la pandemia de Covid-19.<\/p>\n<figure id=\"attachment_101480\" aria-describedby=\"caption-attachment-101480\" style=\"width: 580px\" class=\"wp-caption alignnone\"><img data-recalc-dims=\"1\" loading=\"lazy\" decoding=\"async\" class=\"size-full wp-image-101480\" src=\"https:\/\/i0.wp.com\/eltrabajo.cl\/portal\/wp-content\/uploads\/2020\/08\/alcohol-carcel-san-felipe.jpg?resize=580%2C598&#038;ssl=1\" alt=\"Entre los art\u00edculos que esperaba recibir un reo de 20 a\u00f1os, se encontraba una botella de alcohol gel que fue decomisada por personal de Gendarmer\u00eda ya que la botella en realidad conten\u00eda licor.\" width=\"580\" height=\"598\" srcset=\"https:\/\/i0.wp.com\/eltrabajo.cl\/portal\/wp-content\/uploads\/2020\/08\/alcohol-carcel-san-felipe.jpg?w=580&amp;ssl=1 580w, https:\/\/i0.wp.com\/eltrabajo.cl\/portal\/wp-content\/uploads\/2020\/08\/alcohol-carcel-san-felipe.jpg?resize=291%2C300&amp;ssl=1 291w, https:\/\/i0.wp.com\/eltrabajo.cl\/portal\/wp-content\/uploads\/2020\/08\/alcohol-carcel-san-felipe.jpg?resize=145%2C150&amp;ssl=1 145w\" sizes=\"auto, (max-width: 580px) 100vw, 580px\" \/><figcaption id=\"caption-attachment-101480\" class=\"wp-caption-text\">Entre los art\u00edculos que esperaba recibir un reo de 20 a\u00f1os, se encontraba una botella de alcohol gel que fue decomisada por personal de Gendarmer\u00eda ya que la botella en realidad conten\u00eda licor.<\/figcaption><\/figure>\n","protected":false},"excerpt":{"rendered":"<p>Gendarmes incautaron una botella que supuestamente conten\u00eda alcohol gel. La tarde de este lunes lleg\u00f3 hasta\u00a0 el Centro de Cumplimiento Penitenciario (CCP) de San Felipe, un hombre de iniciales C.R.L.C. La persona&#8230;<\/p>\n","protected":false},"author":482,"featured_media":101481,"comment_status":"closed","ping_status":"open","sticky":false,"template":"","format":"standard","meta":{"advanced_seo_description":"","jetpack_seo_html_title":"","jetpack_seo_noindex":false,"_jetpack_memberships_contains_paid_content":false,"footnotes":""},"categories":[21],"tags":[],"class_list":["post-101479","post","type-post","status-publish","format-standard","has-post-thumbnail","hentry","category-policial"],"jetpack_featured_media_url":"https:\/\/i0.wp.com\/eltrabajo.cl\/portal\/wp-content\/uploads\/2020\/08\/alcohol-carcel-san-felipe1.jpg?fit=580%2C360&ssl=1","jetpack_sharing_enabled":true,"jetpack_likes_enabled":true,"jetpack-related-posts":[],"_links":{"self":[{"href":"https:\/\/eltrabajo.cl\/portal\/wp-json\/wp\/v2\/posts\/101479","targetHints":{"allow":["GET"]}}],"collection":[{"href":"https:\/\/eltrabajo.cl\/portal\/wp-json\/wp\/v2\/posts"}],"about":[{"href":"https:\/\/eltrabajo.cl\/portal\/wp-json\/wp\/v2\/types\/post"}],"author":[{"embeddable":true,"href":"https:\/\/eltrabajo.cl\/portal\/wp-json\/wp\/v2\/users\/482"}],"replies":[{"embeddable":true,"href":"https:\/\/eltrabajo.cl\/portal\/wp-json\/wp\/v2\/comments?post=101479"}],"version-history":[{"count":0,"href":"https:\/\/eltrabajo.cl\/portal\/wp-json\/wp\/v2\/posts\/101479\/revisions"}],"wp:featuredmedia":[{"embeddable":true,"href":"https:\/\/eltrabajo.cl\/portal\/wp-json\/wp\/v2\/media\/101481"}],"wp:attachment":[{"href":"https:\/\/eltrabajo.cl\/portal\/wp-json\/wp\/v2\/media?parent=101479"}],"wp:term":[{"taxonomy":"category","embeddable":true,"href":"https:\/\/eltrabajo.cl\/portal\/wp-json\/wp\/v2\/categories?post=101479"},{"taxonomy":"post_tag","embeddable":true,"href":"https:\/\/eltrabajo.cl\/portal\/wp-json\/wp\/v2\/tags?post=101479"}],"curies":[{"name":"wp","href":"https:\/\/api.w.org\/{rel}","templated":true}]}}