{"id":101484,"date":"2020-08-04T21:55:27","date_gmt":"2020-08-05T01:55:27","guid":{"rendered":"https:\/\/www.eltrabajo.cl\/portal\/?p=101484"},"modified":"2020-08-04T21:55:27","modified_gmt":"2020-08-05T01:55:27","slug":"el-susto-de-su-vida-vivio-pequena-nina-tras-ser-impactada-por-un-furgon","status":"publish","type":"post","link":"https:\/\/eltrabajo.cl\/portal\/el-susto-de-su-vida-vivio-pequena-nina-tras-ser-impactada-por-un-furgon\/","title":{"rendered":"El susto de su vida vivi\u00f3 peque\u00f1a ni\u00f1a tras ser impactada por un furg\u00f3n"},"content":{"rendered":"<p>Una ni\u00f1a vivi\u00f3 la tarde de este martes el susto de su vida, luego que un furg\u00f3n mediano casi la atropellara justo en la esquina de <strong>Diario El Trabajo<\/strong>, cuando el conductor del veh\u00edculo que iba por San Mart\u00edn cruz\u00f3 la calle Salinas, ocasionando que la peque\u00f1a que iba en bicicleta cayera al pavimento y se golpeara una pierna. Al lugar llegaron Carabineros y una unidad del SAMU. Por suerte, s\u00f3lo fue un golpe y un may\u00fasculo susto para sus padres que acompa\u00f1aban a la menor desde la vereda. (Foto Roberto Gonz\u00e1lez Short)<\/p>\n<p><img data-recalc-dims=\"1\" loading=\"lazy\" decoding=\"async\" class=\"alignnone size-full wp-image-101485\" src=\"https:\/\/i0.wp.com\/eltrabajo.cl\/portal\/wp-content\/uploads\/2020\/08\/susto1.jpg?resize=580%2C359&#038;ssl=1\" alt=\"\" width=\"580\" height=\"359\" srcset=\"https:\/\/i0.wp.com\/eltrabajo.cl\/portal\/wp-content\/uploads\/2020\/08\/susto1.jpg?w=580&amp;ssl=1 580w, https:\/\/i0.wp.com\/eltrabajo.cl\/portal\/wp-content\/uploads\/2020\/08\/susto1.jpg?resize=300%2C186&amp;ssl=1 300w, https:\/\/i0.wp.com\/eltrabajo.cl\/portal\/wp-content\/uploads\/2020\/08\/susto1.jpg?resize=200%2C124&amp;ssl=1 200w\" sizes=\"auto, (max-width: 580px) 100vw, 580px\" \/><\/p>\n","protected":false},"excerpt":{"rendered":"<p>Una ni\u00f1a vivi\u00f3 la tarde de este martes el susto de su vida, luego que un furg\u00f3n mediano casi la atropellara justo en la esquina de Diario El Trabajo, cuando el conductor&#8230;<\/p>\n","protected":false},"author":482,"featured_media":101485,"comment_status":"closed","ping_status":"open","sticky":false,"template":"","format":"standard","meta":{"advanced_seo_description":"","jetpack_seo_html_title":"","jetpack_seo_noindex":false,"_jetpack_memberships_contains_paid_content":false,"footnotes":""},"categories":[21],"tags":[],"class_list":["post-101484","post","type-post","status-publish","format-standard","has-post-thumbnail","hentry","category-policial"],"jetpack_featured_media_url":"https:\/\/i0.wp.com\/eltrabajo.cl\/portal\/wp-content\/uploads\/2020\/08\/susto1.jpg?fit=580%2C359&ssl=1","jetpack_sharing_enabled":true,"jetpack_likes_enabled":true,"jetpack-related-posts":[],"_links":{"self":[{"href":"https:\/\/eltrabajo.cl\/portal\/wp-json\/wp\/v2\/posts\/101484","targetHints":{"allow":["GET"]}}],"collection":[{"href":"https:\/\/eltrabajo.cl\/portal\/wp-json\/wp\/v2\/posts"}],"about":[{"href":"https:\/\/eltrabajo.cl\/portal\/wp-json\/wp\/v2\/types\/post"}],"author":[{"embeddable":true,"href":"https:\/\/eltrabajo.cl\/portal\/wp-json\/wp\/v2\/users\/482"}],"replies":[{"embeddable":true,"href":"https:\/\/eltrabajo.cl\/portal\/wp-json\/wp\/v2\/comments?post=101484"}],"version-history":[{"count":0,"href":"https:\/\/eltrabajo.cl\/portal\/wp-json\/wp\/v2\/posts\/101484\/revisions"}],"wp:featuredmedia":[{"embeddable":true,"href":"https:\/\/eltrabajo.cl\/portal\/wp-json\/wp\/v2\/media\/101485"}],"wp:attachment":[{"href":"https:\/\/eltrabajo.cl\/portal\/wp-json\/wp\/v2\/media?parent=101484"}],"wp:term":[{"taxonomy":"category","embeddable":true,"href":"https:\/\/eltrabajo.cl\/portal\/wp-json\/wp\/v2\/categories?post=101484"},{"taxonomy":"post_tag","embeddable":true,"href":"https:\/\/eltrabajo.cl\/portal\/wp-json\/wp\/v2\/tags?post=101484"}],"curies":[{"name":"wp","href":"https:\/\/api.w.org\/{rel}","templated":true}]}}