{"id":101487,"date":"2020-08-05T07:45:10","date_gmt":"2020-08-05T11:45:10","guid":{"rendered":"https:\/\/www.eltrabajo.cl\/portal\/?p=101487"},"modified":"2020-08-04T22:09:36","modified_gmt":"2020-08-05T02:09:36","slug":"juntan-firmas-para-pedir-al-municipio-los-autorice-a-funcionar-los-domingos","status":"publish","type":"post","link":"https:\/\/eltrabajo.cl\/portal\/juntan-firmas-para-pedir-al-municipio-los-autorice-a-funcionar-los-domingos\/","title":{"rendered":"Juntan firmas para pedir al municipio los autorice a funcionar los domingos"},"content":{"rendered":"<p style=\"text-align: left;\"><span style=\"color: #c81400;\"><strong>Chacareros de Feria Diego de Almagro:<\/strong><\/span><\/p>\n<p style=\"text-align: justify;\">Ayer un grupo de feriantes de Diego de Almagro instalaron unas mesas en la Plaza de Armas, espec\u00edficamente en Salinas con Prat, frente a la municipalidad, para reunir firmas y presentarlas al municipio para volver a funcionar los d\u00edas domingo.<\/p>\n<p style=\"text-align: justify;\"><strong>Jeannette Carrasco<\/strong>, una de las feriantes que se ha visto afectada con el cierre de la feria a causa de la pandemia por el coronavirus, se\u00f1al\u00f3 que han sido meses agobiantes los vividos \u00faltimamente, <em>\u00abporque estamos a la deriva simplemente esperando la respuesta del municipio, semana a semana esperando una repuesta. Igual estamos conscientes que producto de la pandemia y de la cuarentena ha costado un poco trabajar, pero tambi\u00e9n depende de la voluntad del alcalde, de la voluntad nuestra que estamos al cien. La ciudadan\u00eda est\u00e1 m\u00e1s consciente que tiene que cuidarse, que hay que usar mascarillas, entonces estamos con todas las ganas de empezar, de reabrir la feria. Son tres meses que no se ha podido trabajar, hay muchos que se han tenido que reinventar obviamente producto de esto, porque tienen que recibir ingresos, nosotros como locatarios no hemos recibido apoyo de la municipalidad en el sentido de mercader\u00eda directamente, espec\u00edficamente a los chacareros no\u00bb,<\/em> se\u00f1al\u00f3.<\/p>\n<p style=\"text-align: justify;\">Consultada por el recurso de protecci\u00f3n presentado en su momento por ellos contra la municipalidad para que nos los cambiaran de lugar, indic\u00f3 que <em>\u00ablamentablemente tuvimos que sacar plata de nuestros bolsillos para contratar un abogado y presentar un recurso ante la Corte. Bueno la municipalidad se defendi\u00f3 ante eso y todav\u00eda estamos esperando, esto tal vez se prolongue\u2026 no sabemos, pueden ser meses, pueden ser d\u00edas, no lo sabemos y nosotros ahora \u00a1ya! Necesitamos trabajar\u00bb.<\/em><\/p>\n<p style=\"text-align: justify;\">En cuanto a las medidas de seguridad que ofrecen para evitar posibles contagios, Jeannette Carrasco se\u00f1al\u00f3 que ellos est\u00e1n salvaguardando su lugar de trabajo; <em>\u00abnuestro metro cuadrado, los tres metros que corresponden, donde cada locatario se hace responsable de su espacio. Lo que corresponde a la parte aleda\u00f1a a la feria est\u00e1 Carabineros, militares, los inspectores municipales a los cuales nosotros hemos recurrido y les hemos pedido que nos ayuden en esa parte, porque a nosotros como ciudadanos no nos corresponde salvaguardar la parte de la calle\u00bb,<\/em> indic\u00f3.<\/p>\n<p style=\"text-align: justify;\">Enfatiz\u00f3 que la idea de esta recolecci\u00f3n de firmas es ejercer presi\u00f3n o concientizar a la autoridad para que los dejen funcionar, <em>\u00abporque el recurso a favor nuestro se va a tardar, pero con las firmas haciendo \u2018presi\u00f3n\u2019, para tratar que el alcalde nos reciba hoy (ayer) para poder trabajar si Dios quiere esta semana\u00bb,<\/em> indic\u00f3 Carrasco.<\/p>\n<p style=\"text-align: justify;\">Reconoci\u00f3 que el 50% de los feriantes son productores que han perdido su producci\u00f3n de este a\u00f1o, producto que no han podido trabajar en la feria. Porque si van a trabajar a otro lugar les cobran arriendo, entrada, en cambio en la feria <em>\u00abtodav\u00eda tenemos que pagar la patente, hay algunos que hemos tenido que reinventarnos, hacer otra cosa, trabajar de delivery, qu\u00e9 s\u00e9 yo, pero nuestro punto principal, nuestra fuente principal es la feria Diego de Almagro. Como le digo, muchos agricultores han perdido sus cosechas\u00bb,<\/em> indic\u00f3 Carrasco.<\/p>\n<p style=\"text-align: justify;\">&#8211; <strong>\u00bfTienen que pagar la patente?<\/strong><\/p>\n<p style=\"text-align: justify;\">&#8211; S\u00ed, tenemos que pagarla, ese es un punto muy importante porque el 31 de julio venci\u00f3 el pago de patentes comerciales.<\/p>\n<p style=\"text-align: justify;\">Consultada sobre alg\u00fan tipo de facilidades, dijo que ten\u00edan que presentar las solicitudes, <em>\u00abdonde nos ped\u00edan hasta el grupo sangu\u00edneo. Hay muchos que no cumpl\u00edan con eso porque para poder sacar documentos hay que pagarle a un contador, y no estamos en condiciones de seguir desembolsando de nuestros bolsillos porque no tenemos el dinero para hacer eso. Bueno, hay muchas personas que no llenaron la solicitud, no mandaron la solicitud, pero el alcalde no se ha pronunciado sobre eso en nada, ni siquiera una rebaja, un descuento o una pr\u00f3rroga para poder mitigar un poco el bolsillo de los chacareros\u00bb,<\/em> se\u00f1al\u00f3 Jeannette Carrasco, vocera del grupo de Chacareros.<\/p>\n<p style=\"text-align: justify;\">Otro de los chacareros presente en el lugar era <strong>Carlos Silva<\/strong>, quien indic\u00f3 que ha sido complicado porque <em>\u00ablamentablemente no hemos podido trabajar, y la vez que trabajamos lo hicimos bien, amplio total, todo bonito, todo grande, lamentablemente el se\u00f1or alcalde nos dej\u00f3 ah\u00ed; yo tengo m\u00e1s de cuarenta a\u00f1os de feriante con mi madre\u2026 mi madre tiene 91 a\u00f1os, yo trabaj\u00e9 al lado de la iglesia cuando se abri\u00f3 la feria 40 a\u00f1os, legal, as\u00ed es que imag\u00ednese. En este momento me he sentido mal porque por ejemplo tuve una jubilaci\u00f3n de 800 mil pesos y yo me la com\u00ed, no tengo ni un \u2018dentro\u2019; mand\u00e9 los papeles a la municipalidad, los doce IVA, a ver si me ayudan. En este momento abr\u00ed una segunda sucursal en El Almendral, ah\u00ed est\u00e1 mi hija que est\u00e1 sin trabajo, m\u00e1s mi esposa que tiene que mantenerse, y no s\u00e9 c\u00f3mo hacerlo, gracias a Dios despacito me he ido, pero necesito la de Diego de Almagro, la necesito porque realmente con mis compa\u00f1eros estamos complicados\u00bb,<\/em> se\u00f1al\u00f3.<\/p>\n<p style=\"text-align: justify;\">Importante se\u00f1alar que la feria Diego de Almagro lleva como dec\u00eda un cartel, 50 a\u00f1os funcionando en el lugar.<\/p>\n<p style=\"text-align: justify;\">\n<p style=\"text-align: justify;\"><span style=\"color: #c81400;\"><strong>JUSTICIA DEBE PRONUNCIARSE<\/strong><\/span><\/p>\n<p style=\"text-align: justify;\">El alcalde Patricio Freire Canto se reuni\u00f3 con representantes de la Feria Diego de Almagro, quienes solicitan la autorizaci\u00f3n del municipio para volver a funcionar, instancia que permiti\u00f3 abordar este planteamiento.<\/p>\n<p style=\"text-align: justify;\">Uno de los aspectos que aclar\u00f3 fue que, mientras los feriantes no retiren la demanda en contra de la corporaci\u00f3n, no se puede avanzar en dar una respuesta que les permita funcionar, esto porque dado que al encontrarse judicializado, es el tribunal el que debe pronunciarse sobre la materia.<\/p>\n<p style=\"text-align: justify;\">La propuesta es que desistan de esta acci\u00f3n judicial para que puedan volver a operar, con todas las medidas y protocolos sanitarios que correspondan para evitar contagios por Covid-19.<\/p>\n<p style=\"text-align: justify;\">El jefe comunal precis\u00f3 que existe plena conciencia que, en la medida que la comuna avance a la Fase 3 del Plan Nacional Paso a Paso, la Feria Diego de Almagro deber\u00e1 funcionar; eso s\u00ed, toda vez que cumpla con cada una de las medidas que asegure que no se transforme en un foco de propagaci\u00f3n del virus.<\/p>\n<p style=\"text-align: justify;\">\u00abQuiero que los feriantes entiendan que lo que buscamos es evitar un aumento explosivo de los casos, tenemos que transmitir seguridad a las vecinas y vecinos para poder lograr que la feria vuelva a operar los d\u00edas domingo\u00bb, coment\u00f3.<\/p>\n<p style=\"text-align: justify;\">Freire reiter\u00f3 que, una vez que se retire la demanda, se formar\u00e1 una mesa de trabajo que permita avanzar en los protocolos necesarios para que la Feria Diego de Almagro opere nuevamente.<\/p>\n<figure id=\"attachment_101491\" aria-describedby=\"caption-attachment-101491\" style=\"width: 580px\" class=\"wp-caption alignnone\"><img data-recalc-dims=\"1\" loading=\"lazy\" decoding=\"async\" class=\"size-full wp-image-101491\" src=\"https:\/\/i0.wp.com\/eltrabajo.cl\/portal\/wp-content\/uploads\/2020\/08\/feria-Firmas.jpg?resize=580%2C360&#038;ssl=1\" alt=\"Un transe\u00fante firmando en apoyo a los chacareros para que vuelva a funcionar la feria.\" width=\"580\" height=\"360\" srcset=\"https:\/\/i0.wp.com\/eltrabajo.cl\/portal\/wp-content\/uploads\/2020\/08\/feria-Firmas.jpg?w=580&amp;ssl=1 580w, https:\/\/i0.wp.com\/eltrabajo.cl\/portal\/wp-content\/uploads\/2020\/08\/feria-Firmas.jpg?resize=300%2C186&amp;ssl=1 300w, https:\/\/i0.wp.com\/eltrabajo.cl\/portal\/wp-content\/uploads\/2020\/08\/feria-Firmas.jpg?resize=200%2C124&amp;ssl=1 200w\" sizes=\"auto, (max-width: 580px) 100vw, 580px\" \/><figcaption id=\"caption-attachment-101491\" class=\"wp-caption-text\">Un transe\u00fante firmando en apoyo a los chacareros para que vuelva a funcionar la feria.<\/figcaption><\/figure>\n<figure id=\"attachment_101490\" aria-describedby=\"caption-attachment-101490\" style=\"width: 580px\" class=\"wp-caption alignnone\"><img data-recalc-dims=\"1\" loading=\"lazy\" decoding=\"async\" class=\"size-full wp-image-101490\" src=\"https:\/\/i0.wp.com\/eltrabajo.cl\/portal\/wp-content\/uploads\/2020\/08\/feria-Firmas-2.jpg?resize=580%2C360&#038;ssl=1\" alt=\"Varias mujeres tambi\u00e9n presentes en la firma de apoyo para que vuelva la feria.\" width=\"580\" height=\"360\" srcset=\"https:\/\/i0.wp.com\/eltrabajo.cl\/portal\/wp-content\/uploads\/2020\/08\/feria-Firmas-2.jpg?w=580&amp;ssl=1 580w, https:\/\/i0.wp.com\/eltrabajo.cl\/portal\/wp-content\/uploads\/2020\/08\/feria-Firmas-2.jpg?resize=300%2C186&amp;ssl=1 300w, https:\/\/i0.wp.com\/eltrabajo.cl\/portal\/wp-content\/uploads\/2020\/08\/feria-Firmas-2.jpg?resize=200%2C124&amp;ssl=1 200w\" sizes=\"auto, (max-width: 580px) 100vw, 580px\" \/><figcaption id=\"caption-attachment-101490\" class=\"wp-caption-text\">Varias mujeres tambi\u00e9n presentes en la firma de apoyo para que vuelva la feria.<\/figcaption><\/figure>\n<figure id=\"attachment_101489\" aria-describedby=\"caption-attachment-101489\" style=\"width: 580px\" class=\"wp-caption alignnone\"><img data-recalc-dims=\"1\" loading=\"lazy\" decoding=\"async\" class=\"size-full wp-image-101489\" src=\"https:\/\/i0.wp.com\/eltrabajo.cl\/portal\/wp-content\/uploads\/2020\/08\/feria-Feriantess.jpg?resize=580%2C360&#038;ssl=1\" alt=\"Los feriantes esperando el apoyo de la comunidad para volver a instalarse con sus puestos.\" width=\"580\" height=\"360\" srcset=\"https:\/\/i0.wp.com\/eltrabajo.cl\/portal\/wp-content\/uploads\/2020\/08\/feria-Feriantess.jpg?w=580&amp;ssl=1 580w, https:\/\/i0.wp.com\/eltrabajo.cl\/portal\/wp-content\/uploads\/2020\/08\/feria-Feriantess.jpg?resize=300%2C186&amp;ssl=1 300w, https:\/\/i0.wp.com\/eltrabajo.cl\/portal\/wp-content\/uploads\/2020\/08\/feria-Feriantess.jpg?resize=200%2C124&amp;ssl=1 200w\" sizes=\"auto, (max-width: 580px) 100vw, 580px\" \/><figcaption id=\"caption-attachment-101489\" class=\"wp-caption-text\">Los feriantes esperando el apoyo de la comunidad para volver a instalarse con sus puestos.<\/figcaption><\/figure>\n<figure id=\"attachment_101488\" aria-describedby=\"caption-attachment-101488\" style=\"width: 580px\" class=\"wp-caption alignnone\"><img data-recalc-dims=\"1\" loading=\"lazy\" decoding=\"async\" class=\"size-full wp-image-101488\" src=\"https:\/\/i0.wp.com\/eltrabajo.cl\/portal\/wp-content\/uploads\/2020\/08\/feria-Cartel.jpg?resize=580%2C360&#038;ssl=1\" alt=\"Ac\u00e1 una mujer sostiene el cartel donde dice 50 a\u00f1os de patrimonio.\" width=\"580\" height=\"360\" srcset=\"https:\/\/i0.wp.com\/eltrabajo.cl\/portal\/wp-content\/uploads\/2020\/08\/feria-Cartel.jpg?w=580&amp;ssl=1 580w, https:\/\/i0.wp.com\/eltrabajo.cl\/portal\/wp-content\/uploads\/2020\/08\/feria-Cartel.jpg?resize=300%2C186&amp;ssl=1 300w, https:\/\/i0.wp.com\/eltrabajo.cl\/portal\/wp-content\/uploads\/2020\/08\/feria-Cartel.jpg?resize=200%2C124&amp;ssl=1 200w\" sizes=\"auto, (max-width: 580px) 100vw, 580px\" \/><figcaption id=\"caption-attachment-101488\" class=\"wp-caption-text\">Ac\u00e1 una mujer sostiene el cartel donde dice 50 a\u00f1os de patrimonio.<\/figcaption><\/figure>\n<figure id=\"attachment_101492\" aria-describedby=\"caption-attachment-101492\" style=\"width: 579px\" class=\"wp-caption alignnone\"><img data-recalc-dims=\"1\" loading=\"lazy\" decoding=\"async\" class=\"size-full wp-image-101492\" src=\"https:\/\/i0.wp.com\/eltrabajo.cl\/portal\/wp-content\/uploads\/2020\/08\/feria-Patricio-Freire.jpg?resize=579%2C600&#038;ssl=1\" alt=\"Acalde Patricio Freire Canto.\" width=\"579\" height=\"600\" srcset=\"https:\/\/i0.wp.com\/eltrabajo.cl\/portal\/wp-content\/uploads\/2020\/08\/feria-Patricio-Freire.jpg?w=579&amp;ssl=1 579w, https:\/\/i0.wp.com\/eltrabajo.cl\/portal\/wp-content\/uploads\/2020\/08\/feria-Patricio-Freire.jpg?resize=290%2C300&amp;ssl=1 290w, https:\/\/i0.wp.com\/eltrabajo.cl\/portal\/wp-content\/uploads\/2020\/08\/feria-Patricio-Freire.jpg?resize=145%2C150&amp;ssl=1 145w\" sizes=\"auto, (max-width: 579px) 100vw, 579px\" \/><figcaption id=\"caption-attachment-101492\" class=\"wp-caption-text\">Acalde Patricio Freire Canto.<\/figcaption><\/figure>\n<p style=\"text-align: justify;\">\n","protected":false},"excerpt":{"rendered":"<p>Chacareros de Feria Diego de Almagro: Ayer un grupo de feriantes de Diego de Almagro instalaron unas mesas en la Plaza de Armas, espec\u00edficamente en Salinas con Prat, frente a la municipalidad,&#8230;<\/p>\n","protected":false},"author":482,"featured_media":101490,"comment_status":"closed","ping_status":"open","sticky":false,"template":"","format":"standard","meta":{"advanced_seo_description":"","jetpack_seo_html_title":"","jetpack_seo_noindex":false,"_jetpack_memberships_contains_paid_content":false,"footnotes":""},"categories":[15,105],"tags":[],"class_list":["post-101487","post","type-post","status-publish","format-standard","has-post-thumbnail","hentry","category-comunidad","category-covid-19"],"jetpack_featured_media_url":"https:\/\/i0.wp.com\/eltrabajo.cl\/portal\/wp-content\/uploads\/2020\/08\/feria-Firmas-2.jpg?fit=580%2C360&ssl=1","jetpack_sharing_enabled":true,"jetpack_likes_enabled":true,"jetpack-related-posts":[],"_links":{"self":[{"href":"https:\/\/eltrabajo.cl\/portal\/wp-json\/wp\/v2\/posts\/101487","targetHints":{"allow":["GET"]}}],"collection":[{"href":"https:\/\/eltrabajo.cl\/portal\/wp-json\/wp\/v2\/posts"}],"about":[{"href":"https:\/\/eltrabajo.cl\/portal\/wp-json\/wp\/v2\/types\/post"}],"author":[{"embeddable":true,"href":"https:\/\/eltrabajo.cl\/portal\/wp-json\/wp\/v2\/users\/482"}],"replies":[{"embeddable":true,"href":"https:\/\/eltrabajo.cl\/portal\/wp-json\/wp\/v2\/comments?post=101487"}],"version-history":[{"count":0,"href":"https:\/\/eltrabajo.cl\/portal\/wp-json\/wp\/v2\/posts\/101487\/revisions"}],"wp:featuredmedia":[{"embeddable":true,"href":"https:\/\/eltrabajo.cl\/portal\/wp-json\/wp\/v2\/media\/101490"}],"wp:attachment":[{"href":"https:\/\/eltrabajo.cl\/portal\/wp-json\/wp\/v2\/media?parent=101487"}],"wp:term":[{"taxonomy":"category","embeddable":true,"href":"https:\/\/eltrabajo.cl\/portal\/wp-json\/wp\/v2\/categories?post=101487"},{"taxonomy":"post_tag","embeddable":true,"href":"https:\/\/eltrabajo.cl\/portal\/wp-json\/wp\/v2\/tags?post=101487"}],"curies":[{"name":"wp","href":"https:\/\/api.w.org\/{rel}","templated":true}]}}