{"id":101494,"date":"2020-08-05T07:50:21","date_gmt":"2020-08-05T11:50:21","guid":{"rendered":"https:\/\/www.eltrabajo.cl\/portal\/?p=101494"},"modified":"2020-08-04T22:12:08","modified_gmt":"2020-08-05T02:12:08","slug":"jugador-de-trasandino-cuenta-como-viven-los-duros-dias-que-trajo-el-covid-19","status":"publish","type":"post","link":"https:\/\/eltrabajo.cl\/portal\/jugador-de-trasandino-cuenta-como-viven-los-duros-dias-que-trajo-el-covid-19\/","title":{"rendered":"Jugador de Trasandino cuenta c\u00f3mo viven los duros d\u00edas que trajo el Covid\u201319"},"content":{"rendered":"<p style=\"text-align: justify;\">A estas alturas ya es mucho lo que se ha hablado y escrito sobre el dif\u00edcil momento por el que atraviesan algunos clubes producto de la pandemia del Covid\u201319. Es indudable que los m\u00e1s afectados son los jugadores, m\u00e1s todav\u00eda si \u00e9stos son de clubes de la Tercera Divisi\u00f3n, la que a\u00fan ni siquiera tiene una fecha tentativa para el retorno.<\/p>\n<p style=\"text-align: justify;\">El plantel de Trasandino es uno de los que est\u00e1 sufriendo los embates de la prolongada detenci\u00f3n a ra\u00edz que sus integrantes no est\u00e1n recibiendo sueldos (en Tercera no existen los contratos), a lo que se agrega que deben entrenar gracias a gestiones propias o la buena disposici\u00f3n que ha mostrado el cuerpo t\u00e9cnico comandado por <strong>Miguel S\u00e1nchez<\/strong>.<\/p>\n<p style=\"text-align: justify;\"><strong>Diario El Trabajo<\/strong> quiso conocer c\u00f3mo los jugadores del <strong>\u2018C\u00f3ndor\u2019<\/strong> viven este momento, y para saberlo convers\u00f3 con <strong>Basti\u00e1n Lecaros<\/strong> (24), uno de los elementos que est\u00e1 llamado a ser importante una vez que regrese la acci\u00f3n a la serie mayor de la ANFA.<\/p>\n<p style=\"text-align: justify;\">&#8211; <strong>Basti\u00e1n, \u00bfc\u00f3mo ha sido todo este tiempo donde t\u00fa y tus compa\u00f1eros no han podido hacer lo que m\u00e1s les gusta?<\/strong><\/p>\n<p style=\"text-align: justify;\">&#8211; Han sido momentos muy dif\u00edciles y sumamente complicados porque a lo econ\u00f3mico se suma el d\u00eda a d\u00eda, donde no puedes compartir con tus compa\u00f1eros. Este ha sido un proceso muy duro de sobrellevar.<\/p>\n<p style=\"text-align: justify;\">&#8211; <strong>\u00bfTemes que esta larga detenci\u00f3n repercuta de manera negativa en tu estado f\u00edsico?<\/strong><\/p>\n<p style=\"text-align: justify;\">&#8211; Es evidente que costar\u00e1 al inicio, pero en lo personal creo no me pasar\u00e1 la cuenta porque he estado entrenando. Me he preocupado mucho y por lo mismo es que estoy trabajando en doble turno con un preparador f\u00edsico personalizado, as\u00ed que estoy muy enfocado en llegar muy bien al retorno.<\/p>\n<p style=\"text-align: justify;\">&#8211; <strong>\u00bfY la parte psicol\u00f3gica podr\u00eda ser factor?<\/strong><\/p>\n<p style=\"text-align: justify;\">&#8211; El tema mental es muy importante para el jugador. Nosotros partimos el a\u00f1o y recibimos nuestra primera ayuda econ\u00f3mica, y lleg\u00f3 la pandemia. Lamentablemente no llegamos a un acuerdo con los dirigentes en la parte econ\u00f3mica y no hemos vuelto a recibir nada hasta nuevo aviso. Esto ha sido muy complicado para todos en el plantel.<\/p>\n<p style=\"text-align: justify;\">&#8211; <strong>\u00bfTe hubiese gustado que la relaci\u00f3n con los dirigentes hubiera sido m\u00e1s cercana?<\/strong><\/p>\n<p style=\"text-align: justify;\">&#8211; En esto es muy importante el lazo que se forma entre los dirigentes y los jugadores. Hubiese sido muy importante haber recibido un apoyo porque permite alivianar el tema mental; hoy estamos sometidos a mucho stress, y si se llega a volver todo puede repercutir de manera negativa. Nosotros queremos volver y cuando lo hagamos lo haremos con todo.<\/p>\n<p style=\"text-align: justify;\">&#8211; <strong>\u00bfY con el cuerpo t\u00e9cnico hay comunicaci\u00f3n?<\/strong><\/p>\n<p style=\"text-align: justify;\">&#8211; Ellos se han portado un siete; siempre est\u00e1n preocupados por el bienestar de cada uno de nosotros. Eso demuestra que cuerpo t\u00e9cnico y jugadores estamos en la misma sinton\u00eda.<\/p>\n<p style=\"text-align: justify;\">&#8211; <strong>\u00bfTe da miedo que este a\u00f1o termine perdi\u00e9ndose, con todo lo que eso puede significar para algunos ya que esta serie tiene l\u00edmite de edad?<\/strong><\/p>\n<p style=\"text-align: justify;\">&#8211; Perder un a\u00f1o ser\u00eda catastr\u00f3fico. Yo, <strong>Jos\u00e9 Arancibia<\/strong>, <strong>Iv\u00e1n Pardo<\/strong> y <strong>Allan Chaparro<\/strong>, somos los cupos de este a\u00f1o. Espero que este a\u00f1o haya torneo.<\/p>\n<p style=\"text-align: justify;\">&#8211; <strong>Seguro ser\u00e1 un torneo corto por lo que no habr\u00e1 margen para el error. \u00bfTe presiona mucho saber eso?<\/strong><\/p>\n<p style=\"text-align: justify;\">&#8211; Seguro ser\u00e1 un torneo distinto a otros ya que con seguridad ser\u00e1 zonal. Es claro que no habr\u00e1 margen de error por lo que ser\u00e1 una obligaci\u00f3n ser muy fuertes de visita y casi invencibles de local.<\/p>\n<p style=\"text-align: justify;\">&#8211; <strong>\u00bfSabes de alguna probable fecha para el regreso?<\/strong><\/p>\n<p style=\"text-align: justify;\">&#8211; Todav\u00eda eso est\u00e1 en veremos, supe que la ANFA ha avanzado en algunos protocolos. Creo que nosotros dependemos mucho de lo que pase en el f\u00fatbol profesional, por lo que una vez que esos torneos se reinicien, reci\u00e9n ah\u00ed nosotros tendremos una oportunidad de volver. Ojala sea pronto.<\/p>\n<figure id=\"attachment_101495\" aria-describedby=\"caption-attachment-101495\" style=\"width: 580px\" class=\"wp-caption alignnone\"><img data-recalc-dims=\"1\" loading=\"lazy\" decoding=\"async\" class=\"size-full wp-image-101495\" src=\"https:\/\/i0.wp.com\/eltrabajo.cl\/portal\/wp-content\/uploads\/2020\/08\/bastian-lecaros2.jpg?resize=580%2C359&#038;ssl=1\" alt=\"El jugador est\u00e1 llamado a convertirse en uno de los hombres importantes en la escuadra andina.\" width=\"580\" height=\"359\" srcset=\"https:\/\/i0.wp.com\/eltrabajo.cl\/portal\/wp-content\/uploads\/2020\/08\/bastian-lecaros2.jpg?w=580&amp;ssl=1 580w, https:\/\/i0.wp.com\/eltrabajo.cl\/portal\/wp-content\/uploads\/2020\/08\/bastian-lecaros2.jpg?resize=300%2C186&amp;ssl=1 300w, https:\/\/i0.wp.com\/eltrabajo.cl\/portal\/wp-content\/uploads\/2020\/08\/bastian-lecaros2.jpg?resize=200%2C124&amp;ssl=1 200w\" sizes=\"auto, (max-width: 580px) 100vw, 580px\" \/><figcaption id=\"caption-attachment-101495\" class=\"wp-caption-text\">El jugador est\u00e1 llamado a convertirse en uno de los hombres importantes en la escuadra andina.<\/figcaption><\/figure>\n<figure id=\"attachment_101496\" aria-describedby=\"caption-attachment-101496\" style=\"width: 580px\" class=\"wp-caption alignnone\"><img data-recalc-dims=\"1\" loading=\"lazy\" decoding=\"async\" class=\"size-full wp-image-101496\" src=\"https:\/\/i0.wp.com\/eltrabajo.cl\/portal\/wp-content\/uploads\/2020\/08\/bastian_lecaros1.jpg?resize=580%2C359&#038;ssl=1\" alt=\"Basti\u00e1n Lecaros en uno de los encuentros de Trasandino durante la pretemporada \" width=\"580\" height=\"359\" srcset=\"https:\/\/i0.wp.com\/eltrabajo.cl\/portal\/wp-content\/uploads\/2020\/08\/bastian_lecaros1.jpg?w=580&amp;ssl=1 580w, https:\/\/i0.wp.com\/eltrabajo.cl\/portal\/wp-content\/uploads\/2020\/08\/bastian_lecaros1.jpg?resize=300%2C186&amp;ssl=1 300w, https:\/\/i0.wp.com\/eltrabajo.cl\/portal\/wp-content\/uploads\/2020\/08\/bastian_lecaros1.jpg?resize=200%2C124&amp;ssl=1 200w\" sizes=\"auto, (max-width: 580px) 100vw, 580px\" \/><figcaption id=\"caption-attachment-101496\" class=\"wp-caption-text\">Basti\u00e1n Lecaros en uno de los encuentros de Trasandino durante la pretemporada<\/figcaption><\/figure>\n","protected":false},"excerpt":{"rendered":"<p>A estas alturas ya es mucho lo que se ha hablado y escrito sobre el dif\u00edcil momento por el que atraviesan algunos clubes producto de la pandemia del Covid\u201319. Es indudable que&#8230;<\/p>\n","protected":false},"author":482,"featured_media":101495,"comment_status":"closed","ping_status":"open","sticky":false,"template":"","format":"standard","meta":{"advanced_seo_description":"","jetpack_seo_html_title":"","jetpack_seo_noindex":false,"_jetpack_memberships_contains_paid_content":false,"footnotes":""},"categories":[105,19],"tags":[],"class_list":["post-101494","post","type-post","status-publish","format-standard","has-post-thumbnail","hentry","category-covid-19","category-deportes"],"jetpack_featured_media_url":"https:\/\/i0.wp.com\/eltrabajo.cl\/portal\/wp-content\/uploads\/2020\/08\/bastian-lecaros2.jpg?fit=580%2C359&ssl=1","jetpack_sharing_enabled":true,"jetpack_likes_enabled":true,"jetpack-related-posts":[],"_links":{"self":[{"href":"https:\/\/eltrabajo.cl\/portal\/wp-json\/wp\/v2\/posts\/101494","targetHints":{"allow":["GET"]}}],"collection":[{"href":"https:\/\/eltrabajo.cl\/portal\/wp-json\/wp\/v2\/posts"}],"about":[{"href":"https:\/\/eltrabajo.cl\/portal\/wp-json\/wp\/v2\/types\/post"}],"author":[{"embeddable":true,"href":"https:\/\/eltrabajo.cl\/portal\/wp-json\/wp\/v2\/users\/482"}],"replies":[{"embeddable":true,"href":"https:\/\/eltrabajo.cl\/portal\/wp-json\/wp\/v2\/comments?post=101494"}],"version-history":[{"count":0,"href":"https:\/\/eltrabajo.cl\/portal\/wp-json\/wp\/v2\/posts\/101494\/revisions"}],"wp:featuredmedia":[{"embeddable":true,"href":"https:\/\/eltrabajo.cl\/portal\/wp-json\/wp\/v2\/media\/101495"}],"wp:attachment":[{"href":"https:\/\/eltrabajo.cl\/portal\/wp-json\/wp\/v2\/media?parent=101494"}],"wp:term":[{"taxonomy":"category","embeddable":true,"href":"https:\/\/eltrabajo.cl\/portal\/wp-json\/wp\/v2\/categories?post=101494"},{"taxonomy":"post_tag","embeddable":true,"href":"https:\/\/eltrabajo.cl\/portal\/wp-json\/wp\/v2\/tags?post=101494"}],"curies":[{"name":"wp","href":"https:\/\/api.w.org\/{rel}","templated":true}]}}