{"id":101498,"date":"2020-08-05T07:55:45","date_gmt":"2020-08-05T11:55:45","guid":{"rendered":"https:\/\/www.eltrabajo.cl\/portal\/?p=101498"},"modified":"2020-08-04T22:15:41","modified_gmt":"2020-08-05T02:15:41","slug":"hay-200-cupos-para-cosecheros-de-arandano-en-empresa-putaendina","status":"publish","type":"post","link":"https:\/\/eltrabajo.cl\/portal\/hay-200-cupos-para-cosecheros-de-arandano-en-empresa-putaendina\/","title":{"rendered":"Hay 200 cupos para cosecheros de ar\u00e1ndano en empresa putaendina"},"content":{"rendered":"<p style=\"text-align: left;\"><span style=\"color: #c81400;\"><strong>OMIL San Felipe est\u00e1 recibiendo curr\u00edculos:<\/strong><\/span><\/p>\n<p style=\"text-align: justify;\">Muy buenas noticias tenemos hoy para quienes no tienen empleo en nuestra comuna y necesitan con urgencia recursos econ\u00f3micos para su familia. Una empresa agr\u00edcola de Putaendo tiene cupo para 200 personas en su cosecha de ar\u00e1ndano en invernadero. La informaci\u00f3n la confirm\u00f3 a <strong>Diario El Trabajo<\/strong> el ejecutivo de atenci\u00f3n a empresas de la OMIL ubicada en la Dideco San Felipe, <strong>Cristian Mari\u00e1ngel<\/strong>.<\/p>\n<p style=\"text-align: justify;\">\u00ab<em>En estos momentos tenemos una oferta laboral para cosecheros en una empresa putaendina que necesita alrededor de 200 personas. Esta temporada laboral ser\u00e1 entre dos a tres meses y nos asegura una oferta laboral para los sanfelipe\u00f1os que est\u00e1n en estos momentos sin trabajo. Los requisitos son ser mayor de 18 a\u00f1os de edad tener su documentaci\u00f3n al d\u00eda, respetar las normas sanitarias que es lo importante, ganas y \u00e1nimo para trabajar, y tambi\u00e9n estar dispuesto empezar una jornada de trabajo muy temprano, estar a las 06:00 horas de trabajo subiendo al transporte que la empresa ofrece para el traslado del personal, y tambi\u00e9n el tema alimenticio para todos los obreros<\/em>\u00bb, coment\u00f3 Mari\u00e1ngel.<\/p>\n<p style=\"text-align: justify;\">Los interesados en aprovechar esta oportunidad laboral deben enviar curr\u00edculo al correo: omilinscripci\u00f3n2020@gmail.com, omil@munisanfelipe.cl, o bien entregarlo en la OMIL San Felipe, ubicada en la misma Dideco. Esta oferta laboral se cierra este jueves 6 de agosto.<\/p>\n<p style=\"text-align: justify;\"><strong>Roberto Gonz\u00e1lez Short<\/strong><\/p>\n<figure id=\"attachment_101499\" aria-describedby=\"caption-attachment-101499\" style=\"width: 579px\" class=\"wp-caption alignnone\"><img data-recalc-dims=\"1\" loading=\"lazy\" decoding=\"async\" class=\"size-full wp-image-101499\" src=\"https:\/\/i0.wp.com\/eltrabajo.cl\/portal\/wp-content\/uploads\/2020\/08\/trabajo_Cristian-Mariangel.jpg?resize=579%2C600&#038;ssl=1\" alt=\"Ejecutivo de atenci\u00f3n a empresas de la OMIL, ubicada en la Dideco San Felipe, Cristian Mari\u00e1ngel.\" width=\"579\" height=\"600\" srcset=\"https:\/\/i0.wp.com\/eltrabajo.cl\/portal\/wp-content\/uploads\/2020\/08\/trabajo_Cristian-Mariangel.jpg?w=579&amp;ssl=1 579w, https:\/\/i0.wp.com\/eltrabajo.cl\/portal\/wp-content\/uploads\/2020\/08\/trabajo_Cristian-Mariangel.jpg?resize=290%2C300&amp;ssl=1 290w, https:\/\/i0.wp.com\/eltrabajo.cl\/portal\/wp-content\/uploads\/2020\/08\/trabajo_Cristian-Mariangel.jpg?resize=145%2C150&amp;ssl=1 145w\" sizes=\"auto, (max-width: 579px) 100vw, 579px\" \/><figcaption id=\"caption-attachment-101499\" class=\"wp-caption-text\">Ejecutivo de atenci\u00f3n a empresas de la OMIL, ubicada en la Dideco San Felipe, Cristian Mari\u00e1ngel.<\/figcaption><\/figure>\n<figure id=\"attachment_101500\" aria-describedby=\"caption-attachment-101500\" style=\"width: 580px\" class=\"wp-caption alignnone\"><img data-recalc-dims=\"1\" loading=\"lazy\" decoding=\"async\" class=\"size-full wp-image-101500\" src=\"https:\/\/i0.wp.com\/eltrabajo.cl\/portal\/wp-content\/uploads\/2020\/08\/trabajo-Pega1.jpg?resize=580%2C358&#038;ssl=1\" alt=\"POR FIN HAY TRABAJO.- En estos momentos tenemos una oferta laboral para cosecheros en una empresa putaendina que necesita alrededor de 200 personas.\" width=\"580\" height=\"358\" srcset=\"https:\/\/i0.wp.com\/eltrabajo.cl\/portal\/wp-content\/uploads\/2020\/08\/trabajo-Pega1.jpg?w=580&amp;ssl=1 580w, https:\/\/i0.wp.com\/eltrabajo.cl\/portal\/wp-content\/uploads\/2020\/08\/trabajo-Pega1.jpg?resize=300%2C185&amp;ssl=1 300w, https:\/\/i0.wp.com\/eltrabajo.cl\/portal\/wp-content\/uploads\/2020\/08\/trabajo-Pega1.jpg?resize=200%2C123&amp;ssl=1 200w\" sizes=\"auto, (max-width: 580px) 100vw, 580px\" \/><figcaption id=\"caption-attachment-101500\" class=\"wp-caption-text\">POR FIN HAY TRABAJO.- En estos momentos tenemos una oferta laboral para cosecheros en una empresa putaendina que necesita alrededor de 200 personas.<\/figcaption><\/figure>\n","protected":false},"excerpt":{"rendered":"<p>OMIL San Felipe est\u00e1 recibiendo curr\u00edculos: Muy buenas noticias tenemos hoy para quienes no tienen empleo en nuestra comuna y necesitan con urgencia recursos econ\u00f3micos para su familia. Una empresa agr\u00edcola de&#8230;<\/p>\n","protected":false},"author":482,"featured_media":101500,"comment_status":"closed","ping_status":"open","sticky":false,"template":"","format":"standard","meta":{"advanced_seo_description":"","jetpack_seo_html_title":"","jetpack_seo_noindex":false,"_jetpack_memberships_contains_paid_content":false,"footnotes":""},"categories":[103],"tags":[],"class_list":["post-101498","post","type-post","status-publish","format-standard","has-post-thumbnail","hentry","category-cronica-2"],"jetpack_featured_media_url":"https:\/\/i0.wp.com\/eltrabajo.cl\/portal\/wp-content\/uploads\/2020\/08\/trabajo-Pega1.jpg?fit=580%2C358&ssl=1","jetpack_sharing_enabled":true,"jetpack_likes_enabled":true,"jetpack-related-posts":[],"_links":{"self":[{"href":"https:\/\/eltrabajo.cl\/portal\/wp-json\/wp\/v2\/posts\/101498","targetHints":{"allow":["GET"]}}],"collection":[{"href":"https:\/\/eltrabajo.cl\/portal\/wp-json\/wp\/v2\/posts"}],"about":[{"href":"https:\/\/eltrabajo.cl\/portal\/wp-json\/wp\/v2\/types\/post"}],"author":[{"embeddable":true,"href":"https:\/\/eltrabajo.cl\/portal\/wp-json\/wp\/v2\/users\/482"}],"replies":[{"embeddable":true,"href":"https:\/\/eltrabajo.cl\/portal\/wp-json\/wp\/v2\/comments?post=101498"}],"version-history":[{"count":0,"href":"https:\/\/eltrabajo.cl\/portal\/wp-json\/wp\/v2\/posts\/101498\/revisions"}],"wp:featuredmedia":[{"embeddable":true,"href":"https:\/\/eltrabajo.cl\/portal\/wp-json\/wp\/v2\/media\/101500"}],"wp:attachment":[{"href":"https:\/\/eltrabajo.cl\/portal\/wp-json\/wp\/v2\/media?parent=101498"}],"wp:term":[{"taxonomy":"category","embeddable":true,"href":"https:\/\/eltrabajo.cl\/portal\/wp-json\/wp\/v2\/categories?post=101498"},{"taxonomy":"post_tag","embeddable":true,"href":"https:\/\/eltrabajo.cl\/portal\/wp-json\/wp\/v2\/tags?post=101498"}],"curies":[{"name":"wp","href":"https:\/\/api.w.org\/{rel}","templated":true}]}}