{"id":101523,"date":"2020-08-05T20:20:05","date_gmt":"2020-08-06T00:20:05","guid":{"rendered":"https:\/\/www.eltrabajo.cl\/portal\/?p=101523"},"modified":"2020-08-05T20:20:05","modified_gmt":"2020-08-06T00:20:05","slug":"feria-libre-de-santa-maria-realizo-campana-solidaria-en-beneficio-de-socios","status":"publish","type":"post","link":"https:\/\/eltrabajo.cl\/portal\/feria-libre-de-santa-maria-realizo-campana-solidaria-en-beneficio-de-socios\/","title":{"rendered":"Feria Libre de Santa Mar\u00eda realiz\u00f3 campa\u00f1a solidaria en beneficio de socios"},"content":{"rendered":"<p style=\"text-align: justify;\"><strong>SANTA MAR\u00cdA.- <\/strong>Un gran gesto de solidaridad con las familias que enfrentan dificultades, principalmente econ\u00f3micas, fue el que tuvieron los feriantes de la comuna de Santa Mar\u00eda, al hacer entrega de canastas solidarias a sus socios colaboradores.<\/p>\n<p style=\"text-align: justify;\">Durante los meses de junio y julio se dieron a la tarea de recolectar dinero con el que se logr\u00f3 la entrega de 26 cajas de ayuda, actividad que se concret\u00f3 el pasado s\u00e1bado en la Feria Libre de Santa Mar\u00eda.<\/p>\n<p style=\"text-align: justify;\">Conjuntamente con la colaboraci\u00f3n de los feriantes, se obtuvieron otros aportes, como el de ex alumnos de la carrera de educaci\u00f3n f\u00edsica de la Universidad del Maule, de la familia Mariluan Olgu\u00edn y del vecino Eduardo Valdivia Flores.<\/p>\n<p style=\"text-align: justify;\"><strong>Victoria Olgu\u00edn<\/strong>, coordinadora de la campa\u00f1a, relat\u00f3 que <em>\u00abesta iniciativa la realizamos en la feria, la que ten\u00eda por objetivo reunir dinero para asistir con canastas solidarias a nuestros socios, que por efecto de la pandemia enfrentan dificultades\u00bb.<\/em><\/p>\n<p style=\"text-align: justify;\">Indic\u00f3 que <em>\u00abgracias al aporte de los feriantes y de los otros colaboradores logramos un monto de 442 mil pesos, generando 26 cajas de ayuda\u00bb.<\/em><\/p>\n<p style=\"text-align: justify;\">Al respecto el alcalde <strong>Claudio Zurita<\/strong> destac\u00f3 esta iniciativa social, felicitando a los feriantes de Santa Mar\u00eda por la preocupaci\u00f3n hacia sus socios.<\/p>\n<figure id=\"attachment_101524\" aria-describedby=\"caption-attachment-101524\" style=\"width: 580px\" class=\"wp-caption alignnone\"><img data-recalc-dims=\"1\" loading=\"lazy\" decoding=\"async\" class=\"size-full wp-image-101524\" src=\"https:\/\/i0.wp.com\/eltrabajo.cl\/portal\/wp-content\/uploads\/2020\/08\/Campa%C3%B1a-Feria-2.jpg?resize=580%2C359&#038;ssl=1\" alt=\"Gracias al aporte de los feriantes y de otros colaboradores se logr\u00f3 reunir un monto de 442 mil pesos, lo que permiti\u00f3 preparar 26 cajas de ayuda.\" width=\"580\" height=\"359\" srcset=\"https:\/\/i0.wp.com\/eltrabajo.cl\/portal\/wp-content\/uploads\/2020\/08\/Campa%C3%B1a-Feria-2.jpg?w=580&amp;ssl=1 580w, https:\/\/i0.wp.com\/eltrabajo.cl\/portal\/wp-content\/uploads\/2020\/08\/Campa%C3%B1a-Feria-2.jpg?resize=300%2C186&amp;ssl=1 300w, https:\/\/i0.wp.com\/eltrabajo.cl\/portal\/wp-content\/uploads\/2020\/08\/Campa%C3%B1a-Feria-2.jpg?resize=200%2C124&amp;ssl=1 200w\" sizes=\"auto, (max-width: 580px) 100vw, 580px\" \/><figcaption id=\"caption-attachment-101524\" class=\"wp-caption-text\">Gracias al aporte de los feriantes y de otros colaboradores se logr\u00f3 reunir un monto de 442 mil pesos, lo que permiti\u00f3 preparar 26 cajas de ayuda.<\/figcaption><\/figure>\n<figure id=\"attachment_101525\" aria-describedby=\"caption-attachment-101525\" style=\"width: 580px\" class=\"wp-caption alignnone\"><img data-recalc-dims=\"1\" loading=\"lazy\" decoding=\"async\" class=\"size-full wp-image-101525\" src=\"https:\/\/i0.wp.com\/eltrabajo.cl\/portal\/wp-content\/uploads\/2020\/08\/Campa%C3%B1a-Feria-3.jpg?resize=580%2C360&#038;ssl=1\" alt=\"Entre junio y julio se recolect\u00f3 el dinero y la entrega se realiz\u00f3 el pasado s\u00e1bado en la Feria Libre de Santa Mar\u00eda.\" width=\"580\" height=\"360\" srcset=\"https:\/\/i0.wp.com\/eltrabajo.cl\/portal\/wp-content\/uploads\/2020\/08\/Campa%C3%B1a-Feria-3.jpg?w=580&amp;ssl=1 580w, https:\/\/i0.wp.com\/eltrabajo.cl\/portal\/wp-content\/uploads\/2020\/08\/Campa%C3%B1a-Feria-3.jpg?resize=300%2C186&amp;ssl=1 300w, https:\/\/i0.wp.com\/eltrabajo.cl\/portal\/wp-content\/uploads\/2020\/08\/Campa%C3%B1a-Feria-3.jpg?resize=200%2C124&amp;ssl=1 200w\" sizes=\"auto, (max-width: 580px) 100vw, 580px\" \/><figcaption id=\"caption-attachment-101525\" class=\"wp-caption-text\">Entre junio y julio se recolect\u00f3 el dinero y la entrega se realiz\u00f3 el pasado s\u00e1bado en la Feria Libre de Santa Mar\u00eda.<\/figcaption><\/figure>\n","protected":false},"excerpt":{"rendered":"<p>SANTA MAR\u00cdA.- Un gran gesto de solidaridad con las familias que enfrentan dificultades, principalmente econ\u00f3micas, fue el que tuvieron los feriantes de la comuna de Santa Mar\u00eda, al hacer entrega de canastas&#8230;<\/p>\n","protected":false},"author":482,"featured_media":101524,"comment_status":"closed","ping_status":"open","sticky":false,"template":"","format":"standard","meta":{"advanced_seo_description":"","jetpack_seo_html_title":"","jetpack_seo_noindex":false,"_jetpack_memberships_contains_paid_content":false,"footnotes":""},"categories":[15,105],"tags":[],"class_list":["post-101523","post","type-post","status-publish","format-standard","has-post-thumbnail","hentry","category-comunidad","category-covid-19"],"jetpack_featured_media_url":"https:\/\/i0.wp.com\/eltrabajo.cl\/portal\/wp-content\/uploads\/2020\/08\/Campa%C3%B1a-Feria-2.jpg?fit=580%2C359&ssl=1","jetpack_sharing_enabled":true,"jetpack_likes_enabled":true,"jetpack-related-posts":[],"_links":{"self":[{"href":"https:\/\/eltrabajo.cl\/portal\/wp-json\/wp\/v2\/posts\/101523","targetHints":{"allow":["GET"]}}],"collection":[{"href":"https:\/\/eltrabajo.cl\/portal\/wp-json\/wp\/v2\/posts"}],"about":[{"href":"https:\/\/eltrabajo.cl\/portal\/wp-json\/wp\/v2\/types\/post"}],"author":[{"embeddable":true,"href":"https:\/\/eltrabajo.cl\/portal\/wp-json\/wp\/v2\/users\/482"}],"replies":[{"embeddable":true,"href":"https:\/\/eltrabajo.cl\/portal\/wp-json\/wp\/v2\/comments?post=101523"}],"version-history":[{"count":0,"href":"https:\/\/eltrabajo.cl\/portal\/wp-json\/wp\/v2\/posts\/101523\/revisions"}],"wp:featuredmedia":[{"embeddable":true,"href":"https:\/\/eltrabajo.cl\/portal\/wp-json\/wp\/v2\/media\/101524"}],"wp:attachment":[{"href":"https:\/\/eltrabajo.cl\/portal\/wp-json\/wp\/v2\/media?parent=101523"}],"wp:term":[{"taxonomy":"category","embeddable":true,"href":"https:\/\/eltrabajo.cl\/portal\/wp-json\/wp\/v2\/categories?post=101523"},{"taxonomy":"post_tag","embeddable":true,"href":"https:\/\/eltrabajo.cl\/portal\/wp-json\/wp\/v2\/tags?post=101523"}],"curies":[{"name":"wp","href":"https:\/\/api.w.org\/{rel}","templated":true}]}}