{"id":101527,"date":"2020-08-05T20:22:39","date_gmt":"2020-08-06T00:22:39","guid":{"rendered":"https:\/\/www.eltrabajo.cl\/portal\/?p=101527"},"modified":"2020-08-05T20:22:39","modified_gmt":"2020-08-06T00:22:39","slug":"la-tercera-division-ya-tiene-su-protocolo-para-el-retorno","status":"publish","type":"post","link":"https:\/\/eltrabajo.cl\/portal\/la-tercera-division-ya-tiene-su-protocolo-para-el-retorno\/","title":{"rendered":"La Tercera Divisi\u00f3n ya tiene su Protocolo para el retorno"},"content":{"rendered":"<p style=\"text-align: justify;\">Un avance que puede ser fundamental y determinante, adem\u00e1s de encender la ilusi\u00f3n en que el retorno est\u00e1 m\u00e1s cerca de lo que se cree, es el que d\u00edas atr\u00e1s dio la Tercera Divisi\u00f3n, al contar ya con un Protocolo Sanitario.<\/p>\n<p style=\"text-align: justify;\">El manual que tiene m\u00e1s de 60 p\u00e1ginas y al cual tuvo acceso de manera exclusiva <strong>El Trabajo Deportivo<\/strong>, fue elaborado por una Comisi\u00f3n Sanitaria que estuvo a cargo del m\u00e9dico Jos\u00e9 Miguel N\u00fa\u00f1ez, el que fue asesorado de manera directa por sus colegas: Ramiro Zepeda y Ricardo N\u00fa\u00f1ez. Al tr\u00edo de estos destacados profesionales se sum\u00f3 el abogado Crist\u00f3bal Araya, quien fue el encargado de redactar el documento.<\/p>\n<p style=\"text-align: justify;\">Dentro de las medidas que se aplicar\u00e1n y las que los clubes como Trasandino deber\u00e1n respetar casi como un mandamiento, sobresalen:<\/p>\n<p style=\"text-align: justify;\">Fase 1:\u00a0Entrenamientos en grupos reducidos que no sobrepasen los 6 jugadores por sesi\u00f3n, con l\u00edmite de tiempo de trabajo.<\/p>\n<p style=\"text-align: justify;\">Fase 2:\u00a0Entrenamientos grupales con grupos no superiores a los 12 jugadores; entrenamientos colectivos t\u00e1cticos por facetas del juego, sin oposici\u00f3n ni roce.<\/p>\n<p style=\"text-align: justify;\">Fase 3:\u00a0En esta etapa y al igual que en el balompi\u00e9 profesional, se podr\u00e1 entrenar de manera total, adem\u00e1s que se podr\u00e1n realizar partidos amistosos a puertas cerradas. En este punto se hace hincapi\u00e9 que a la etapa 3 solo se podr\u00e1 avanzar cuando la autoridad deportiva y sanitaria lo disponga, y se defina la fecha del retorno de la competencia.<\/p>\n<p style=\"text-align: justify;\">Punto muy importante y que significar\u00e1 un alto costo para los clubes, es el que deber\u00e1n aplicar test r\u00e1pidos y controles de PCR.<\/p>\n<p style=\"text-align: justify;\">Los clubes tambi\u00e9n deber\u00e1n cumplir con otros requerimientos no menos importantes como, por ejemplo: La sanitizaci\u00f3n de ba\u00f1os, vestuarios de los recintos donde se har\u00e1n los entrenamientos, adem\u00e1s de disponer de alcohol gel, mascarillas, guantes, term\u00f3metros digitales, adem\u00e1s de hacer de manera constante entre el cambio de fases, test r\u00e1pidos y controles de PCR.<\/p>\n<figure id=\"attachment_101528\" aria-describedby=\"caption-attachment-101528\" style=\"width: 580px\" class=\"wp-caption alignnone\"><img data-recalc-dims=\"1\" loading=\"lazy\" decoding=\"async\" class=\"size-full wp-image-101528\" src=\"https:\/\/i0.wp.com\/eltrabajo.cl\/portal\/wp-content\/uploads\/2020\/08\/tercera.jpg?resize=580%2C360&#038;ssl=1\" alt=\"Trasandino y el resto de los clubes de la Tercera Divisi\u00f3n ya conocen el protocolo que deber\u00e1n cumplir para asegurar un retorno seguro a la actividad.\" width=\"580\" height=\"360\" srcset=\"https:\/\/i0.wp.com\/eltrabajo.cl\/portal\/wp-content\/uploads\/2020\/08\/tercera.jpg?w=580&amp;ssl=1 580w, https:\/\/i0.wp.com\/eltrabajo.cl\/portal\/wp-content\/uploads\/2020\/08\/tercera.jpg?resize=300%2C186&amp;ssl=1 300w, https:\/\/i0.wp.com\/eltrabajo.cl\/portal\/wp-content\/uploads\/2020\/08\/tercera.jpg?resize=200%2C124&amp;ssl=1 200w\" sizes=\"auto, (max-width: 580px) 100vw, 580px\" \/><figcaption id=\"caption-attachment-101528\" class=\"wp-caption-text\">Trasandino y el resto de los clubes de la Tercera Divisi\u00f3n ya conocen el protocolo que deber\u00e1n cumplir para asegurar un retorno seguro a la actividad.<\/figcaption><\/figure>\n","protected":false},"excerpt":{"rendered":"<p>Un avance que puede ser fundamental y determinante, adem\u00e1s de encender la ilusi\u00f3n en que el retorno est\u00e1 m\u00e1s cerca de lo que se cree, es el que d\u00edas atr\u00e1s dio la&#8230;<\/p>\n","protected":false},"author":482,"featured_media":101528,"comment_status":"closed","ping_status":"open","sticky":false,"template":"","format":"standard","meta":{"advanced_seo_description":"","jetpack_seo_html_title":"","jetpack_seo_noindex":false,"_jetpack_memberships_contains_paid_content":false,"footnotes":""},"categories":[19],"tags":[],"class_list":["post-101527","post","type-post","status-publish","format-standard","has-post-thumbnail","hentry","category-deportes"],"jetpack_featured_media_url":"https:\/\/i0.wp.com\/eltrabajo.cl\/portal\/wp-content\/uploads\/2020\/08\/tercera.jpg?fit=580%2C360&ssl=1","jetpack_sharing_enabled":true,"jetpack_likes_enabled":true,"jetpack-related-posts":[],"_links":{"self":[{"href":"https:\/\/eltrabajo.cl\/portal\/wp-json\/wp\/v2\/posts\/101527","targetHints":{"allow":["GET"]}}],"collection":[{"href":"https:\/\/eltrabajo.cl\/portal\/wp-json\/wp\/v2\/posts"}],"about":[{"href":"https:\/\/eltrabajo.cl\/portal\/wp-json\/wp\/v2\/types\/post"}],"author":[{"embeddable":true,"href":"https:\/\/eltrabajo.cl\/portal\/wp-json\/wp\/v2\/users\/482"}],"replies":[{"embeddable":true,"href":"https:\/\/eltrabajo.cl\/portal\/wp-json\/wp\/v2\/comments?post=101527"}],"version-history":[{"count":0,"href":"https:\/\/eltrabajo.cl\/portal\/wp-json\/wp\/v2\/posts\/101527\/revisions"}],"wp:featuredmedia":[{"embeddable":true,"href":"https:\/\/eltrabajo.cl\/portal\/wp-json\/wp\/v2\/media\/101528"}],"wp:attachment":[{"href":"https:\/\/eltrabajo.cl\/portal\/wp-json\/wp\/v2\/media?parent=101527"}],"wp:term":[{"taxonomy":"category","embeddable":true,"href":"https:\/\/eltrabajo.cl\/portal\/wp-json\/wp\/v2\/categories?post=101527"},{"taxonomy":"post_tag","embeddable":true,"href":"https:\/\/eltrabajo.cl\/portal\/wp-json\/wp\/v2\/tags?post=101527"}],"curies":[{"name":"wp","href":"https:\/\/api.w.org\/{rel}","templated":true}]}}