{"id":101530,"date":"2020-08-05T20:25:25","date_gmt":"2020-08-06T00:25:25","guid":{"rendered":"https:\/\/www.eltrabajo.cl\/portal\/?p=101530"},"modified":"2020-08-05T20:25:25","modified_gmt":"2020-08-06T00:25:25","slug":"gracias-a-camaras-de-seguridad-recuperan-especies-robadas-desde-colegio","status":"publish","type":"post","link":"https:\/\/eltrabajo.cl\/portal\/gracias-a-camaras-de-seguridad-recuperan-especies-robadas-desde-colegio\/","title":{"rendered":"Gracias a c\u00e1maras de seguridad recuperan especies robadas desde colegio"},"content":{"rendered":"<p style=\"text-align: left;\"><span style=\"color: #c81400;\"><strong>Avaluadas en alrededor de 9 millones de pesos:<\/strong><\/span><\/p>\n<p style=\"text-align: justify;\">Gracias al r\u00e1pido actuar de Carabineros de la Subcomisar\u00eda Llay Llay se recuperaron todos los elementos sustra\u00eddos desde un colegio de dicha comuna, especies que fueron avaluadas en cerca de 9 millones de pesos.<\/p>\n<p style=\"text-align: justify;\">Junto a lo anterior, personal policial logr\u00f3 detener a <strong>C.S.G.D.<\/strong>,\u00a0 quien manten\u00eda en su domicilio las especies robadas. Se trata principalmente de equipos tecnol\u00f3gicos que eran utilizados por los alumnos.<\/p>\n<p style=\"text-align: justify;\">El operativo policial se concret\u00f3 luego de un llamado al n\u00famero del cuadrante para informar del robo.<\/p>\n<p style=\"text-align: justify;\">As\u00ed lo confirm\u00f3 el capit\u00e1n <strong>Rafael Ram\u00edrez<\/strong>, subcomisario de la Subcomisar\u00eda Llay Llay, quien detall\u00f3 que <em>\u00abtras el aviso, al revisar las c\u00e1maras del colegio y municipales, se estableci\u00f3 la participaci\u00f3n de un hombre que se aprecia claramente en las grabaciones\u00bb. <\/em><\/p>\n<p style=\"text-align: justify;\">Es por ello que Carabineros logr\u00f3 encontrarlo en su casa, ingresando tras ser autorizados voluntariamente por \u00e9l. En el inmueble se encontraron las especies robadas, por lo que fue detenido.<\/p>\n<p style=\"text-align: justify;\">Conforme a instrucciones del fiscal de turno, se determin\u00f3 que el detenido pasar\u00eda a control de detenci\u00f3n durante la ma\u00f1ana de hoy jueves.<\/p>\n<figure id=\"attachment_101531\" aria-describedby=\"caption-attachment-101531\" style=\"width: 580px\" class=\"wp-caption alignnone\"><img data-recalc-dims=\"1\" loading=\"lazy\" decoding=\"async\" class=\"size-full wp-image-101531\" src=\"https:\/\/i0.wp.com\/eltrabajo.cl\/portal\/wp-content\/uploads\/2020\/08\/robo-Colegio.jpg?resize=580%2C360&#038;ssl=1\" alt=\"Frontis del colegio donde fueron robados los elementos tecnol\u00f3gicos.\" width=\"580\" height=\"360\" srcset=\"https:\/\/i0.wp.com\/eltrabajo.cl\/portal\/wp-content\/uploads\/2020\/08\/robo-Colegio.jpg?w=580&amp;ssl=1 580w, https:\/\/i0.wp.com\/eltrabajo.cl\/portal\/wp-content\/uploads\/2020\/08\/robo-Colegio.jpg?resize=300%2C186&amp;ssl=1 300w, https:\/\/i0.wp.com\/eltrabajo.cl\/portal\/wp-content\/uploads\/2020\/08\/robo-Colegio.jpg?resize=200%2C124&amp;ssl=1 200w\" sizes=\"auto, (max-width: 580px) 100vw, 580px\" \/><figcaption id=\"caption-attachment-101531\" class=\"wp-caption-text\">Frontis del colegio donde fueron robados los elementos tecnol\u00f3gicos.<\/figcaption><\/figure>\n<figure id=\"attachment_101532\" aria-describedby=\"caption-attachment-101532\" style=\"width: 580px\" class=\"wp-caption alignnone\"><img data-recalc-dims=\"1\" loading=\"lazy\" decoding=\"async\" class=\"size-full wp-image-101532\" src=\"https:\/\/i0.wp.com\/eltrabajo.cl\/portal\/wp-content\/uploads\/2020\/08\/robo-computadores.jpg?resize=580%2C360&#038;ssl=1\" alt=\"Los equipos computacionales fueron robados de un colegio de Llay Llay y recuperados por Carabineros gracias a c\u00e1maras de seguridad.\" width=\"580\" height=\"360\" srcset=\"https:\/\/i0.wp.com\/eltrabajo.cl\/portal\/wp-content\/uploads\/2020\/08\/robo-computadores.jpg?w=580&amp;ssl=1 580w, https:\/\/i0.wp.com\/eltrabajo.cl\/portal\/wp-content\/uploads\/2020\/08\/robo-computadores.jpg?resize=300%2C186&amp;ssl=1 300w, https:\/\/i0.wp.com\/eltrabajo.cl\/portal\/wp-content\/uploads\/2020\/08\/robo-computadores.jpg?resize=200%2C124&amp;ssl=1 200w\" sizes=\"auto, (max-width: 580px) 100vw, 580px\" \/><figcaption id=\"caption-attachment-101532\" class=\"wp-caption-text\">Los equipos computacionales fueron robados de un colegio de Llay Llay y recuperados por Carabineros gracias a c\u00e1maras de seguridad.<\/figcaption><\/figure>\n","protected":false},"excerpt":{"rendered":"<p>Avaluadas en alrededor de 9 millones de pesos: Gracias al r\u00e1pido actuar de Carabineros de la Subcomisar\u00eda Llay Llay se recuperaron todos los elementos sustra\u00eddos desde un colegio de dicha comuna, especies&#8230;<\/p>\n","protected":false},"author":482,"featured_media":101532,"comment_status":"closed","ping_status":"open","sticky":false,"template":"","format":"standard","meta":{"advanced_seo_description":"","jetpack_seo_html_title":"","jetpack_seo_noindex":false,"_jetpack_memberships_contains_paid_content":false,"footnotes":""},"categories":[21],"tags":[],"class_list":["post-101530","post","type-post","status-publish","format-standard","has-post-thumbnail","hentry","category-policial"],"jetpack_featured_media_url":"https:\/\/i0.wp.com\/eltrabajo.cl\/portal\/wp-content\/uploads\/2020\/08\/robo-computadores.jpg?fit=580%2C360&ssl=1","jetpack_sharing_enabled":true,"jetpack_likes_enabled":true,"jetpack-related-posts":[],"_links":{"self":[{"href":"https:\/\/eltrabajo.cl\/portal\/wp-json\/wp\/v2\/posts\/101530","targetHints":{"allow":["GET"]}}],"collection":[{"href":"https:\/\/eltrabajo.cl\/portal\/wp-json\/wp\/v2\/posts"}],"about":[{"href":"https:\/\/eltrabajo.cl\/portal\/wp-json\/wp\/v2\/types\/post"}],"author":[{"embeddable":true,"href":"https:\/\/eltrabajo.cl\/portal\/wp-json\/wp\/v2\/users\/482"}],"replies":[{"embeddable":true,"href":"https:\/\/eltrabajo.cl\/portal\/wp-json\/wp\/v2\/comments?post=101530"}],"version-history":[{"count":0,"href":"https:\/\/eltrabajo.cl\/portal\/wp-json\/wp\/v2\/posts\/101530\/revisions"}],"wp:featuredmedia":[{"embeddable":true,"href":"https:\/\/eltrabajo.cl\/portal\/wp-json\/wp\/v2\/media\/101532"}],"wp:attachment":[{"href":"https:\/\/eltrabajo.cl\/portal\/wp-json\/wp\/v2\/media?parent=101530"}],"wp:term":[{"taxonomy":"category","embeddable":true,"href":"https:\/\/eltrabajo.cl\/portal\/wp-json\/wp\/v2\/categories?post=101530"},{"taxonomy":"post_tag","embeddable":true,"href":"https:\/\/eltrabajo.cl\/portal\/wp-json\/wp\/v2\/tags?post=101530"}],"curies":[{"name":"wp","href":"https:\/\/api.w.org\/{rel}","templated":true}]}}