{"id":101534,"date":"2020-08-06T07:45:46","date_gmt":"2020-08-06T11:45:46","guid":{"rendered":"https:\/\/www.eltrabajo.cl\/portal\/?p=101534"},"modified":"2020-08-05T20:27:37","modified_gmt":"2020-08-06T00:27:37","slug":"detienen-a-tres-mujeres-integrantes-de-organizacion-que-traficaba-drogas","status":"publish","type":"post","link":"https:\/\/eltrabajo.cl\/portal\/detienen-a-tres-mujeres-integrantes-de-organizacion-que-traficaba-drogas\/","title":{"rendered":"Detienen a tres mujeres integrantes de organizaci\u00f3n que traficaba drogas"},"content":{"rendered":"<p style=\"text-align: left;\"><span style=\"color: #c81400;\"><strong>Operaban en San Felipe y Los Andes:<\/strong><\/span><\/p>\n<p style=\"text-align: justify;\">Carabineros de la Secci\u00f3n OS7 San Felipe detuvo a tres mujeres, desbaratando con ello una organizaci\u00f3n criminal dedicada al tr\u00e1fico de drogas en las comunas de Los Andes y San Felipe.<\/p>\n<p style=\"text-align: justify;\">En el procedimiento se decomisaron 1,2 kilos de marihuana elaborada, 9,7 gramos de pasta base de coca\u00edna y $1.336.000 en efectivo, adem\u00e1s de una pesa y otros elementos asociados al il\u00edcito.<\/p>\n<p style=\"text-align: justify;\">Las mujeres cumpl\u00edan distintos roles en torno al delito, los cuales pudieron ser descubiertos gracias al apoyo de diferentes t\u00e9cnicas que fueron aplicadas luego de una orden de investigar emitida por la Fiscal\u00eda Local de Los Andes.<\/p>\n<p style=\"text-align: justify;\">En ese sentido, fue en una entrega de dichas sustancias il\u00edcitas que Carabineros logr\u00f3 su detenci\u00f3n, concretando posteriormente con la respectiva orden de entrada y registro al inmueble de las investigadas e incautar las drogas.<\/p>\n<p style=\"text-align: justify;\">Se recuerda a la ciudadan\u00eda que los hechos ligados a drogas pueden ser denunciados al fono 135, el cual es an\u00f3nimo, funciona las 24 horas y es atendido por personal especializado en el \u00e1rea.<\/p>\n<figure id=\"attachment_101535\" aria-describedby=\"caption-attachment-101535\" style=\"width: 580px\" class=\"wp-caption alignnone\"><img data-recalc-dims=\"1\" loading=\"lazy\" decoding=\"async\" class=\"size-full wp-image-101535\" src=\"https:\/\/i0.wp.com\/eltrabajo.cl\/portal\/wp-content\/uploads\/2020\/08\/Droga-Os7.jpg?resize=580%2C359&#038;ssl=1\" alt=\"Una funcionaria nos muestra la droga y el dinero decomisado a las tres mujeres.\" width=\"580\" height=\"359\" srcset=\"https:\/\/i0.wp.com\/eltrabajo.cl\/portal\/wp-content\/uploads\/2020\/08\/Droga-Os7.jpg?w=580&amp;ssl=1 580w, https:\/\/i0.wp.com\/eltrabajo.cl\/portal\/wp-content\/uploads\/2020\/08\/Droga-Os7.jpg?resize=300%2C186&amp;ssl=1 300w, https:\/\/i0.wp.com\/eltrabajo.cl\/portal\/wp-content\/uploads\/2020\/08\/Droga-Os7.jpg?resize=200%2C124&amp;ssl=1 200w\" sizes=\"auto, (max-width: 580px) 100vw, 580px\" \/><figcaption id=\"caption-attachment-101535\" class=\"wp-caption-text\">Una funcionaria nos muestra la droga y el dinero decomisado a las tres mujeres.<\/figcaption><\/figure>\n","protected":false},"excerpt":{"rendered":"<p>Operaban en San Felipe y Los Andes: Carabineros de la Secci\u00f3n OS7 San Felipe detuvo a tres mujeres, desbaratando con ello una organizaci\u00f3n criminal dedicada al tr\u00e1fico de drogas en las comunas&#8230;<\/p>\n","protected":false},"author":482,"featured_media":101535,"comment_status":"closed","ping_status":"open","sticky":false,"template":"","format":"standard","meta":{"advanced_seo_description":"","jetpack_seo_html_title":"","jetpack_seo_noindex":false,"_jetpack_memberships_contains_paid_content":false,"footnotes":""},"categories":[21],"tags":[],"class_list":["post-101534","post","type-post","status-publish","format-standard","has-post-thumbnail","hentry","category-policial"],"jetpack_featured_media_url":"https:\/\/i0.wp.com\/eltrabajo.cl\/portal\/wp-content\/uploads\/2020\/08\/Droga-Os7.jpg?fit=580%2C359&ssl=1","jetpack_sharing_enabled":true,"jetpack_likes_enabled":true,"jetpack-related-posts":[],"_links":{"self":[{"href":"https:\/\/eltrabajo.cl\/portal\/wp-json\/wp\/v2\/posts\/101534","targetHints":{"allow":["GET"]}}],"collection":[{"href":"https:\/\/eltrabajo.cl\/portal\/wp-json\/wp\/v2\/posts"}],"about":[{"href":"https:\/\/eltrabajo.cl\/portal\/wp-json\/wp\/v2\/types\/post"}],"author":[{"embeddable":true,"href":"https:\/\/eltrabajo.cl\/portal\/wp-json\/wp\/v2\/users\/482"}],"replies":[{"embeddable":true,"href":"https:\/\/eltrabajo.cl\/portal\/wp-json\/wp\/v2\/comments?post=101534"}],"version-history":[{"count":0,"href":"https:\/\/eltrabajo.cl\/portal\/wp-json\/wp\/v2\/posts\/101534\/revisions"}],"wp:featuredmedia":[{"embeddable":true,"href":"https:\/\/eltrabajo.cl\/portal\/wp-json\/wp\/v2\/media\/101535"}],"wp:attachment":[{"href":"https:\/\/eltrabajo.cl\/portal\/wp-json\/wp\/v2\/media?parent=101534"}],"wp:term":[{"taxonomy":"category","embeddable":true,"href":"https:\/\/eltrabajo.cl\/portal\/wp-json\/wp\/v2\/categories?post=101534"},{"taxonomy":"post_tag","embeddable":true,"href":"https:\/\/eltrabajo.cl\/portal\/wp-json\/wp\/v2\/tags?post=101534"}],"curies":[{"name":"wp","href":"https:\/\/api.w.org\/{rel}","templated":true}]}}