{"id":101537,"date":"2020-08-06T07:50:57","date_gmt":"2020-08-06T11:50:57","guid":{"rendered":"https:\/\/www.eltrabajo.cl\/portal\/?p=101537"},"modified":"2020-08-05T20:31:34","modified_gmt":"2020-08-06T00:31:34","slug":"confuso-choque-en-ruta-troncal-panquehue-deja-cuantiosos-danos-materiales","status":"publish","type":"post","link":"https:\/\/eltrabajo.cl\/portal\/confuso-choque-en-ruta-troncal-panquehue-deja-cuantiosos-danos-materiales\/","title":{"rendered":"Confuso choque en ruta Troncal Panquehue deja cuantiosos da\u00f1os materiales"},"content":{"rendered":"<p style=\"text-align: justify;\">Un aparatoso accidente en el que se vieron involucrados dos veh\u00edculos se registr\u00f3 la tarde de este mi\u00e9rcoles a las 17:20 horas a la altura de El Pe\u00f1\u00f3n, camino Troncal ruta a Panquehue, antes de llegar al cruce de la l\u00ednea f\u00e9rrea.<\/p>\n<p style=\"text-align: justify;\">Los veh\u00edculos involucrados fueron una Suv Ford patente JH ST 35 color plomo, y una Suv Chery color negro, patente KS CB 71.<\/p>\n<p style=\"text-align: justify;\">Seg\u00fan informaci\u00f3n que ya est\u00e1 investigando Carabineros, la Suv plateada se desplazaba de oriente a poniente, doblando a la izquierda para entrar a un camino vecinal, siendo impactado por el otro veh\u00edculo que ven\u00eda m\u00e1s atr\u00e1s, chocando de costado y arranc\u00e1ndole por completo el eje y la llanta de la rueda delantera izquierda, yendo a quedar contra los arbustos de la vereda del frente de la v\u00eda.<\/p>\n<p style=\"text-align: justify;\"><strong>Diario El Trabajo<\/strong> habl\u00f3 con el conductor del auto plateado, el conocido fot\u00f3grafo sanfelipe\u00f1o <strong>Eduardo Orellana<\/strong>, quien nos coment\u00f3 su versi\u00f3n de los hechos\u00b4: <em>\u00abYo se\u00f1alic\u00e9 y \u00e9l ven\u00eda muy r\u00e1pido y me choc\u00f3, yo ven\u00eda se\u00f1alizando desde hace varios metros atr\u00e1s, yo ven\u00eda solo en el veh\u00edculo, es mi auto propio<\/em>\u00bb, coment\u00f3 el conductor.<\/p>\n<p style=\"text-align: justify;\">Al lugar del accidente acudieron unidades de Carabineros y de Rescate del Cuerpo de Bomberos de San Felipe. No se reportaron personas heridas.<\/p>\n<p style=\"text-align: justify;\"><strong>Roberto Gonz\u00e1lez Short<\/strong><\/p>\n<figure id=\"attachment_101538\" aria-describedby=\"caption-attachment-101538\" style=\"width: 580px\" class=\"wp-caption alignnone\"><img data-recalc-dims=\"1\" loading=\"lazy\" decoding=\"async\" class=\"size-full wp-image-101538\" src=\"https:\/\/i0.wp.com\/eltrabajo.cl\/portal\/wp-content\/uploads\/2020\/08\/Choque1.jpg?resize=580%2C359&#038;ssl=1\" alt=\"SIN HERIDOS.- As\u00ed qued\u00f3 la Ford color plomo luego de ser impactada por la Chery color negro, a la altura de El Pe\u00f1\u00f3n, camino Troncal ruta a Panquehue.\" width=\"580\" height=\"359\" srcset=\"https:\/\/i0.wp.com\/eltrabajo.cl\/portal\/wp-content\/uploads\/2020\/08\/Choque1.jpg?w=580&amp;ssl=1 580w, https:\/\/i0.wp.com\/eltrabajo.cl\/portal\/wp-content\/uploads\/2020\/08\/Choque1.jpg?resize=300%2C186&amp;ssl=1 300w, https:\/\/i0.wp.com\/eltrabajo.cl\/portal\/wp-content\/uploads\/2020\/08\/Choque1.jpg?resize=200%2C124&amp;ssl=1 200w\" sizes=\"auto, (max-width: 580px) 100vw, 580px\" \/><figcaption id=\"caption-attachment-101538\" class=\"wp-caption-text\">SIN HERIDOS.- As\u00ed qued\u00f3 la Ford color plomo luego de ser impactada por la Chery color negro, a la altura de El Pe\u00f1\u00f3n, camino Troncal ruta a Panquehue.<\/figcaption><\/figure>\n<figure id=\"attachment_101539\" aria-describedby=\"caption-attachment-101539\" style=\"width: 580px\" class=\"wp-caption alignnone\"><img data-recalc-dims=\"1\" loading=\"lazy\" decoding=\"async\" class=\"size-full wp-image-101539\" src=\"https:\/\/i0.wp.com\/eltrabajo.cl\/portal\/wp-content\/uploads\/2020\/08\/Choque2.jpg?resize=580%2C360&#038;ssl=1\" alt=\"EL SUSTO DE SU VIDA.- Este es el veh\u00edculo que impact\u00f3 al Ford. Carabineros investiga las responsabilidades en este accidente.\" width=\"580\" height=\"360\" srcset=\"https:\/\/i0.wp.com\/eltrabajo.cl\/portal\/wp-content\/uploads\/2020\/08\/Choque2.jpg?w=580&amp;ssl=1 580w, https:\/\/i0.wp.com\/eltrabajo.cl\/portal\/wp-content\/uploads\/2020\/08\/Choque2.jpg?resize=300%2C186&amp;ssl=1 300w, https:\/\/i0.wp.com\/eltrabajo.cl\/portal\/wp-content\/uploads\/2020\/08\/Choque2.jpg?resize=200%2C124&amp;ssl=1 200w\" sizes=\"auto, (max-width: 580px) 100vw, 580px\" \/><figcaption id=\"caption-attachment-101539\" class=\"wp-caption-text\">EL SUSTO DE SU VIDA.- Este es el veh\u00edculo que impact\u00f3 al Ford. Carabineros investiga las responsabilidades en este accidente.<\/figcaption><\/figure>\n<figure id=\"attachment_101540\" aria-describedby=\"caption-attachment-101540\" style=\"width: 580px\" class=\"wp-caption alignnone\"><img data-recalc-dims=\"1\" loading=\"lazy\" decoding=\"async\" class=\"size-full wp-image-101540\" src=\"https:\/\/i0.wp.com\/eltrabajo.cl\/portal\/wp-content\/uploads\/2020\/08\/Choque3.jpg?resize=580%2C360&#038;ssl=1\" alt=\"EJE Y LLANTA.- El golpe arranc\u00f3 la rueda delantera izquierda del auto Ford.\" width=\"580\" height=\"360\" srcset=\"https:\/\/i0.wp.com\/eltrabajo.cl\/portal\/wp-content\/uploads\/2020\/08\/Choque3.jpg?w=580&amp;ssl=1 580w, https:\/\/i0.wp.com\/eltrabajo.cl\/portal\/wp-content\/uploads\/2020\/08\/Choque3.jpg?resize=300%2C186&amp;ssl=1 300w, https:\/\/i0.wp.com\/eltrabajo.cl\/portal\/wp-content\/uploads\/2020\/08\/Choque3.jpg?resize=200%2C124&amp;ssl=1 200w\" sizes=\"auto, (max-width: 580px) 100vw, 580px\" \/><figcaption id=\"caption-attachment-101540\" class=\"wp-caption-text\">EJE Y LLANTA.- El golpe arranc\u00f3 la rueda delantera izquierda del auto Ford.<\/figcaption><\/figure>\n<figure id=\"attachment_101541\" aria-describedby=\"caption-attachment-101541\" style=\"width: 580px\" class=\"wp-caption alignnone\"><img data-recalc-dims=\"1\" loading=\"lazy\" decoding=\"async\" class=\"size-full wp-image-101541\" src=\"https:\/\/i0.wp.com\/eltrabajo.cl\/portal\/wp-content\/uploads\/2020\/08\/Choque_Eduardo-Orellana.jpg?resize=580%2C600&#038;ssl=1\" alt=\"Eduardo Orellana, conocido fot\u00f3grafo sanfelipe\u00f1o.\" width=\"580\" height=\"600\" srcset=\"https:\/\/i0.wp.com\/eltrabajo.cl\/portal\/wp-content\/uploads\/2020\/08\/Choque_Eduardo-Orellana.jpg?w=580&amp;ssl=1 580w, https:\/\/i0.wp.com\/eltrabajo.cl\/portal\/wp-content\/uploads\/2020\/08\/Choque_Eduardo-Orellana.jpg?resize=290%2C300&amp;ssl=1 290w, https:\/\/i0.wp.com\/eltrabajo.cl\/portal\/wp-content\/uploads\/2020\/08\/Choque_Eduardo-Orellana.jpg?resize=145%2C150&amp;ssl=1 145w\" sizes=\"auto, (max-width: 580px) 100vw, 580px\" \/><figcaption id=\"caption-attachment-101541\" class=\"wp-caption-text\">Eduardo Orellana, conocido fot\u00f3grafo sanfelipe\u00f1o.<\/figcaption><\/figure>\n","protected":false},"excerpt":{"rendered":"<p>Un aparatoso accidente en el que se vieron involucrados dos veh\u00edculos se registr\u00f3 la tarde de este mi\u00e9rcoles a las 17:20 horas a la altura de El Pe\u00f1\u00f3n, camino Troncal ruta a&#8230;<\/p>\n","protected":false},"author":482,"featured_media":101538,"comment_status":"closed","ping_status":"open","sticky":false,"template":"","format":"standard","meta":{"advanced_seo_description":"","jetpack_seo_html_title":"","jetpack_seo_noindex":false,"_jetpack_memberships_contains_paid_content":false,"footnotes":""},"categories":[21],"tags":[],"class_list":["post-101537","post","type-post","status-publish","format-standard","has-post-thumbnail","hentry","category-policial"],"jetpack_featured_media_url":"https:\/\/i0.wp.com\/eltrabajo.cl\/portal\/wp-content\/uploads\/2020\/08\/Choque1.jpg?fit=580%2C359&ssl=1","jetpack_sharing_enabled":true,"jetpack_likes_enabled":true,"jetpack-related-posts":[],"_links":{"self":[{"href":"https:\/\/eltrabajo.cl\/portal\/wp-json\/wp\/v2\/posts\/101537","targetHints":{"allow":["GET"]}}],"collection":[{"href":"https:\/\/eltrabajo.cl\/portal\/wp-json\/wp\/v2\/posts"}],"about":[{"href":"https:\/\/eltrabajo.cl\/portal\/wp-json\/wp\/v2\/types\/post"}],"author":[{"embeddable":true,"href":"https:\/\/eltrabajo.cl\/portal\/wp-json\/wp\/v2\/users\/482"}],"replies":[{"embeddable":true,"href":"https:\/\/eltrabajo.cl\/portal\/wp-json\/wp\/v2\/comments?post=101537"}],"version-history":[{"count":0,"href":"https:\/\/eltrabajo.cl\/portal\/wp-json\/wp\/v2\/posts\/101537\/revisions"}],"wp:featuredmedia":[{"embeddable":true,"href":"https:\/\/eltrabajo.cl\/portal\/wp-json\/wp\/v2\/media\/101538"}],"wp:attachment":[{"href":"https:\/\/eltrabajo.cl\/portal\/wp-json\/wp\/v2\/media?parent=101537"}],"wp:term":[{"taxonomy":"category","embeddable":true,"href":"https:\/\/eltrabajo.cl\/portal\/wp-json\/wp\/v2\/categories?post=101537"},{"taxonomy":"post_tag","embeddable":true,"href":"https:\/\/eltrabajo.cl\/portal\/wp-json\/wp\/v2\/tags?post=101537"}],"curies":[{"name":"wp","href":"https:\/\/api.w.org\/{rel}","templated":true}]}}