{"id":101547,"date":"2020-08-06T08:00:53","date_gmt":"2020-08-06T12:00:53","guid":{"rendered":"https:\/\/www.eltrabajo.cl\/portal\/?p=101547"},"modified":"2020-08-05T20:35:39","modified_gmt":"2020-08-06T00:35:39","slug":"sag-denuncia-a-la-fiscalia-caza-ilegal-de-puma-en-cuesta-de-las-chilcas","status":"publish","type":"post","link":"https:\/\/eltrabajo.cl\/portal\/sag-denuncia-a-la-fiscalia-caza-ilegal-de-puma-en-cuesta-de-las-chilcas\/","title":{"rendered":"SAG denuncia a la Fiscal\u00eda caza ilegal de puma en cuesta de Las Chilcas"},"content":{"rendered":"<ul style=\"text-align: justify;\">\n<li><strong> El Servicio Agr\u00edcola y Ganadero busca sancionar a quienes dispararon en contra del felino, cuya especie se encuentra protegida por la Ley de Caza.<\/strong><\/li>\n<\/ul>\n<p style=\"text-align: justify;\">El Servicio Agr\u00edcola y Ganadero interpuso una denuncia en la Fiscal\u00eda Local de San Felipe por la muerte de un ejemplar de puma producto de las heridas provocadas por disparos y por ataque de perros en el sector de La Cuesta Las Chilcas, en la comuna de Llay Llay.<\/p>\n<p style=\"text-align: justify;\">El animal hab\u00eda sido rescatado durante la madrugada del lunes por personal del SAG de la Oficina San Felipe, tras una denuncia de presunto atropello.<\/p>\n<p style=\"text-align: justify;\">Funcionarios del SAG lo trasladaron hasta la cl\u00ednica veterinaria del Zool\u00f3gico Nacional, recinto donde se le evalu\u00f3 y se pudo determinar la presencia de dos proyectiles en el cuerpo del ejemplar, adem\u00e1s de diversas heridas por el presumible ataque de perros. Producto de la gravedad de sus lesiones, el ejemplar, una hembra, muri\u00f3 este martes por la ma\u00f1ana pese al trabajo del equipo m\u00e9dico.<\/p>\n<p style=\"text-align: justify;\">El director regional (s) del SAG, <strong>Pedro Berho Arteagoit\u00eda<\/strong>, enfatiz\u00f3 que <em>\u00abes inaceptable que personas atenten a nuestra fauna que es patrimonio de todos. Por ello presentamos esta denuncia que busca aclarar los hechos y que los responsables de este crimen asuman las consecuencias legales de sus actos\u00bb. <\/em><\/p>\n<p style=\"text-align: justify;\">Junto con lamentar la situaci\u00f3n, el director regional (s) del SAG record\u00f3 a la comunidad que el puma es un animal protegido por la Ley de Caza y su reglamento debido a su estado de conservaci\u00f3n, catalogado en peligro de extinci\u00f3n. <em>\u00abEl mensaje a la comunidad es que frente a avistamientos de fauna silvestre en condiciones desmejoradas o con problemas de movilidad que afecten su condici\u00f3n natural, se d\u00e9 aviso al SAG o a Carabineros. Adem\u00e1s les pedimos que nos ayuden denunciando la presencia de cazadores furtivos, que tanto da\u00f1o generan a nuestra vida silvestre\u00bb,<\/em> indic\u00f3 Pedro Berho.<\/p>\n<figure id=\"attachment_101548\" aria-describedby=\"caption-attachment-101548\" style=\"width: 580px\" class=\"wp-caption alignnone\"><img data-recalc-dims=\"1\" loading=\"lazy\" decoding=\"async\" class=\"size-full wp-image-101548\" src=\"https:\/\/i0.wp.com\/eltrabajo.cl\/portal\/wp-content\/uploads\/2020\/08\/Puma-Chilcas.jpg?resize=580%2C358&#038;ssl=1\" alt=\"El animal hab\u00eda sido rescatado durante la madrugada del lunes por personal del SAG de la Oficina San Felipe, pero pese a los esfuerzos por salvarle la vida, finalmente falleci\u00f3 este martes.\" width=\"580\" height=\"358\" srcset=\"https:\/\/i0.wp.com\/eltrabajo.cl\/portal\/wp-content\/uploads\/2020\/08\/Puma-Chilcas.jpg?w=580&amp;ssl=1 580w, https:\/\/i0.wp.com\/eltrabajo.cl\/portal\/wp-content\/uploads\/2020\/08\/Puma-Chilcas.jpg?resize=300%2C185&amp;ssl=1 300w, https:\/\/i0.wp.com\/eltrabajo.cl\/portal\/wp-content\/uploads\/2020\/08\/Puma-Chilcas.jpg?resize=200%2C123&amp;ssl=1 200w\" sizes=\"auto, (max-width: 580px) 100vw, 580px\" \/><figcaption id=\"caption-attachment-101548\" class=\"wp-caption-text\">El animal hab\u00eda sido rescatado durante la madrugada del lunes por personal del SAG de la Oficina San Felipe, pero pese a los esfuerzos por salvarle la vida, finalmente falleci\u00f3 este martes.<\/figcaption><\/figure>\n<figure id=\"attachment_101549\" aria-describedby=\"caption-attachment-101549\" style=\"width: 580px\" class=\"wp-caption alignnone\"><img data-recalc-dims=\"1\" loading=\"lazy\" decoding=\"async\" class=\"size-full wp-image-101549\" src=\"https:\/\/i0.wp.com\/eltrabajo.cl\/portal\/wp-content\/uploads\/2020\/08\/puma-Traslado.jpg?resize=580%2C359&#038;ssl=1\" alt=\"Funcionarios del SAG lo trasladaron hasta la cl\u00ednica veterinaria del Zool\u00f3gico Nacional, presentando dos proyectiles en el cuerpo adem\u00e1s de diversas heridas por el presumible ataque de perros.\" width=\"580\" height=\"359\" srcset=\"https:\/\/i0.wp.com\/eltrabajo.cl\/portal\/wp-content\/uploads\/2020\/08\/puma-Traslado.jpg?w=580&amp;ssl=1 580w, https:\/\/i0.wp.com\/eltrabajo.cl\/portal\/wp-content\/uploads\/2020\/08\/puma-Traslado.jpg?resize=300%2C186&amp;ssl=1 300w, https:\/\/i0.wp.com\/eltrabajo.cl\/portal\/wp-content\/uploads\/2020\/08\/puma-Traslado.jpg?resize=200%2C124&amp;ssl=1 200w\" sizes=\"auto, (max-width: 580px) 100vw, 580px\" \/><figcaption id=\"caption-attachment-101549\" class=\"wp-caption-text\">Funcionarios del SAG lo trasladaron hasta la cl\u00ednica veterinaria del Zool\u00f3gico Nacional, presentando dos proyectiles en el cuerpo adem\u00e1s de diversas heridas por el presumible ataque de perros.<\/figcaption><\/figure>\n","protected":false},"excerpt":{"rendered":"<p>El Servicio Agr\u00edcola y Ganadero busca sancionar a quienes dispararon en contra del felino, cuya especie se encuentra protegida por la Ley de Caza. El Servicio Agr\u00edcola y Ganadero interpuso una denuncia&#8230;<\/p>\n","protected":false},"author":482,"featured_media":101548,"comment_status":"closed","ping_status":"open","sticky":false,"template":"","format":"standard","meta":{"advanced_seo_description":"","jetpack_seo_html_title":"","jetpack_seo_noindex":false,"_jetpack_memberships_contains_paid_content":false,"footnotes":""},"categories":[103],"tags":[],"class_list":["post-101547","post","type-post","status-publish","format-standard","has-post-thumbnail","hentry","category-cronica-2"],"jetpack_featured_media_url":"https:\/\/i0.wp.com\/eltrabajo.cl\/portal\/wp-content\/uploads\/2020\/08\/Puma-Chilcas.jpg?fit=580%2C358&ssl=1","jetpack_sharing_enabled":true,"jetpack_likes_enabled":true,"jetpack-related-posts":[],"_links":{"self":[{"href":"https:\/\/eltrabajo.cl\/portal\/wp-json\/wp\/v2\/posts\/101547","targetHints":{"allow":["GET"]}}],"collection":[{"href":"https:\/\/eltrabajo.cl\/portal\/wp-json\/wp\/v2\/posts"}],"about":[{"href":"https:\/\/eltrabajo.cl\/portal\/wp-json\/wp\/v2\/types\/post"}],"author":[{"embeddable":true,"href":"https:\/\/eltrabajo.cl\/portal\/wp-json\/wp\/v2\/users\/482"}],"replies":[{"embeddable":true,"href":"https:\/\/eltrabajo.cl\/portal\/wp-json\/wp\/v2\/comments?post=101547"}],"version-history":[{"count":0,"href":"https:\/\/eltrabajo.cl\/portal\/wp-json\/wp\/v2\/posts\/101547\/revisions"}],"wp:featuredmedia":[{"embeddable":true,"href":"https:\/\/eltrabajo.cl\/portal\/wp-json\/wp\/v2\/media\/101548"}],"wp:attachment":[{"href":"https:\/\/eltrabajo.cl\/portal\/wp-json\/wp\/v2\/media?parent=101547"}],"wp:term":[{"taxonomy":"category","embeddable":true,"href":"https:\/\/eltrabajo.cl\/portal\/wp-json\/wp\/v2\/categories?post=101547"},{"taxonomy":"post_tag","embeddable":true,"href":"https:\/\/eltrabajo.cl\/portal\/wp-json\/wp\/v2\/tags?post=101547"}],"curies":[{"name":"wp","href":"https:\/\/api.w.org\/{rel}","templated":true}]}}