{"id":101613,"date":"2020-08-06T20:18:54","date_gmt":"2020-08-07T00:18:54","guid":{"rendered":"https:\/\/www.eltrabajo.cl\/portal\/?p=101613"},"modified":"2020-08-06T20:25:50","modified_gmt":"2020-08-07T00:25:50","slug":"bomberos-de-san-felipe-reanuda-convenio-con-radios-carnaval-y-contemporanea","status":"publish","type":"post","link":"https:\/\/eltrabajo.cl\/portal\/bomberos-de-san-felipe-reanuda-convenio-con-radios-carnaval-y-contemporanea\/","title":{"rendered":"Bomberos de San Felipe reanuda convenio con radios Carnaval y Contempor\u00e1nea"},"content":{"rendered":"<p style=\"text-align: justify;\">Con la firma de un convenio se concret\u00f3 la reactivaci\u00f3n de un antiguo acuerdo para difundir en tiempo real a trav\u00e9s de las se\u00f1ales de radio Carnaval <strong>98.3<\/strong> y radio Contempor\u00e1nea <strong>97.5<\/strong>, las emergencias recibidas en la central de la comandancia del Cuerpo de Bomberos de San Felipe.<\/p>\n<p style=\"text-align: justify;\">La idea b\u00e1sica del proyecto, como manifest\u00f3 el propio superintendente <strong>David Guajardo<\/strong>, es descongestionar las l\u00edneas telef\u00f3nicas de la central, las cuales tienden a aumentar su recepci\u00f3n de llamados por el inter\u00e9s de la ciudadan\u00eda en saber d\u00f3nde ocurre el siniestro.<\/p>\n<p style=\"text-align: justify;\">En los medios de comunicaci\u00f3n se\u00f1alaron que, al emitirse en tiempo real el llamado de comandancia tanto por la frecuencia <strong>98.3<\/strong> de radio Carnaval y <strong>97.5<\/strong> de radio Contempor\u00e1nea, la ciudadan\u00eda podr\u00e1 informarse no s\u00f3lo d\u00f3nde se registra la emergencia, adem\u00e1s sabr\u00e1 qu\u00e9 emergencia se registra y la unidad o m\u00f3vil que concurre. <em>\u00abPara nosotros como medios de comunicaci\u00f3n es un aporte a la comunidad el poder trabajar en conjunto con una de las instituciones m\u00e1s respetadas y queridas del pa\u00eds\u00bb,<\/em> se\u00f1alaron.<\/p>\n<p style=\"text-align: justify;\">Desde ahora, cuando escuche la sirena de Bomberos de San Felipe, sintonice el <strong>98.3<\/strong> \u00f3 el <strong>97.5<\/strong> FM y ent\u00e9rese en tiempo real del tipo y lugar de la emergencia.<\/p>\n<figure id=\"attachment_101614\" aria-describedby=\"caption-attachment-101614\" style=\"width: 580px\" class=\"wp-caption alignnone\"><img data-recalc-dims=\"1\" loading=\"lazy\" decoding=\"async\" class=\"size-full wp-image-101614\" src=\"https:\/\/i0.wp.com\/eltrabajo.cl\/portal\/wp-content\/uploads\/2020\/08\/convenio-bomberos-carnaval.jpg?resize=580%2C358&#038;ssl=1\" alt=\"De izquierda a derecha Pedro Cabrera (Radio Contempor\u00e1nea), David Guajardo (superintendente Bomberos San Felipe), Henry Aravena (Radio Carnaval) y Jos\u00e9 Estay (Comunicaciones Bomberos San Felipe).\" width=\"580\" height=\"358\" srcset=\"https:\/\/i0.wp.com\/eltrabajo.cl\/portal\/wp-content\/uploads\/2020\/08\/convenio-bomberos-carnaval.jpg?w=580&amp;ssl=1 580w, https:\/\/i0.wp.com\/eltrabajo.cl\/portal\/wp-content\/uploads\/2020\/08\/convenio-bomberos-carnaval.jpg?resize=300%2C185&amp;ssl=1 300w, https:\/\/i0.wp.com\/eltrabajo.cl\/portal\/wp-content\/uploads\/2020\/08\/convenio-bomberos-carnaval.jpg?resize=200%2C123&amp;ssl=1 200w\" sizes=\"auto, (max-width: 580px) 100vw, 580px\" \/><figcaption id=\"caption-attachment-101614\" class=\"wp-caption-text\">De izquierda a derecha Pedro Cabrera (Radio Contempor\u00e1nea), David Guajardo (superintendente Bomberos San Felipe), Henry Aravena (Radio Carnaval) y Jos\u00e9 Estay (Comunicaciones Bomberos San Felipe).<\/figcaption><\/figure>\n","protected":false},"excerpt":{"rendered":"<p>Con la firma de un convenio se concret\u00f3 la reactivaci\u00f3n de un antiguo acuerdo para difundir en tiempo real a trav\u00e9s de las se\u00f1ales de radio Carnaval 98.3 y radio Contempor\u00e1nea 97.5,&#8230;<\/p>\n","protected":false},"author":482,"featured_media":101614,"comment_status":"closed","ping_status":"open","sticky":false,"template":"","format":"standard","meta":{"advanced_seo_description":"","jetpack_seo_html_title":"","jetpack_seo_noindex":false,"_jetpack_memberships_contains_paid_content":false,"footnotes":""},"categories":[15],"tags":[],"class_list":["post-101613","post","type-post","status-publish","format-standard","has-post-thumbnail","hentry","category-comunidad"],"jetpack_featured_media_url":"https:\/\/i0.wp.com\/eltrabajo.cl\/portal\/wp-content\/uploads\/2020\/08\/convenio-bomberos-carnaval.jpg?fit=580%2C358&ssl=1","jetpack_sharing_enabled":true,"jetpack_likes_enabled":true,"jetpack-related-posts":[],"_links":{"self":[{"href":"https:\/\/eltrabajo.cl\/portal\/wp-json\/wp\/v2\/posts\/101613","targetHints":{"allow":["GET"]}}],"collection":[{"href":"https:\/\/eltrabajo.cl\/portal\/wp-json\/wp\/v2\/posts"}],"about":[{"href":"https:\/\/eltrabajo.cl\/portal\/wp-json\/wp\/v2\/types\/post"}],"author":[{"embeddable":true,"href":"https:\/\/eltrabajo.cl\/portal\/wp-json\/wp\/v2\/users\/482"}],"replies":[{"embeddable":true,"href":"https:\/\/eltrabajo.cl\/portal\/wp-json\/wp\/v2\/comments?post=101613"}],"version-history":[{"count":0,"href":"https:\/\/eltrabajo.cl\/portal\/wp-json\/wp\/v2\/posts\/101613\/revisions"}],"wp:featuredmedia":[{"embeddable":true,"href":"https:\/\/eltrabajo.cl\/portal\/wp-json\/wp\/v2\/media\/101614"}],"wp:attachment":[{"href":"https:\/\/eltrabajo.cl\/portal\/wp-json\/wp\/v2\/media?parent=101613"}],"wp:term":[{"taxonomy":"category","embeddable":true,"href":"https:\/\/eltrabajo.cl\/portal\/wp-json\/wp\/v2\/categories?post=101613"},{"taxonomy":"post_tag","embeddable":true,"href":"https:\/\/eltrabajo.cl\/portal\/wp-json\/wp\/v2\/tags?post=101613"}],"curies":[{"name":"wp","href":"https:\/\/api.w.org\/{rel}","templated":true}]}}