{"id":101620,"date":"2020-08-06T20:25:03","date_gmt":"2020-08-07T00:25:03","guid":{"rendered":"https:\/\/www.eltrabajo.cl\/portal\/?p=101620"},"modified":"2020-08-06T20:25:03","modified_gmt":"2020-08-07T00:25:03","slug":"sea-declara-admisible-recurso-de-invalidacion-contra-vizcachitas-holding","status":"publish","type":"post","link":"https:\/\/eltrabajo.cl\/portal\/sea-declara-admisible-recurso-de-invalidacion-contra-vizcachitas-holding\/","title":{"rendered":"SEA declara admisible recurso de invalidaci\u00f3n contra Vizcachitas Holding"},"content":{"rendered":"<p style=\"text-align: left;\"><span style=\"color: #c81400;\"><strong>Proyecto de sondajes mineros:<\/strong><\/span><\/p>\n<ul>\n<li style=\"text-align: left;\"><strong>Positivo resultado gener\u00f3 contrataci\u00f3n municipal de equipo de profesionales especialistas en tem\u00e1ticas judiciales y medioambientales, quienes interpusieron recurso de invalidaci\u00f3n a la Resoluci\u00f3n de Calificaci\u00f3n Ambiental que aprob\u00f3\u00a0 350 Sondajes Mineros de Prefactibilidad en el sector Las Tejas, de la comuna de Putaendo. Estas primeras acciones abren alternativas a la comunidad para apelar a resoluciones de proyectos mineros perjudiciales para el medioambiente de Putaendo.<\/strong><\/li>\n<\/ul>\n<p style=\"text-align: justify;\"><strong>PUTAENDO.-<\/strong> <em>\u00abLas autoridades comunales y organizaciones sociales de Putaendo han ratificado en varias instancias su rechazo a proyectos de Gran Miner\u00eda en el territorio comunal. Por consiguiente, la defensa del patrimonio medioambiental y los ecosistemas cordilleranos se debe dar en todos los \u00e1mbitos, siendo el administrativo y judicial, uno de ellos\u00bb,<\/em> se\u00f1al\u00f3 el alcalde de Putaendo, <strong>Sergio Zamora<\/strong>.<\/p>\n<p style=\"text-align: justify;\">Lo anterior porque hace algunos meses, el Honorable Concejo Municipal aprob\u00f3 la contrataci\u00f3n de una \u00abasesor\u00eda t\u00e9cnica y jur\u00eddica medioambiental en defensa de la comunidad\u00bb, compuesta por profesionales expertos en estas materias.<\/p>\n<p style=\"text-align: justify;\">Una de las primeras acciones realizadas por este equipo asesor fue acompa\u00f1ar al Comit\u00e9 de Agua Potable Rural de Guzmanes para interponer un recurso de invalidaci\u00f3n a la Resoluci\u00f3n de Calificaci\u00f3n Ambiental (RCA) del proyecto \u2018Sondajes Mineros de prefactibilidad Las Tejas\u2019 de la\u00a0 Compa\u00f1\u00eda Minera Vizcachitas Holding, recurso recientemente acogido por el SEA de la regi\u00f3n de Valpara\u00edso.<\/p>\n<p style=\"text-align: justify;\">\u00ab<em>Esto significa que el Servicio de Evaluaci\u00f3n Ambiental revisar\u00e1 todo el proceso, atendiendo a los argumentos presentados por el Comit\u00e9 de Agua Potable Rural de Guzmanes y tambi\u00e9n los presentados por otras organizaciones de Putaendo que tambi\u00e9n pusieron recursos de invalidaci\u00f3n\u00bb,<\/em> explic\u00f3 <strong>Salvador Donghi<\/strong>, bi\u00f3logo de la consultora SIMBIOSIS contratada por el municipio.<\/p>\n<p style=\"text-align: justify;\">Al respecto el alcalde de Putaendo, Sergio Zamora, junto con manifestar su satisfacci\u00f3n por lo acontecido, indic\u00f3 que\u00a0 <em>\u00abcomo municipalidad, a trav\u00e9s del Concejo Municipal, hemos dicho en reiteradas oportunidades que rechazamos la instalaci\u00f3n de la gran miner\u00eda en nuestro Putaendo. Eso lo reafirmamos y esta acci\u00f3n nos pone muy contentos, es una buena noticia, porque quiere decir que estamos en sinton\u00eda con lo que dice la comunidad organizada de nuestra comuna\u00bb.<\/em><\/p>\n<p style=\"text-align: justify;\">Para las autoridades comunales, las acciones llevadas a cabo por el APR de Guzmanes en conjunto con profesionales expertos, constituyen un aliciente en el largo y complejo camino de defensa del agua, la naturaleza y el patrimonio ambiental y cultural que la gran mayor\u00eda de los putaendinos y putaendinas han iniciado hace varios a\u00f1os.<\/p>\n<figure id=\"attachment_101621\" aria-describedby=\"caption-attachment-101621\" style=\"width: 580px\" class=\"wp-caption alignnone\"><img data-recalc-dims=\"1\" loading=\"lazy\" decoding=\"async\" class=\"size-full wp-image-101621\" src=\"https:\/\/i0.wp.com\/eltrabajo.cl\/portal\/wp-content\/uploads\/2020\/08\/Reunion-en-Las-Tejas.jpg?resize=580%2C359&#038;ssl=1\" alt=\"El reci\u00e9n asumido alcalde de Putaendo, Sergio Zamora, reafirm\u00f3 el rechazo que la comunidad de Putaendo ha expresado a la gran miner\u00eda en su territorio. (Foto archivo)\" width=\"580\" height=\"359\" srcset=\"https:\/\/i0.wp.com\/eltrabajo.cl\/portal\/wp-content\/uploads\/2020\/08\/Reunion-en-Las-Tejas.jpg?w=580&amp;ssl=1 580w, https:\/\/i0.wp.com\/eltrabajo.cl\/portal\/wp-content\/uploads\/2020\/08\/Reunion-en-Las-Tejas.jpg?resize=300%2C186&amp;ssl=1 300w, https:\/\/i0.wp.com\/eltrabajo.cl\/portal\/wp-content\/uploads\/2020\/08\/Reunion-en-Las-Tejas.jpg?resize=200%2C124&amp;ssl=1 200w\" sizes=\"auto, (max-width: 580px) 100vw, 580px\" \/><figcaption id=\"caption-attachment-101621\" class=\"wp-caption-text\">El reci\u00e9n asumido alcalde de Putaendo, Sergio Zamora, reafirm\u00f3 el rechazo que la comunidad de Putaendo ha expresado a la gran miner\u00eda en su territorio. (Foto archivo)<\/figcaption><\/figure>\n","protected":false},"excerpt":{"rendered":"<p>Proyecto de sondajes mineros: Positivo resultado gener\u00f3 contrataci\u00f3n municipal de equipo de profesionales especialistas en tem\u00e1ticas judiciales y medioambientales, quienes interpusieron recurso de invalidaci\u00f3n a la Resoluci\u00f3n de Calificaci\u00f3n Ambiental que aprob\u00f3\u00a0&#8230;<\/p>\n","protected":false},"author":482,"featured_media":101621,"comment_status":"closed","ping_status":"open","sticky":false,"template":"","format":"standard","meta":{"advanced_seo_description":"","jetpack_seo_html_title":"","jetpack_seo_noindex":false,"_jetpack_memberships_contains_paid_content":false,"footnotes":""},"categories":[103],"tags":[],"class_list":["post-101620","post","type-post","status-publish","format-standard","has-post-thumbnail","hentry","category-cronica-2"],"jetpack_featured_media_url":"https:\/\/i0.wp.com\/eltrabajo.cl\/portal\/wp-content\/uploads\/2020\/08\/Reunion-en-Las-Tejas.jpg?fit=580%2C359&ssl=1","jetpack_sharing_enabled":true,"jetpack_likes_enabled":true,"jetpack-related-posts":[],"_links":{"self":[{"href":"https:\/\/eltrabajo.cl\/portal\/wp-json\/wp\/v2\/posts\/101620","targetHints":{"allow":["GET"]}}],"collection":[{"href":"https:\/\/eltrabajo.cl\/portal\/wp-json\/wp\/v2\/posts"}],"about":[{"href":"https:\/\/eltrabajo.cl\/portal\/wp-json\/wp\/v2\/types\/post"}],"author":[{"embeddable":true,"href":"https:\/\/eltrabajo.cl\/portal\/wp-json\/wp\/v2\/users\/482"}],"replies":[{"embeddable":true,"href":"https:\/\/eltrabajo.cl\/portal\/wp-json\/wp\/v2\/comments?post=101620"}],"version-history":[{"count":0,"href":"https:\/\/eltrabajo.cl\/portal\/wp-json\/wp\/v2\/posts\/101620\/revisions"}],"wp:featuredmedia":[{"embeddable":true,"href":"https:\/\/eltrabajo.cl\/portal\/wp-json\/wp\/v2\/media\/101621"}],"wp:attachment":[{"href":"https:\/\/eltrabajo.cl\/portal\/wp-json\/wp\/v2\/media?parent=101620"}],"wp:term":[{"taxonomy":"category","embeddable":true,"href":"https:\/\/eltrabajo.cl\/portal\/wp-json\/wp\/v2\/categories?post=101620"},{"taxonomy":"post_tag","embeddable":true,"href":"https:\/\/eltrabajo.cl\/portal\/wp-json\/wp\/v2\/tags?post=101620"}],"curies":[{"name":"wp","href":"https:\/\/api.w.org\/{rel}","templated":true}]}}