{"id":101635,"date":"2020-08-07T08:00:12","date_gmt":"2020-08-07T12:00:12","guid":{"rendered":"https:\/\/www.eltrabajo.cl\/portal\/?p=101635"},"modified":"2020-08-10T04:06:07","modified_gmt":"2020-08-10T08:06:07","slug":"sanfelipenos-no-toman-conciencia-y-ayer-se-registraron-12-casos-de-covid-19-positivo","status":"publish","type":"post","link":"https:\/\/eltrabajo.cl\/portal\/sanfelipenos-no-toman-conciencia-y-ayer-se-registraron-12-casos-de-covid-19-positivo\/","title":{"rendered":"Sanfelipe\u00f1os no toman conciencia y ayer se registraron 12 casos de Covid-19 positivo"},"content":{"rendered":"<p style=\"text-align: left;\"><span style=\"color: #c81400;\"><strong>El n\u00famero m\u00e1s alto en la Transici\u00f3n. \u00bfVolveremos a la cuarentena?:<\/strong><\/span><\/p>\n<p style=\"text-align: justify;\">Ojo con lo que est\u00e1 sucediendo en San Felipe porque ayer solamente en la ciudad de San Felipe aparecieron 12 nuevos casos de contagio por Covid-19. Esto deber\u00eda encender las alarmas porque hay que recordar que San Felipe, a diferencia de Los Andes, pas\u00f3 a la Fase 2, tambi\u00e9n llamada de transici\u00f3n.<\/p>\n<p style=\"text-align: justify;\">En cuanto a Los Andes, al menos ayer no registr\u00f3 casos de contagio.<\/p>\n<p style=\"text-align: justify;\">El resumen del d\u00eda que dio a conocer el Seremi de Salud Quinta regi\u00f3n, qu\u00edmico farmac\u00e9utico <strong>Francisco \u00c1lvarez<\/strong>, arroja las siguientes cifras:<\/p>\n<p style=\"text-align: justify;\"><strong>San Felipe\u00a0\u00a0\u00a0\u00a0\u00a0\u00a0\u00a0 12<\/strong><\/p>\n<p style=\"text-align: justify;\">Catemu \u00a0\u00a0\u00a0\u00a0\u00a0\u00a0\u00a0\u00a0\u00a0\u00a0\u00a0\u00a0\u00a0\u00a0 1<\/p>\n<p style=\"text-align: justify;\">Llay Llay \u00a0\u00a0\u00a0\u00a0\u00a0\u00a0\u00a0\u00a0\u00a0\u00a0\u00a0 2<\/p>\n<p style=\"text-align: justify;\">Putaendo \u00a0\u00a0\u00a0\u00a0\u00a0\u00a0\u00a0\u00a0\u00a0\u00a0 1<\/p>\n<p style=\"text-align: justify;\">Santa Mar\u00eda \u00a0\u00a0\u00a0\u00a0\u00a0 1<\/p>\n<p style=\"text-align: justify;\">Calle Larga \u00a0\u00a0\u00a0\u00a0\u00a0\u00a0\u00a0 1<\/p>\n<p style=\"text-align: justify;\">San Esteban \u00a0\u00a0\u00a0\u00a0 1<\/p>\n<p style=\"text-align: justify;\">Total 19 casos nuevos en el Valle del Aconcagua.<\/p>\n<p style=\"text-align: justify;\"><span style=\"color: #c81400;\"><strong>REACCIONES EN REDES SOCIALES<\/strong><\/span><\/p>\n<hr \/>\r\n\r\n<h4 style=\"text-align: justify\">Lo sentimos. Este contenido est\u00e1 restringido para usuarios no registrados en alguno de nuestros <strong><span style=\"color: #ff0000\"><a style=\"color: #ff0000\" href=\"https:\/\/eltrabajo.cl\/portal\/regism\/\">Planes de Suscripci\u00f3n<\/a><\/span><\/strong>. Si deseas registrarte o renovar tu suscripci\u00f3n, puedes hacerlo v\u00eda transferencia bancaria haciendo click <span style=\"color: #ff0000\"><a style=\"color: #ff0000\" href=\"https:\/\/eltrabajo.cl\/portal\/transfer\/\">aqu\u00ed<\/a>.<\/span><\/h4>\r\n&nbsp;\r\n<h4 style=\"text-align: center\">Recuerda registrarte y suscribirte a Diario EL TRABAJO.\r\nNuestros suscriptores no ven este mensaje.\r\n(Por ahora contin\u00faa disfrutando la lectura)<\/h4>\r\n\r\n<hr \/>\r\n\r\n&nbsp;\n<p style=\"text-align: justify;\">&#8211; <strong>Ingrid<\/strong>: <em>\u00abAyer 5, hoy 12, claramente la gente no est\u00e1 tomando cuidado, porque las \u00faltimas medidas de seguridad en pandemia est\u00e1n, y somos adultos, entendemos\u2026 qu\u00e9 mal, muy mal en San Felipe. Es una nueva realidad, tendremos que aprender a vivir, qu\u00e9 pena\u00bb.<\/em><\/p>\n<p style=\"text-align: justify;\">&#8211; <strong>Ivett<\/strong>: <em>\u00abNo quiero estar en cuarentena\u2026 por favor hagan caso, no se expongan, no salga si no es necesario, hay mucha gente que necesita trabajar y en cuarentena se hace m\u00e1s dif\u00edcil\u00bb.<\/em><\/p>\n<p style=\"text-align: justify;\">&#8211; <strong>Ricardo<\/strong>: <em>\u00abVengo en direcci\u00f3n a mi casa despu\u00e9s del trabajo y veo en Falabella una fila largu\u00edsima, con cero distancia social, y lo m\u00e1s preocupante, muchos ni\u00f1os y personas de la tercera edad\u2026 cero responsabilidad. Si van a comprar, vaya solo\u2026 las grandes tiendas seguir\u00e1n ah\u00ed despu\u00e9s que pase todo esto, pero usted debe preocuparse en estar sano y no exponerse usted y los suyos\u00bb.<\/em><\/p>\n<p style=\"text-align: justify;\">&#8211; <strong>Orieta<\/strong>: <em>\u00abQu\u00e9 pena, tanta gente inconsciente, vamos derecho a cuarentena\u00bb.<\/em><\/p>\n<p style=\"text-align: justify;\">&#8211; <strong>Sandra<\/strong>: <em>\u00abLes quitaron la cuarentena y se fundieron saliendo. Qu\u00e9 gente m\u00e1s porfiada, cu\u00e1ndo van a entender que quitar la cuarentena no significa que la pandemia termin\u00f3. Qu\u00e9 necesidad hay en salir a vitrinear, porque a eso salen. Ojala que en Los Andes, cuando la quiten, no seamos igual. Hay que respetar y cuidarse\u00bb.<\/em><\/p>\n<p style=\"text-align: justify;\">&#8211; <strong>Cristina<\/strong>: <em>\u00abGente porfiada que no entienden, son adultos y cero empat\u00eda con la situaci\u00f3n que se vive, m\u00e1s encima por los porfiados pagamos todos, no es justo, qu\u00e9 rabia\u00bb. <\/em><\/p>\n<p style=\"text-align: justify;\">&#8211; <strong>Angelina<\/strong>: <em>\u00abAyer dos irresponsables me refutaron que viviera y dejara vivir!!. Que al fin eran libres y bla bla, luego de una intensa pelea me bloquearon\u2026 Bueno, t\u00edpico, ac\u00e1 est\u00e1n las consecuencias de personas como ellos. Angustiados, porfiados y sin conciencia, al parecer volvemos al encierro\u00bb.<\/em><\/p>\n<p style=\"text-align: justify;\">Y as\u00ed hay muchos comentarios en las redes sociales que critican el actuar de la gente teniendo presente que San Felipe ayer registr\u00f3 12 nuevos casos de contagio de Covid-19.<\/p>\n<p style=\"text-align: justify;\">S\u00f3lo queda preguntarse: \u00bfCorremos el riesgo de volver a cuarentena?<\/p>\n<figure id=\"attachment_101636\" aria-describedby=\"caption-attachment-101636\" style=\"width: 580px\" class=\"wp-caption alignnone\"><img data-recalc-dims=\"1\" loading=\"lazy\" decoding=\"async\" class=\"size-full wp-image-101636\" src=\"https:\/\/i0.wp.com\/eltrabajo.cl\/portal\/wp-content\/uploads\/2020\/08\/filas.jpg?resize=580%2C358&#038;ssl=1\" alt=\"Para muestra un bot\u00f3n: gran cantidad de personas haciendo fila afuera de un banco.\" width=\"580\" height=\"358\" srcset=\"https:\/\/i0.wp.com\/eltrabajo.cl\/portal\/wp-content\/uploads\/2020\/08\/filas.jpg?w=580&amp;ssl=1 580w, https:\/\/i0.wp.com\/eltrabajo.cl\/portal\/wp-content\/uploads\/2020\/08\/filas.jpg?resize=300%2C185&amp;ssl=1 300w, https:\/\/i0.wp.com\/eltrabajo.cl\/portal\/wp-content\/uploads\/2020\/08\/filas.jpg?resize=200%2C123&amp;ssl=1 200w\" sizes=\"auto, (max-width: 580px) 100vw, 580px\" \/><figcaption id=\"caption-attachment-101636\" class=\"wp-caption-text\">Para muestra un bot\u00f3n: gran cantidad de personas haciendo fila afuera de un banco.<\/figcaption><\/figure>\n","protected":false},"excerpt":{"rendered":"<p>El n\u00famero m\u00e1s alto en la Transici\u00f3n. \u00bfVolveremos a la cuarentena?: Ojo con lo que est\u00e1 sucediendo en San Felipe porque ayer solamente en la ciudad de San Felipe aparecieron 12 nuevos&#8230;<\/p>\n","protected":false},"author":482,"featured_media":101636,"comment_status":"closed","ping_status":"open","sticky":false,"template":"","format":"standard","meta":{"advanced_seo_description":"","jetpack_seo_html_title":"","jetpack_seo_noindex":false,"_jetpack_memberships_contains_paid_content":false,"footnotes":""},"categories":[105,103],"tags":[],"class_list":["post-101635","post","type-post","status-publish","format-standard","has-post-thumbnail","hentry","category-covid-19","category-cronica-2"],"jetpack_featured_media_url":"https:\/\/i0.wp.com\/eltrabajo.cl\/portal\/wp-content\/uploads\/2020\/08\/filas.jpg?fit=580%2C358&ssl=1","jetpack_sharing_enabled":true,"jetpack_likes_enabled":true,"jetpack-related-posts":[],"_links":{"self":[{"href":"https:\/\/eltrabajo.cl\/portal\/wp-json\/wp\/v2\/posts\/101635","targetHints":{"allow":["GET"]}}],"collection":[{"href":"https:\/\/eltrabajo.cl\/portal\/wp-json\/wp\/v2\/posts"}],"about":[{"href":"https:\/\/eltrabajo.cl\/portal\/wp-json\/wp\/v2\/types\/post"}],"author":[{"embeddable":true,"href":"https:\/\/eltrabajo.cl\/portal\/wp-json\/wp\/v2\/users\/482"}],"replies":[{"embeddable":true,"href":"https:\/\/eltrabajo.cl\/portal\/wp-json\/wp\/v2\/comments?post=101635"}],"version-history":[{"count":0,"href":"https:\/\/eltrabajo.cl\/portal\/wp-json\/wp\/v2\/posts\/101635\/revisions"}],"wp:featuredmedia":[{"embeddable":true,"href":"https:\/\/eltrabajo.cl\/portal\/wp-json\/wp\/v2\/media\/101636"}],"wp:attachment":[{"href":"https:\/\/eltrabajo.cl\/portal\/wp-json\/wp\/v2\/media?parent=101635"}],"wp:term":[{"taxonomy":"category","embeddable":true,"href":"https:\/\/eltrabajo.cl\/portal\/wp-json\/wp\/v2\/categories?post=101635"},{"taxonomy":"post_tag","embeddable":true,"href":"https:\/\/eltrabajo.cl\/portal\/wp-json\/wp\/v2\/tags?post=101635"}],"curies":[{"name":"wp","href":"https:\/\/api.w.org\/{rel}","templated":true}]}}