{"id":101725,"date":"2020-08-10T07:40:25","date_gmt":"2020-08-10T11:40:25","guid":{"rendered":"https:\/\/www.eltrabajo.cl\/portal\/?p=101725"},"modified":"2020-08-09T19:47:29","modified_gmt":"2020-08-09T23:47:29","slug":"el-futbol-amateur-prepara-su-protocolo-para-el-retorno","status":"publish","type":"post","link":"https:\/\/eltrabajo.cl\/portal\/el-futbol-amateur-prepara-su-protocolo-para-el-retorno\/","title":{"rendered":"El f\u00fatbol amateur prepara su protocolo para el retorno"},"content":{"rendered":"<p style=\"text-align: justify;\">A pasos agigantados, sin detenci\u00f3n, de manera muy silenciosa y asesorado por destacados profesionales, el balompi\u00e9 aficionado elabora su propio protocolo de retorno a las actividades. Seg\u00fan una fuente altamente confiable con la cual <strong>El Trabajo Deportivo<\/strong> pudo contactarse, el documento dictar\u00e1 normas muy estrictas que deber\u00e1n hacer cumplir las respectivas asociaciones a los clubes que las conforman, ya que la vuelta a las actividades deber\u00e1 ser segura, para disminuir lo m\u00e1s que se pueda las posibilidades de contagio entre quienes juegan de manera aficionada el deporte m\u00e1s popular en el pa\u00eds.<\/p>\n<p style=\"text-align: justify;\">Sin una fecha confirmada para el regreso, es muy claro que Arfa Quinta Regi\u00f3n, pondr\u00e1 mucha atenci\u00f3n en como ejecutar el protocolo en la Copa de Campeones, que es por ahora el \u00fanico torneo que volver\u00e1 cuando se den las condiciones para hacerlo. Esto es b\u00e1sicamente por el hecho que la competencia ya est\u00e1 avanzada, y solo se juegan partidos en una serie (honor), por lo que no habr\u00eda mayores inconvenientes para aplicar medidas restrictivas como por ejemplo lo ser\u00e1n: Jugar sin p\u00fablico, alcohol gel, canchas que garanticen impecables condiciones higi\u00e9nicas, tomas de temperatura a todos quienes ingresar\u00e1n a los recintos y los test r\u00e1pidos.<\/p>\n<p style=\"text-align: justify;\">En las distintas asociaciones de la regi\u00f3n y el pa\u00eds, existe mucha expectaci\u00f3n sobre lo que les exigir\u00e1 el protocolo, a ra\u00edz que es evidente que algunas no podr\u00e1n -al menos que tengan el apoyo de la autoridad- llevar a la pr\u00e1ctica las medidas sanitarias que garanticen que se podr\u00e1 jugar al \u2018deporte rey\u2019 de manera mediamente segura.<\/p>\n<figure id=\"attachment_101726\" aria-describedby=\"caption-attachment-101726\" style=\"width: 580px\" class=\"wp-caption alignnone\"><img data-recalc-dims=\"1\" loading=\"lazy\" decoding=\"async\" class=\"size-full wp-image-101726\" src=\"https:\/\/i0.wp.com\/eltrabajo.cl\/portal\/wp-content\/uploads\/2020\/08\/amateur.jpg?resize=580%2C359&#038;ssl=1\" alt=\"El balompi\u00e9 amateur ya elabora su protocolo sanitario para el retorno.\" width=\"580\" height=\"359\" srcset=\"https:\/\/i0.wp.com\/eltrabajo.cl\/portal\/wp-content\/uploads\/2020\/08\/amateur.jpg?w=580&amp;ssl=1 580w, https:\/\/i0.wp.com\/eltrabajo.cl\/portal\/wp-content\/uploads\/2020\/08\/amateur.jpg?resize=300%2C186&amp;ssl=1 300w, https:\/\/i0.wp.com\/eltrabajo.cl\/portal\/wp-content\/uploads\/2020\/08\/amateur.jpg?resize=200%2C124&amp;ssl=1 200w\" sizes=\"auto, (max-width: 580px) 100vw, 580px\" \/><figcaption id=\"caption-attachment-101726\" class=\"wp-caption-text\">El balompi\u00e9 amateur ya elabora su protocolo sanitario para el retorno.<\/figcaption><\/figure>\n","protected":false},"excerpt":{"rendered":"<p>A pasos agigantados, sin detenci\u00f3n, de manera muy silenciosa y asesorado por destacados profesionales, el balompi\u00e9 aficionado elabora su propio protocolo de retorno a las actividades. Seg\u00fan una fuente altamente confiable con&#8230;<\/p>\n","protected":false},"author":482,"featured_media":101726,"comment_status":"closed","ping_status":"open","sticky":false,"template":"","format":"standard","meta":{"advanced_seo_description":"","jetpack_seo_html_title":"","jetpack_seo_noindex":false,"_jetpack_memberships_contains_paid_content":false,"footnotes":""},"categories":[105,19],"tags":[],"class_list":["post-101725","post","type-post","status-publish","format-standard","has-post-thumbnail","hentry","category-covid-19","category-deportes"],"jetpack_featured_media_url":"https:\/\/i0.wp.com\/eltrabajo.cl\/portal\/wp-content\/uploads\/2020\/08\/amateur.jpg?fit=580%2C359&ssl=1","jetpack_sharing_enabled":true,"jetpack_likes_enabled":true,"jetpack-related-posts":[],"_links":{"self":[{"href":"https:\/\/eltrabajo.cl\/portal\/wp-json\/wp\/v2\/posts\/101725","targetHints":{"allow":["GET"]}}],"collection":[{"href":"https:\/\/eltrabajo.cl\/portal\/wp-json\/wp\/v2\/posts"}],"about":[{"href":"https:\/\/eltrabajo.cl\/portal\/wp-json\/wp\/v2\/types\/post"}],"author":[{"embeddable":true,"href":"https:\/\/eltrabajo.cl\/portal\/wp-json\/wp\/v2\/users\/482"}],"replies":[{"embeddable":true,"href":"https:\/\/eltrabajo.cl\/portal\/wp-json\/wp\/v2\/comments?post=101725"}],"version-history":[{"count":0,"href":"https:\/\/eltrabajo.cl\/portal\/wp-json\/wp\/v2\/posts\/101725\/revisions"}],"wp:featuredmedia":[{"embeddable":true,"href":"https:\/\/eltrabajo.cl\/portal\/wp-json\/wp\/v2\/media\/101726"}],"wp:attachment":[{"href":"https:\/\/eltrabajo.cl\/portal\/wp-json\/wp\/v2\/media?parent=101725"}],"wp:term":[{"taxonomy":"category","embeddable":true,"href":"https:\/\/eltrabajo.cl\/portal\/wp-json\/wp\/v2\/categories?post=101725"},{"taxonomy":"post_tag","embeddable":true,"href":"https:\/\/eltrabajo.cl\/portal\/wp-json\/wp\/v2\/tags?post=101725"}],"curies":[{"name":"wp","href":"https:\/\/api.w.org\/{rel}","templated":true}]}}