{"id":101741,"date":"2020-08-10T08:00:11","date_gmt":"2020-08-10T12:00:11","guid":{"rendered":"https:\/\/www.eltrabajo.cl\/portal\/?p=101741"},"modified":"2020-08-10T11:25:39","modified_gmt":"2020-08-10T15:25:39","slug":"revocan-prision-preventiva-de-acusado-por-abuso-sexual-contra-tres-menores","status":"publish","type":"post","link":"https:\/\/eltrabajo.cl\/portal\/revocan-prision-preventiva-de-acusado-por-abuso-sexual-contra-tres-menores\/","title":{"rendered":"Revocan Prisi\u00f3n Preventiva de acusado por Abuso Sexual contra tres menores"},"content":{"rendered":"<p style=\"text-align: left;\"><span style=\"color: #c81400;\"><strong>Vecinos protestan por decisi\u00f3n de la Corte de Apelaciones:<\/strong><\/span><\/p>\n<p style=\"text-align: justify;\">La Cuarta Sala de Corte de Apelaciones de Valpara\u00edso por Unanimidad revoc\u00f3 -reemplaz\u00f3- la medida cautelar de Prisi\u00f3n Preventiva que reca\u00eda sobre un sujeto de 50 a\u00f1os, de iniciales <strong>G.T.Z.<\/strong> acusado de Abuso Sexual contra tres menores de 14 a\u00f1os de edad en la comuna de Santa Mar\u00eda, donde tambi\u00e9n reside. El imputado se encontraba detenido desde el d\u00eda 29 de julio del presente a\u00f1o.<\/p>\n<p style=\"text-align: justify;\"><span style=\"color: #c81400;\"><strong>HABLA LA DEFENSA<\/strong><\/span><\/p>\n<p style=\"text-align: justify;\">La informaci\u00f3n fue confirmada y entregada por <strong>Hugo Pirtlz<\/strong>, abogado defensor del imputado, quien se\u00f1al\u00f3 que los antecedentes que alcanz\u00f3 a recabar, \u00e9l trat\u00f3 de armar la defensa, \u00ab<em>yo advert\u00ed una serie de contradicciones en los testimonios de las tres menores, en primer t\u00e9rmino la menor <strong>C.I.H.A.<\/strong>, esta menor refiere que concurri\u00f3 con su hermano al taller mec\u00e1nico de mi representado porque mi cliente tiene una casa habitaci\u00f3n y en el antejard\u00edn tiene un taller mec\u00e1nico, \u00e9l es mec\u00e1nico de profesi\u00f3n, entonces esta menor refiere en fiscal\u00eda que concurri\u00f3 a ese taller con s bicicleta y su hermano menor con el efecto que mi cliente le arreglara el neum\u00e1tico que estaba desinflado al parecer, en ese primer momento se habr\u00eda producido un abuso sexual ciertas tocaciones relacionadas en ese contexto, pero aqu\u00ed viene lo curioso que me llam\u00f3 la atenci\u00f3n que ya se produce este primer abuso sexual, el mec\u00e1nico le dice a la ni\u00f1ita vuelve m\u00e1s rato a buscar t\u00fa bicicleta, la ni\u00f1a se va para su casa que es vecina a la de mi cliente donde vive con su \u2018yaya\u2019, la ni\u00f1a no hace ninguna develaci\u00f3n en ese momento luego la ni\u00f1a a las dos horas vuelve al domicilio de mi representado a buscar la bicicleta, ah\u00ed se habr\u00eda producido otro abuso sexual, vuelve a su casa la menor y tampoco devela ese tipo de situaciones, la hicimos valer en la audiencia<\/em>\u00bb, se\u00f1ala.<\/p>\n<p style=\"text-align: justify;\"><span style=\"color: #c81400;\"><strong>V\u00cdDEOS PORNO<\/strong><\/span><\/p>\n<p style=\"text-align: justify;\">\u00ab<em>Posteriormente, existe otra denuncia de otra menor de iniciales <strong>F.B.V.L.<\/strong>, ella refiere que en el mes de febrero de 2016 concurri\u00f3 tambi\u00e9n al taller de mi representado y supuestamente mi representado la habr\u00eda invitado a ver v\u00eddeos pornogr\u00e1ficos, y en otra oportunidad ella refiere que mi representado habr\u00eda abusado sexualmente de ella, vuelvo a repetir lo que dice la carpeta, y en otra oportunidad se refiere que ella estaba con unos amigos en una banca y mi representado habr\u00eda pasado y le habr\u00eda hecho algunos gestos obscenos referidos a la sexualidad, entonces tres menores denuncian en diferentes etapas de tiempo, ninguna la devela en el momento, pudiendo hacerlo, en algunas estaba en compa\u00f1\u00eda de otras menores, no se acompa\u00f1\u00f3 tampoco el testimonio de la menor que estaba supuestamente en la banca cuando se produce el otro abuso sexual<\/em>\u00bb, se\u00f1ala el abogado Hugo Pirtlz.<\/p>\n<p style=\"text-align: justify;\"><span style=\"color: #c81400;\"><strong>\u00bfMALA CONVIVENCIA?<\/strong><\/span><\/p>\n<p style=\"text-align: justify;\">Prosigue se\u00f1alando Pirtlz, que la tercera menor de iniciales <strong>T.F.B.L.<\/strong>, \u00ab<em>refiere que en diciembre de 2018 en un paseo de curso, mi representado en esa oportunidad era padrastro de esta menor y la acompa\u00f1\u00f3 a su paseo de curso que fue en Vi\u00f1a a una piscina, y ella refiere que en la piscina mi representado la habr\u00eda abusado sexualmente, pero ah\u00ed tambi\u00e9n me llam\u00f3 la atenci\u00f3n el hecho, que en un paseo de curso hab\u00edan ni\u00f1os en el agua, apoderados tambi\u00e9n en el agua, caminando alrededor de la piscina vigilando y nadie vio nada, no hay testigos, tampoco solamente el relato de esta menor, entonces fueron antecedentes que pudimos ir sacando de la carpeta referente a estas declaraciones, m\u00e1s aun lo que me coment\u00f3 mi representado de estas rencillas que ven\u00edan anteriormente, b\u00e1sicamente de ciertas denuncias de mala convivencia y en definitiva lo que refiere mi representado es que estos padres b\u00e1sicamente los padres de la primera menor supuestamente abusada, habr\u00edan empezado a buscar la forma de perjudicar a mi representado y se empezaron a contactar con otras personas y se empezaron a generar estas denuncias<\/em>\u00bb, indic\u00f3 Pirtlz.<\/p>\n<p style=\"text-align: justify;\">Lu otro que advirti\u00f3 la Defensa en la carpeta investigativa, es que no existe ning\u00fan Informe Pericial, \u00ab<em>de peritaje psicol\u00f3gico elaborado por la unidad del Cavas con respecto a ninguna de estas menores, se sabe que los peritajes del Cavas son en definitiva los que determinan si el relato de las menores es cre\u00edble o no cre\u00edble, porque estamos hablando de menores de siete a\u00f1os, ocho, nueve a\u00f1os que ciertamente a esa edad no tienen claro a veces la diferencia entre ciertas conductas y pueden ser ciertamente influenciadas, hicimos valer esta situaci\u00f3n y efectivamente no estaban esos informes del cavas<\/em>\u00bb, se\u00f1al\u00f3.<\/p>\n<p style=\"text-align: justify;\">Indica que la decisi\u00f3n de la Corte de Apelaciones fue un\u00e1nime para reemplazar la Prisi\u00f3n Preventiva por el Arresto Domiciliario Total.<\/p>\n<p style=\"text-align: justify;\"><span style=\"color: #c81400;\"><strong>NUEVAS DENUNCIAS<\/strong><\/span><\/p>\n<p style=\"text-align: justify;\">Mientras tanto, la fiscal del caso <strong>Paula Hott<\/strong>, se\u00f1al\u00f3 lo siguiente: \u00ab<em>Durante la semana pasada el imputado por diversos delitos de Abuso Sexual cometido en contra de distintas ni\u00f1as en la comuna de Santa Mar\u00eda, qued\u00f3 en Prisi\u00f3n Preventiva por disposici\u00f3n del Tribunal de Garant\u00eda de San Felipe, sin embargo el abogado defensor del imputado apel\u00f3 de esta resoluci\u00f3n y finalmente el d\u00eda de ayer (jueves) en la cuarta sala de la Corte de Apelaciones de Valpara\u00edso se conoci\u00f3 esta apelaci\u00f3n determinando la corte revocar la Prisi\u00f3n Preventiva del imputado, por considerarla desproporcionada, sustituyendo la Prisi\u00f3n Preventiva por otra medida cautelar que es la del Arresto Domiciliario Total, lo que en definitiva supone que el imputado est\u00e1 cumpliendo\u00a0 esta medida cautelar en su casa, sin perjuicio de esto la fiscal\u00eda ha seguido realizando diligencias de investigaci\u00f3n relacionadas con los hechos por los cuales el imputado ya fue formalizado y adem\u00e1s por dos nuevas denuncias que recibimos durante esta semana y que vinculan al imputado a hechos similares pero cometido en contra de otras ni\u00f1as<\/em>\u00bb, se\u00f1al\u00f3.<\/p>\n<p style=\"text-align: justify;\"><span style=\"color: #c81400;\"><strong>VECINOS INCONFORMES<\/strong><\/span><\/p>\n<p style=\"text-align: justify;\">En tanto, la comunidad de Santa Mar\u00eda no qued\u00f3 para nada conforme con esta decisi\u00f3n de la Corte de Apelaciones de Valpara\u00edso en reemplazar la medida cautelar de Prisi\u00f3n Preventiva por Arresto Domiciliario Total.<\/p>\n<p style=\"text-align: justify;\">Para ello, un grupo de personas entre hombres, ni\u00f1os y mujeres, se reuni\u00f3 la noche de este s\u00e1bado en la Plaza de Armas de esa comuna, portando globos color lila y tambores, para hacer sentir su malestar con esta medida.<\/p>\n<figure id=\"attachment_101742\" aria-describedby=\"caption-attachment-101742\" style=\"width: 580px\" class=\"wp-caption alignnone\"><img data-recalc-dims=\"1\" loading=\"lazy\" decoding=\"async\" class=\"size-full wp-image-101742\" src=\"https:\/\/i0.wp.com\/eltrabajo.cl\/portal\/wp-content\/uploads\/2020\/08\/detenido.jpg?resize=580%2C360&#038;ssl=1\" alt=\"El imputado saliendo del cuartel de la PDI cuando fue detenido.\" width=\"580\" height=\"360\" srcset=\"https:\/\/i0.wp.com\/eltrabajo.cl\/portal\/wp-content\/uploads\/2020\/08\/detenido.jpg?w=580&amp;ssl=1 580w, https:\/\/i0.wp.com\/eltrabajo.cl\/portal\/wp-content\/uploads\/2020\/08\/detenido.jpg?resize=300%2C186&amp;ssl=1 300w, https:\/\/i0.wp.com\/eltrabajo.cl\/portal\/wp-content\/uploads\/2020\/08\/detenido.jpg?resize=200%2C124&amp;ssl=1 200w\" sizes=\"auto, (max-width: 580px) 100vw, 580px\" \/><figcaption id=\"caption-attachment-101742\" class=\"wp-caption-text\">El imputado saliendo del cuartel de la PDI cuando fue detenido.<\/figcaption><\/figure>\n<figure id=\"attachment_101743\" aria-describedby=\"caption-attachment-101743\" style=\"width: 580px\" class=\"wp-caption alignnone\"><img data-recalc-dims=\"1\" loading=\"lazy\" decoding=\"async\" class=\"size-full wp-image-101743\" src=\"https:\/\/i0.wp.com\/eltrabajo.cl\/portal\/wp-content\/uploads\/2020\/08\/Protesta.jpg?resize=580%2C360&#038;ssl=1\" alt=\"Las personas protestando en la plaza de armas de Santa Mar\u00eda.\" width=\"580\" height=\"360\" srcset=\"https:\/\/i0.wp.com\/eltrabajo.cl\/portal\/wp-content\/uploads\/2020\/08\/Protesta.jpg?w=580&amp;ssl=1 580w, https:\/\/i0.wp.com\/eltrabajo.cl\/portal\/wp-content\/uploads\/2020\/08\/Protesta.jpg?resize=300%2C186&amp;ssl=1 300w, https:\/\/i0.wp.com\/eltrabajo.cl\/portal\/wp-content\/uploads\/2020\/08\/Protesta.jpg?resize=200%2C124&amp;ssl=1 200w\" sizes=\"auto, (max-width: 580px) 100vw, 580px\" \/><figcaption id=\"caption-attachment-101743\" class=\"wp-caption-text\">Las personas protestando en la plaza de armas de Santa Mar\u00eda.<\/figcaption><\/figure>\n","protected":false},"excerpt":{"rendered":"<p>Vecinos protestan por decisi\u00f3n de la Corte de Apelaciones: La Cuarta Sala de Corte de Apelaciones de Valpara\u00edso por Unanimidad revoc\u00f3 -reemplaz\u00f3- la medida cautelar de Prisi\u00f3n Preventiva que reca\u00eda sobre un&#8230;<\/p>\n","protected":false},"author":482,"featured_media":101742,"comment_status":"closed","ping_status":"open","sticky":false,"template":"","format":"standard","meta":{"advanced_seo_description":"","jetpack_seo_html_title":"","jetpack_seo_noindex":false,"_jetpack_memberships_contains_paid_content":false,"footnotes":""},"categories":[97],"tags":[],"class_list":["post-101741","post","type-post","status-publish","format-standard","has-post-thumbnail","hentry","category-tribunales"],"jetpack_featured_media_url":"https:\/\/i0.wp.com\/eltrabajo.cl\/portal\/wp-content\/uploads\/2020\/08\/detenido.jpg?fit=580%2C360&ssl=1","jetpack_sharing_enabled":true,"jetpack_likes_enabled":true,"jetpack-related-posts":[],"_links":{"self":[{"href":"https:\/\/eltrabajo.cl\/portal\/wp-json\/wp\/v2\/posts\/101741","targetHints":{"allow":["GET"]}}],"collection":[{"href":"https:\/\/eltrabajo.cl\/portal\/wp-json\/wp\/v2\/posts"}],"about":[{"href":"https:\/\/eltrabajo.cl\/portal\/wp-json\/wp\/v2\/types\/post"}],"author":[{"embeddable":true,"href":"https:\/\/eltrabajo.cl\/portal\/wp-json\/wp\/v2\/users\/482"}],"replies":[{"embeddable":true,"href":"https:\/\/eltrabajo.cl\/portal\/wp-json\/wp\/v2\/comments?post=101741"}],"version-history":[{"count":0,"href":"https:\/\/eltrabajo.cl\/portal\/wp-json\/wp\/v2\/posts\/101741\/revisions"}],"wp:featuredmedia":[{"embeddable":true,"href":"https:\/\/eltrabajo.cl\/portal\/wp-json\/wp\/v2\/media\/101742"}],"wp:attachment":[{"href":"https:\/\/eltrabajo.cl\/portal\/wp-json\/wp\/v2\/media?parent=101741"}],"wp:term":[{"taxonomy":"category","embeddable":true,"href":"https:\/\/eltrabajo.cl\/portal\/wp-json\/wp\/v2\/categories?post=101741"},{"taxonomy":"post_tag","embeddable":true,"href":"https:\/\/eltrabajo.cl\/portal\/wp-json\/wp\/v2\/tags?post=101741"}],"curies":[{"name":"wp","href":"https:\/\/api.w.org\/{rel}","templated":true}]}}