{"id":101821,"date":"2020-08-10T21:09:17","date_gmt":"2020-08-11T01:09:17","guid":{"rendered":"https:\/\/www.eltrabajo.cl\/portal\/?p=101821"},"modified":"2020-08-10T21:09:17","modified_gmt":"2020-08-11T01:09:17","slug":"alcalde-encabeza-llamado-a-respetar-el-autocuidado-frente-al-covid-19","status":"publish","type":"post","link":"https:\/\/eltrabajo.cl\/portal\/alcalde-encabeza-llamado-a-respetar-el-autocuidado-frente-al-covid-19\/","title":{"rendered":"Alcalde encabeza llamado a respetar el autocuidado frente al Covid-19"},"content":{"rendered":"<p style=\"text-align: left;\"><span style=\"color: #c81400;\"><strong>Tras explosivo aumento de casos de Coronavirus:<\/strong><\/span><\/p>\n<ul style=\"text-align: justify;\">\n<li style=\"text-align: left;\"><strong>Jefe Comunal junto con directora de Salud Municipal y jefas de Cesfam comunales, manifestaron su preocupaci\u00f3n por \u00edndices que sit\u00faan a la comuna como la de mayor incremento de contagios.<\/strong><\/li>\n<\/ul>\n<p style=\"text-align: justify;\">El alcalde Patricio Freire en conjunto con la directora de salud municipal, Marcela Brito, y las directoras de los Cesfam de la comuna, insistieron en el llamado a mantener las medidas de autocuidado y prevenci\u00f3n de contagios de Coronavirus, sobre todo despu\u00e9s de los \u00edndices entregados por el Minsal que situaron a San Felipe como la comuna en transici\u00f3n con mayor cantidad de contagios desde el desconfinamiento obligatorio.<\/p>\n<p style=\"text-align: justify;\">El alto flujo de vecinos transitando por distintos sectores, en especial por el centro, despert\u00f3 la preocupaci\u00f3n de las autoridades. Por ello, en conferencia de prensa realizada este lunes, enfatizaron sobre el aumento en la estrategia de testeos, trazabilidad y aislamiento (TTA) desarrollando el examen de PCR en distintos lugares a fin de identificar posibles casos nuevos, tanto sintom\u00e1ticos como asintom\u00e1ticos.<\/p>\n<p style=\"text-align: justify;\">Junto con agradecer la labor de los equipos de salud, el alcalde <strong>Patricio Freire<\/strong> se\u00f1al\u00f3 que es necesario que la comunidad entienda la importancia de respetar las medidas, tales como el lavado de manos frecuente, la mascarilla. <em>\u00abEstamos muy preocupados como sanfelipe\u00f1o, porque pasamos de la etapa 1 a la 2 del plan paso a paso, haciendo todo lo humanamente posible para regresar a la cuarentena, y tenemos a personas que no est\u00e1n comprendiendo lo importante de cuidarnos. San Felipe, tristemente, encabez\u00f3 el listado de las comunas en transici\u00f3n con mayores contagios, por lo mismo, queremos pedirle una vez m\u00e1s a las personas que no salgan de sus casas a menos que sea vital. Hoy es muy importante que entendamos que evitar los contagios es responsabilidad de todos nosotros\u00bb,<\/em> sostuvo el jefe comunal.<\/p>\n<p style=\"text-align: justify;\">En este sentido, la directora de salud municipal, <strong>Marcela Brito<\/strong>, afirm\u00f3 que los equipos de salud comunales han aumentado el n\u00famero de testeos debido al cambio de la estrategia por parte del Ministerio.<\/p>\n<p style=\"text-align: justify;\">\u00ab<em>Decirles que cuando el Minsal decidi\u00f3 implementar la cuarentena, es porque la tasa de incidencia era alta (\u2026) Durante el confinamiento, el n\u00famero de contagios baj\u00f3 much\u00edsimo, llegando incluso a tener dos d\u00edas 0 casos. Sin embargo, todo el tiempo que pas\u00f3 desde que salimos de cuarentena hasta hoy, hemos triplicado el n\u00famero de casos diarios. Debo resaltar que como red primaria comunal de salud, hemos aumentado el n\u00famero de testeos, no s\u00f3lo tomando a los que se acercan a los centros con s\u00edntomas, sino que estamos chequeando en aquellos que no presentan s\u00edntomas\u00bb,<\/em> sostuvo Marcela Brito.<\/p>\n<p style=\"text-align: justify;\">Por su parte, <strong>Katherine Uribe <\/strong>y<strong> Varinia Gaete<\/strong>, directoras de los centros de salud familiar de Curim\u00f3n y San Felipe El Real, respectivamente, tambi\u00e9n se plegaron al llamado para evitar nuevos casos y posibles decesos producto de este virus.<\/p>\n<figure id=\"attachment_101822\" aria-describedby=\"caption-attachment-101822\" style=\"width: 580px\" class=\"wp-caption alignnone\"><img data-recalc-dims=\"1\" loading=\"lazy\" decoding=\"async\" class=\"size-full wp-image-101822\" src=\"https:\/\/i0.wp.com\/eltrabajo.cl\/portal\/wp-content\/uploads\/2020\/08\/nulo_autocuidado.jpg?resize=580%2C360&#038;ssl=1\" alt=\"El alcalde Patricio Freire junto a jefaturas de salud municipal llamaron a mantener las medidas de autocuidado debido a que nos convertimos en la comuna en transici\u00f3n con mayor n\u00famero de contagios desde el desconfinamiento.\" width=\"580\" height=\"360\" srcset=\"https:\/\/i0.wp.com\/eltrabajo.cl\/portal\/wp-content\/uploads\/2020\/08\/nulo_autocuidado.jpg?w=580&amp;ssl=1 580w, https:\/\/i0.wp.com\/eltrabajo.cl\/portal\/wp-content\/uploads\/2020\/08\/nulo_autocuidado.jpg?resize=300%2C186&amp;ssl=1 300w, https:\/\/i0.wp.com\/eltrabajo.cl\/portal\/wp-content\/uploads\/2020\/08\/nulo_autocuidado.jpg?resize=200%2C124&amp;ssl=1 200w\" sizes=\"auto, (max-width: 580px) 100vw, 580px\" \/><figcaption id=\"caption-attachment-101822\" class=\"wp-caption-text\">El alcalde Patricio Freire junto a jefaturas de salud municipal llamaron a mantener las medidas de autocuidado debido a que nos convertimos en la comuna en transici\u00f3n con mayor n\u00famero de contagios desde el desconfinamiento.<\/figcaption><\/figure>\n","protected":false},"excerpt":{"rendered":"<p>Tras explosivo aumento de casos de Coronavirus: Jefe Comunal junto con directora de Salud Municipal y jefas de Cesfam comunales, manifestaron su preocupaci\u00f3n por \u00edndices que sit\u00faan a la comuna como la&#8230;<\/p>\n","protected":false},"author":482,"featured_media":101822,"comment_status":"closed","ping_status":"open","sticky":false,"template":"","format":"standard","meta":{"advanced_seo_description":"","jetpack_seo_html_title":"","jetpack_seo_noindex":false,"_jetpack_memberships_contains_paid_content":false,"footnotes":""},"categories":[105,103],"tags":[],"class_list":["post-101821","post","type-post","status-publish","format-standard","has-post-thumbnail","hentry","category-covid-19","category-cronica-2"],"jetpack_featured_media_url":"https:\/\/i0.wp.com\/eltrabajo.cl\/portal\/wp-content\/uploads\/2020\/08\/nulo_autocuidado.jpg?fit=580%2C360&ssl=1","jetpack_sharing_enabled":true,"jetpack_likes_enabled":true,"jetpack-related-posts":[],"_links":{"self":[{"href":"https:\/\/eltrabajo.cl\/portal\/wp-json\/wp\/v2\/posts\/101821","targetHints":{"allow":["GET"]}}],"collection":[{"href":"https:\/\/eltrabajo.cl\/portal\/wp-json\/wp\/v2\/posts"}],"about":[{"href":"https:\/\/eltrabajo.cl\/portal\/wp-json\/wp\/v2\/types\/post"}],"author":[{"embeddable":true,"href":"https:\/\/eltrabajo.cl\/portal\/wp-json\/wp\/v2\/users\/482"}],"replies":[{"embeddable":true,"href":"https:\/\/eltrabajo.cl\/portal\/wp-json\/wp\/v2\/comments?post=101821"}],"version-history":[{"count":0,"href":"https:\/\/eltrabajo.cl\/portal\/wp-json\/wp\/v2\/posts\/101821\/revisions"}],"wp:featuredmedia":[{"embeddable":true,"href":"https:\/\/eltrabajo.cl\/portal\/wp-json\/wp\/v2\/media\/101822"}],"wp:attachment":[{"href":"https:\/\/eltrabajo.cl\/portal\/wp-json\/wp\/v2\/media?parent=101821"}],"wp:term":[{"taxonomy":"category","embeddable":true,"href":"https:\/\/eltrabajo.cl\/portal\/wp-json\/wp\/v2\/categories?post=101821"},{"taxonomy":"post_tag","embeddable":true,"href":"https:\/\/eltrabajo.cl\/portal\/wp-json\/wp\/v2\/tags?post=101821"}],"curies":[{"name":"wp","href":"https:\/\/api.w.org\/{rel}","templated":true}]}}