{"id":101824,"date":"2020-08-10T21:12:41","date_gmt":"2020-08-11T01:12:41","guid":{"rendered":"https:\/\/www.eltrabajo.cl\/portal\/?p=101824"},"modified":"2020-08-10T21:12:41","modified_gmt":"2020-08-11T01:12:41","slug":"cuerpo-de-bomberos-presento-su-nuevo-carro-porta-escala-a-la-comunidad","status":"publish","type":"post","link":"https:\/\/eltrabajo.cl\/portal\/cuerpo-de-bomberos-presento-su-nuevo-carro-porta-escala-a-la-comunidad\/","title":{"rendered":"Cuerpo de Bomberos present\u00f3 su nuevo carro porta escala a la comunidad"},"content":{"rendered":"<p style=\"text-align: justify;\">El Cuerpo de Bomberos de San Felipe present\u00f3 al alcalde Patricio Freire el nuevo carro porta escala que se incorpor\u00f3 a la instituci\u00f3n y que busca mejorar la respuesta ante cualquier emergencia, principalmente, incendios en altura.<\/p>\n<p style=\"text-align: justify;\">El veh\u00edculo corresponde a un modelo 1996, de procedencia norteamericana, con una escala mec\u00e1nica de 40 metros de altura y que fue asignado a la Segunda Compa\u00f1\u00eda \u2018La Internacional\u2019.<\/p>\n<p style=\"text-align: justify;\">Cabe consignar que el municipio ya entreg\u00f3 $15 millones al Cuerpo de Bomberos de San Felipe, correspondiente a la primera cuota de la subvenci\u00f3n que anualmente se otorga a la instituci\u00f3n.<\/p>\n<p style=\"text-align: justify;\">Con esto se mantiene al d\u00eda el pago de este beneficio y que refleja el compromiso que tiene la administraci\u00f3n del alcalde Patricio Freire con la instituci\u00f3n.<\/p>\n<p style=\"text-align: justify;\">En total, este a\u00f1o la subvenci\u00f3n asciende a 35 millones de pesos, de los cuales resta por entregar 20 millones de pesos, lo que permite a Bomberos destinarlo a gastos operativos propios.<\/p>\n<p style=\"text-align: justify;\">El alcalde <strong>Patricio Freire<\/strong> destac\u00f3 la llegada de este nuevo veh\u00edculo de emergencia: <em>\u00abEsto entrega m\u00e1s seguridad sobre todo para enfrentar cualquier situaci\u00f3n que se presente en edificios. Quiero felicitar a la instituci\u00f3n, porque de ellos nace esta inquietud de mejorar su actual parque automotriz, lo que nos beneficia a todos como comunidad\u00bb,<\/em> sostuvo.<\/p>\n<p style=\"text-align: justify;\">El superintendente del Cuerpo de Bomberos de San Felipe, <strong>David Guajardo<\/strong>, valor\u00f3 el respaldo que hoy entrega el municipio a la instituci\u00f3n: <em>\u00abDurante estos d\u00edas con apoyo de los funcionarios, hemos desarrollado las pruebas en distintos puntos del centro de la comuna para ver c\u00f3mo vamos a operar este carro y as\u00ed responder a las emergencias que se presenten\u00bb.<\/em><\/p>\n<figure id=\"attachment_101825\" aria-describedby=\"caption-attachment-101825\" style=\"width: 580px\" class=\"wp-caption alignnone\"><img data-recalc-dims=\"1\" loading=\"lazy\" decoding=\"async\" class=\"size-full wp-image-101825\" src=\"https:\/\/i0.wp.com\/eltrabajo.cl\/portal\/wp-content\/uploads\/2020\/08\/portaescala1.jpg?resize=580%2C358&#038;ssl=1\" alt=\"El nuevo carro porta escala fue presentado la ma\u00f1ana de ayer a la comunidad en plena Plaza de Armas.\" width=\"580\" height=\"358\" srcset=\"https:\/\/i0.wp.com\/eltrabajo.cl\/portal\/wp-content\/uploads\/2020\/08\/portaescala1.jpg?w=580&amp;ssl=1 580w, https:\/\/i0.wp.com\/eltrabajo.cl\/portal\/wp-content\/uploads\/2020\/08\/portaescala1.jpg?resize=300%2C185&amp;ssl=1 300w, https:\/\/i0.wp.com\/eltrabajo.cl\/portal\/wp-content\/uploads\/2020\/08\/portaescala1.jpg?resize=200%2C123&amp;ssl=1 200w\" sizes=\"auto, (max-width: 580px) 100vw, 580px\" \/><figcaption id=\"caption-attachment-101825\" class=\"wp-caption-text\">El nuevo carro porta escala fue presentado la ma\u00f1ana de ayer a la comunidad en plena Plaza de Armas.<\/figcaption><\/figure>\n<figure id=\"attachment_101827\" aria-describedby=\"caption-attachment-101827\" style=\"width: 579px\" class=\"wp-caption alignnone\"><img data-recalc-dims=\"1\" loading=\"lazy\" decoding=\"async\" class=\"size-full wp-image-101827\" src=\"https:\/\/i0.wp.com\/eltrabajo.cl\/portal\/wp-content\/uploads\/2020\/08\/portaescala3.jpg?resize=579%2C475&#038;ssl=1\" alt=\"El alcalde Patricio Freire conoci\u00f3 en detalle el funcionamiento del nuevo carro que viene a cubrir una gran necesidad debido a la proliferaci\u00f3n de construcciones en altura.\" width=\"579\" height=\"475\" srcset=\"https:\/\/i0.wp.com\/eltrabajo.cl\/portal\/wp-content\/uploads\/2020\/08\/portaescala3.jpg?w=579&amp;ssl=1 579w, https:\/\/i0.wp.com\/eltrabajo.cl\/portal\/wp-content\/uploads\/2020\/08\/portaescala3.jpg?resize=300%2C246&amp;ssl=1 300w, https:\/\/i0.wp.com\/eltrabajo.cl\/portal\/wp-content\/uploads\/2020\/08\/portaescala3.jpg?resize=183%2C150&amp;ssl=1 183w\" sizes=\"auto, (max-width: 579px) 100vw, 579px\" \/><figcaption id=\"caption-attachment-101827\" class=\"wp-caption-text\">El alcalde Patricio Freire conoci\u00f3 en detalle el funcionamiento del nuevo carro que viene a cubrir una gran necesidad debido a la proliferaci\u00f3n de construcciones en altura.<\/figcaption><\/figure>\n<figure id=\"attachment_101826\" aria-describedby=\"caption-attachment-101826\" style=\"width: 579px\" class=\"wp-caption alignnone\"><img data-recalc-dims=\"1\" loading=\"lazy\" decoding=\"async\" class=\"size-full wp-image-101826\" src=\"https:\/\/i0.wp.com\/eltrabajo.cl\/portal\/wp-content\/uploads\/2020\/08\/portaescala2.jpg?resize=579%2C869&#038;ssl=1\" alt=\"El veh\u00edculo de procedencia norteamericana cuenta con una escala mec\u00e1nica de 40 metros de altura y fue asignado a la Segunda Compa\u00f1\u00eda \u2018La Internacional\u2019.\" width=\"579\" height=\"869\" srcset=\"https:\/\/i0.wp.com\/eltrabajo.cl\/portal\/wp-content\/uploads\/2020\/08\/portaescala2.jpg?w=579&amp;ssl=1 579w, https:\/\/i0.wp.com\/eltrabajo.cl\/portal\/wp-content\/uploads\/2020\/08\/portaescala2.jpg?resize=200%2C300&amp;ssl=1 200w, https:\/\/i0.wp.com\/eltrabajo.cl\/portal\/wp-content\/uploads\/2020\/08\/portaescala2.jpg?resize=100%2C150&amp;ssl=1 100w\" sizes=\"auto, (max-width: 579px) 100vw, 579px\" \/><figcaption id=\"caption-attachment-101826\" class=\"wp-caption-text\">El veh\u00edculo de procedencia norteamericana cuenta con una escala mec\u00e1nica de 40 metros de altura y fue asignado a la Segunda Compa\u00f1\u00eda \u2018La Internacional\u2019.<\/figcaption><\/figure>\n","protected":false},"excerpt":{"rendered":"<p>El Cuerpo de Bomberos de San Felipe present\u00f3 al alcalde Patricio Freire el nuevo carro porta escala que se incorpor\u00f3 a la instituci\u00f3n y que busca mejorar la respuesta ante cualquier emergencia,&#8230;<\/p>\n","protected":false},"author":482,"featured_media":101825,"comment_status":"closed","ping_status":"open","sticky":false,"template":"","format":"standard","meta":{"advanced_seo_description":"","jetpack_seo_html_title":"","jetpack_seo_noindex":false,"_jetpack_memberships_contains_paid_content":false,"footnotes":""},"categories":[103],"tags":[],"class_list":["post-101824","post","type-post","status-publish","format-standard","has-post-thumbnail","hentry","category-cronica-2"],"jetpack_featured_media_url":"https:\/\/i0.wp.com\/eltrabajo.cl\/portal\/wp-content\/uploads\/2020\/08\/portaescala1.jpg?fit=580%2C358&ssl=1","jetpack_sharing_enabled":true,"jetpack_likes_enabled":true,"jetpack-related-posts":[],"_links":{"self":[{"href":"https:\/\/eltrabajo.cl\/portal\/wp-json\/wp\/v2\/posts\/101824","targetHints":{"allow":["GET"]}}],"collection":[{"href":"https:\/\/eltrabajo.cl\/portal\/wp-json\/wp\/v2\/posts"}],"about":[{"href":"https:\/\/eltrabajo.cl\/portal\/wp-json\/wp\/v2\/types\/post"}],"author":[{"embeddable":true,"href":"https:\/\/eltrabajo.cl\/portal\/wp-json\/wp\/v2\/users\/482"}],"replies":[{"embeddable":true,"href":"https:\/\/eltrabajo.cl\/portal\/wp-json\/wp\/v2\/comments?post=101824"}],"version-history":[{"count":0,"href":"https:\/\/eltrabajo.cl\/portal\/wp-json\/wp\/v2\/posts\/101824\/revisions"}],"wp:featuredmedia":[{"embeddable":true,"href":"https:\/\/eltrabajo.cl\/portal\/wp-json\/wp\/v2\/media\/101825"}],"wp:attachment":[{"href":"https:\/\/eltrabajo.cl\/portal\/wp-json\/wp\/v2\/media?parent=101824"}],"wp:term":[{"taxonomy":"category","embeddable":true,"href":"https:\/\/eltrabajo.cl\/portal\/wp-json\/wp\/v2\/categories?post=101824"},{"taxonomy":"post_tag","embeddable":true,"href":"https:\/\/eltrabajo.cl\/portal\/wp-json\/wp\/v2\/tags?post=101824"}],"curies":[{"name":"wp","href":"https:\/\/api.w.org\/{rel}","templated":true}]}}