{"id":101829,"date":"2020-08-11T07:45:19","date_gmt":"2020-08-11T11:45:19","guid":{"rendered":"https:\/\/www.eltrabajo.cl\/portal\/?p=101829"},"modified":"2020-08-10T21:22:24","modified_gmt":"2020-08-11T01:22:24","slug":"chacareros-buscan-solucion-para-funcionar-en-la-feria-diego-de-almagro","status":"publish","type":"post","link":"https:\/\/eltrabajo.cl\/portal\/chacareros-buscan-solucion-para-funcionar-en-la-feria-diego-de-almagro\/","title":{"rendered":"Chacareros buscan soluci\u00f3n para funcionar en la feria Diego de Almagro"},"content":{"rendered":"<ul>\n<li style=\"text-align: left;\"><strong>En reuni\u00f3n con gobernador subrogante se solicit\u00f3 a la municipalidad de San Felipe enviar oficio pidiendo la fuerza p\u00fablica para que feriantes puedan funcionar.<\/strong><\/li>\n<\/ul>\n<p style=\"text-align: justify;\">El viernes en la ma\u00f1ana, en el edificio de la gobernaci\u00f3n, se realiz\u00f3 una reuni\u00f3n entre la directiva de los chacareros de feria Diego de Almagro, su abogado Eduardo Herrera Fa\u00fandez, y el gobernador subrogante Humberto Lepe, para ver c\u00f3mo poder de alguna manera volver a funcionar en la parte de frutas y verduras. En la ocasi\u00f3n el gobernador pidi\u00f3 que la municipalidad de San Felipe env\u00ede un oficio solicitando seguridad.<\/p>\n<p style=\"text-align: justify;\">En cuanto a una fecha estimada para volver a trabajar, dijo que <em>\u00abno se sabe cu\u00e1ndo todav\u00eda, pienso que la pr\u00f3xima semana vamos a tener una segunda reuni\u00f3n y ah\u00ed tendr\u00edamos una fecha adecuada para trabajar\u00bb,<\/em> se\u00f1al\u00f3 <strong>Jos\u00e9 Quijanes<\/strong>, dirigente de los chacareros.<\/p>\n<p style=\"text-align: justify;\">&#8211; <strong>\u00bfSalen un poco esperanzado de la reuni\u00f3n para volver a trabajar?<\/strong><\/p>\n<p style=\"text-align: justify;\">&#8211; S\u00ed, hay bastante esperanza, estamos en buenas conversaciones y yo creo que vamos a llegar a un justo acuerdo.<\/p>\n<p style=\"text-align: justify;\">&#8211; <strong>\u00bfQu\u00e9 les pidi\u00f3 el gobernador?<\/strong><\/p>\n<p style=\"text-align: justify;\">&#8211; Que la municipalidad env\u00ede un oficio pidiendo su colaboraci\u00f3n para ver el asunto de la fuerza p\u00fablica.<\/p>\n<p style=\"text-align: justify;\">&#8211; <strong>\u00bfO sea es un tema de seguridad?<\/strong><\/p>\n<p style=\"text-align: justify;\">&#8211; Claro, es un tema de seguridad nada m\u00e1s porque todos los otros protocolos los cumplimos y eso ser\u00eda lo \u00fanico que nos estar\u00eda faltando.<\/p>\n<p style=\"text-align: justify;\">&#8211; <strong>\u00bfHay alg\u00fan compromiso de parte de ustedes, en el sentido de tener personal de guardia como lo tuvieron la otra?<\/strong><\/p>\n<p style=\"text-align: justify;\">&#8211; Bajo las mismas condiciones que ten\u00edamos la otra vez; guardias, barrera de sanitizaci\u00f3n, orden, el distanciamiento adecuado, los puestos que tengan un metro de separaci\u00f3n con el p\u00fablico y todo eso lo hemos cumplido.<\/p>\n<p style=\"text-align: justify;\">&#8211; <strong>\u00bfUstedes est\u00e1n dispuestos a asumir todos esos costos para poder funcionar?<\/strong><\/p>\n<p style=\"text-align: justify;\">&#8211; Siempre los hemos asumido, m\u00e1s ahora que tenemos un kit de sanitizaci\u00f3n que es lavamos port\u00e1til y en esos va alcohol, jab\u00f3n y toallas para secarse las manos cada diez\u2026 veinte minutos.<\/p>\n<p style=\"text-align: justify;\">&#8211; <strong>\u00bfAlguna consecuencia de la junta de firmas que estaban haciendo el otro d\u00eda?<\/strong><\/p>\n<p style=\"text-align: justify;\">&#8211; No, nada, no hay ninguna consecuencia, todav\u00eda se est\u00e1 conversando y pienso que se va a llegar a un buen acuerdo.<\/p>\n<p style=\"text-align: justify;\">\n<p style=\"text-align: justify;\"><span style=\"color: #c81400;\"><strong>VOLVER A FUNCIONAR<\/strong><\/span><\/p>\n<p style=\"text-align: justify;\">Por su parte el abogado de \u2018Los Chacareros\u2019, <strong>Eduardo Herrera Fa\u00fandez<\/strong>, agradeci\u00f3 la disposici\u00f3n del gobernador subrogante Humberto Lepe para reunirse con ellos y buscar un punto de soluci\u00f3n y de acuerdo para que la feria vuelva a funcionar: <em>\u00abEl objetivo es pedirle la ayuda, la cooperaci\u00f3n en que exista fuerza policial de defensa en la feria una vez que \u00e9sta pueda volver a funcionar\u00bb,<\/em> se\u00f1al\u00f3.<\/p>\n<p style=\"text-align: justify;\">Dijo que este es uno de los puntos principales para poder volver a funcionar. Los otros son los controles sanitarios correspondientes que existen en todos lados, que formaban parte del protocolo inicial que la municipalidad tuvo con los feriantes; <em>\u00abcreemos si los cumplimos a cabalidad, no debiese haber alguna raz\u00f3n para decirnos que no pueden funcionar\u00bb,<\/em> indic\u00f3 el abogado Eduardo Herrera.<\/p>\n<p style=\"text-align: justify;\">&#8211; <strong>A prop\u00f3sito de eso mismo, \u00bfen qu\u00e9 etapa est\u00e1 el recurso de protecci\u00f3n que presentaron contra la municipalidad para funcionar, hay alguna respuesta del municipio, en qu\u00e9 estado est\u00e1 esa causa?<\/strong><\/p>\n<p style=\"text-align: justify;\">&#8211; El recurso de protecci\u00f3n en este momento est\u00e1 en un tr\u00e1mite que la Corte determin\u00f3, que la Seremi de Salud informara sobre situaciones sanitarias. Mientras no llegue ese informe, la causa no va a estar en condiciones de ser vista, escucharse alegatos para poder verse ese recurso. En el intertanto las partes podemos conversar para ver si existe la posibilidad de llegar a un acuerdo y poner t\u00e9rmino a este tema.<\/p>\n<p style=\"text-align: justify;\">&#8211; <strong>\u00bfQu\u00e9 opini\u00f3n le merece que veamos a trav\u00e9s de la TV que en distintas comunas hay ferias funcionando y ellos Los Chacareros hayan reclamado que en San Felipe no funciona la feria Diego de Almagro?<\/strong><\/p>\n<p style=\"text-align: justify;\">&#8211; En estos momentos en que estamos conversando la posibilidad de un acuerdo, m\u00e1s bien es preferible ponerse en las cosas que nos unen m\u00e1s que en las cosas que nos desunen, entonces creo que mientras estemos en esta etapa, por una parte solamente los requisitos que quiera cada municipio exigirle a cada uno de los feriantes, cada realidad es distinta, San Felipe tuvo esta realidad y esperamos poder solucionar.<\/p>\n<p style=\"text-align: justify;\">&#8211; <strong>\u00bfHay disposici\u00f3n por parte de la municipalidad de poder resolver este problema?<\/strong><\/p>\n<p style=\"text-align: justify;\">&#8211; S\u00ed, yo creo que s\u00ed, personalmente he tenido varios juicios contra el municipio, siempre est\u00e1 la posibilidad de llegar a acuerdo en el juicio. Los juicios son para eso, para tratar de obtener alg\u00fan beneficio, alg\u00fan derecho que uno cree debe ser reconocido en tribunales, pero forma parte de la esencia de todo proceso que pueda existir una conciliaci\u00f3n, y la municipalidad siempre ha tenido ese esp\u00edritu por lo que yo he visto.<\/p>\n<p style=\"text-align: justify;\">&#8211; <strong>\u00bfPero afecta justo el momento que estamos viviendo, que afecta los fines de semana?, me refiero a que hay cuarentena.<\/strong><\/p>\n<p style=\"text-align: justify;\">&#8211; S\u00ed y no.<\/p>\n<p style=\"text-align: justify;\">&#8211; <strong>\u00bfQuiz\u00e1s ver otro d\u00eda?<\/strong><\/p>\n<p style=\"text-align: justify;\">&#8211; No, por el contrario,\u00a0 creo que es mucho mejor que estemos en esta fase porque ese d\u00eda es d\u00eda de cuarentena, y al ser d\u00eda de cuarentena, la cantidad de gente que va a ir a la feria tiene que ser m\u00e1s poca, porque solamente se puede salir con permiso. No es lo mismo que fuese hoy d\u00eda (viernes) por ejemplo. Hoy d\u00eda San Felipe tiene mucha gente en las calles, no requiere permiso para salir, el d\u00eda domingo que es el d\u00eda de feria, s\u00ed va a necesitar permiso para salir, y por lo tanto se van a restringir los permisos a los menores de edad, no van a haber ni\u00f1os. T\u00fa ves ac\u00e1 en el centro, hay gente de mayor edad, gente que no debiera estar circulando.<\/p>\n<figure id=\"attachment_101830\" aria-describedby=\"caption-attachment-101830\" style=\"width: 580px\" class=\"wp-caption alignnone\"><img data-recalc-dims=\"1\" loading=\"lazy\" decoding=\"async\" class=\"size-full wp-image-101830\" src=\"https:\/\/i0.wp.com\/eltrabajo.cl\/portal\/wp-content\/uploads\/2020\/08\/Feria.jpg?resize=580%2C359&#038;ssl=1\" alt=\"El abogado Eduardo Herrera Fa\u00fandez, junto a la directiva de Los Chacareros encabezada por Jos\u00e9 Quijanes.\" width=\"580\" height=\"359\" srcset=\"https:\/\/i0.wp.com\/eltrabajo.cl\/portal\/wp-content\/uploads\/2020\/08\/Feria.jpg?w=580&amp;ssl=1 580w, https:\/\/i0.wp.com\/eltrabajo.cl\/portal\/wp-content\/uploads\/2020\/08\/Feria.jpg?resize=300%2C186&amp;ssl=1 300w, https:\/\/i0.wp.com\/eltrabajo.cl\/portal\/wp-content\/uploads\/2020\/08\/Feria.jpg?resize=200%2C124&amp;ssl=1 200w\" sizes=\"auto, (max-width: 580px) 100vw, 580px\" \/><figcaption id=\"caption-attachment-101830\" class=\"wp-caption-text\">El abogado Eduardo Herrera Fa\u00fandez, junto a la directiva de Los Chacareros encabezada por Jos\u00e9 Quijanes.<\/figcaption><\/figure>\n","protected":false},"excerpt":{"rendered":"<p>En reuni\u00f3n con gobernador subrogante se solicit\u00f3 a la municipalidad de San Felipe enviar oficio pidiendo la fuerza p\u00fablica para que feriantes puedan funcionar. El viernes en la ma\u00f1ana, en el edificio&#8230;<\/p>\n","protected":false},"author":482,"featured_media":101830,"comment_status":"closed","ping_status":"open","sticky":false,"template":"","format":"standard","meta":{"advanced_seo_description":"","jetpack_seo_html_title":"","jetpack_seo_noindex":false,"_jetpack_memberships_contains_paid_content":false,"footnotes":""},"categories":[105,103],"tags":[],"class_list":["post-101829","post","type-post","status-publish","format-standard","has-post-thumbnail","hentry","category-covid-19","category-cronica-2"],"jetpack_featured_media_url":"https:\/\/i0.wp.com\/eltrabajo.cl\/portal\/wp-content\/uploads\/2020\/08\/Feria.jpg?fit=580%2C359&ssl=1","jetpack_sharing_enabled":true,"jetpack_likes_enabled":true,"jetpack-related-posts":[],"_links":{"self":[{"href":"https:\/\/eltrabajo.cl\/portal\/wp-json\/wp\/v2\/posts\/101829","targetHints":{"allow":["GET"]}}],"collection":[{"href":"https:\/\/eltrabajo.cl\/portal\/wp-json\/wp\/v2\/posts"}],"about":[{"href":"https:\/\/eltrabajo.cl\/portal\/wp-json\/wp\/v2\/types\/post"}],"author":[{"embeddable":true,"href":"https:\/\/eltrabajo.cl\/portal\/wp-json\/wp\/v2\/users\/482"}],"replies":[{"embeddable":true,"href":"https:\/\/eltrabajo.cl\/portal\/wp-json\/wp\/v2\/comments?post=101829"}],"version-history":[{"count":0,"href":"https:\/\/eltrabajo.cl\/portal\/wp-json\/wp\/v2\/posts\/101829\/revisions"}],"wp:featuredmedia":[{"embeddable":true,"href":"https:\/\/eltrabajo.cl\/portal\/wp-json\/wp\/v2\/media\/101830"}],"wp:attachment":[{"href":"https:\/\/eltrabajo.cl\/portal\/wp-json\/wp\/v2\/media?parent=101829"}],"wp:term":[{"taxonomy":"category","embeddable":true,"href":"https:\/\/eltrabajo.cl\/portal\/wp-json\/wp\/v2\/categories?post=101829"},{"taxonomy":"post_tag","embeddable":true,"href":"https:\/\/eltrabajo.cl\/portal\/wp-json\/wp\/v2\/tags?post=101829"}],"curies":[{"name":"wp","href":"https:\/\/api.w.org\/{rel}","templated":true}]}}