{"id":101832,"date":"2020-08-11T07:50:47","date_gmt":"2020-08-11T11:50:47","guid":{"rendered":"https:\/\/www.eltrabajo.cl\/portal\/?p=101832"},"modified":"2020-08-10T21:27:04","modified_gmt":"2020-08-11T01:27:04","slug":"falsa-noticia-del-regreso-a-cuarentena-genera-revuelo-en-san-felipe","status":"publish","type":"post","link":"https:\/\/eltrabajo.cl\/portal\/falsa-noticia-del-regreso-a-cuarentena-genera-revuelo-en-san-felipe\/","title":{"rendered":"Falsa noticia del regreso a Cuarentena genera revuelo en San Felipe"},"content":{"rendered":"<p style=\"text-align: left;\"><span style=\"color: #c81400;\"><strong>Usando logos de Diario El Trabajo alarmaron a muchos:<\/strong><\/span><\/p>\n<p style=\"text-align: justify;\">Todo un revuelo alarmista se gener\u00f3 la ma\u00f1ana de este lunes en San Felipe luego que en redes sociales por Internet empezara a circular una falsa noticia en la que supuestamente <strong>Diario El Trabajo<\/strong> inform\u00e1bamos en nuestra p\u00e1gina oficial el regreso a la Cuarentena Obligatoria a partir del pr\u00f3ximo jueves a las 22:00 horas, lo que caus\u00f3 decenas de llamadas a nuestras oficinas, as\u00ed tambi\u00e9n a los celulares de nuestro equipo de reporteros.<\/p>\n<p style=\"text-align: justify;\">Algunos concejales y dem\u00e1s autoridades de nuestra comuna tambi\u00e9n se confundieron por algunos minutos, pues son las mismas autoridades quienes se enteran primero del accionar del Ministerio de Salud en este sentido. Los dem\u00e1s periodistas de otros medios tambi\u00e9n llamaron para confirmar la noticia, as\u00ed como muchos de nuestros lectores de todo el Valle de Aconcagua, pues la sola idea de ser sometidos a una segunda Cuarentena de seguro que pone a muchos vecinos a temblar.<\/p>\n<p style=\"text-align: justify;\">La noticia es falsa. Ante tal alboroto fue el mismo director de <strong>Diario El Trabajo<\/strong> el licenciado en Comunicaci\u00f3n <strong>Marco Antonio Juri<\/strong>, quien sali\u00f3 a terreno para desmentir esta Fake News: <em>\u00abLa verdad es bastante molesto enfrentar este tipo de situaciones, pues al margen de distraernos de nuestras labores diarias para tener que desmentir lo que NO hemos publicado, constituye una p\u00e9rdida de tiempo al margen de afectar nuestra credibilidad. Si hasta familiares me llamaron para preguntar si era cierto. Pero bueno, por algo lo hacen, saben que <strong>Diario El Trabajo<\/strong> es un medio de comunicaci\u00f3n cre\u00edble, con una larga trayectoria, por lo que a la hora de buscar difundir una noticia falsa, lo hacen usando el nombre de medios de comunicaci\u00f3n ya establecidos, conocidos y por sobre todo cre\u00edbles. Esperemos que esto no nos afecte, pero son situaciones que crean alarma p\u00fablica y deber\u00edan ser perseguidos por las autoridades\u00bb,<\/em> dijo Juri.<\/p>\n<p style=\"text-align: justify;\">\n<p style=\"text-align: justify;\"><span style=\"color: #c81400;\"><strong>IMPORTANTE RECORDAR<\/strong><\/span><\/p>\n<p style=\"text-align: justify;\">Se hace importante recordar a nuestros lectores que las noticias falsas, conocidas tambi\u00e9n con el anglicismo <strong>\u2018fake news\u2019<\/strong>, son un tipo de bulo que consiste en un contenido pseudoperiod\u00edstico difundido a trav\u00e9s de portales de noticias, prensa escrita, radio, televisi\u00f3n y redes sociales, y cuyo objetivo es la desinformaci\u00f3n, o sea, que sea grande o peque\u00f1o el medio que sea, siempre hay personas con el fin de hacer bromas, atentar contra la misma l\u00ednea period\u00edstica del medio o para hacer da\u00f1o a las personas dispuestas a elaborar este tipo de enga\u00f1os.<\/p>\n<p style=\"text-align: justify;\">Este tipo de fake news no lo hacen circular por primera vez, siempre aparecen estas bromas, sin embargo hasta este lunes se gener\u00f3 alarma por el contenido del mismo.<\/p>\n<p style=\"text-align: justify;\"><strong>Roberto Gonz\u00e1lez Short<\/strong><\/p>\n<figure id=\"attachment_101833\" aria-describedby=\"caption-attachment-101833\" style=\"width: 579px\" class=\"wp-caption alignnone\"><img data-recalc-dims=\"1\" loading=\"lazy\" decoding=\"async\" class=\"size-full wp-image-101833\" src=\"https:\/\/i0.wp.com\/eltrabajo.cl\/portal\/wp-content\/uploads\/2020\/08\/Fake1.jpg?resize=579%2C461&#038;ssl=1\" alt=\"MUCHOS PREOCUPADOS.- Esta es la falsa noticia que circul\u00f3 desde horas de la ma\u00f1ana de este lunes en redes sociales.\" width=\"579\" height=\"461\" srcset=\"https:\/\/i0.wp.com\/eltrabajo.cl\/portal\/wp-content\/uploads\/2020\/08\/Fake1.jpg?w=579&amp;ssl=1 579w, https:\/\/i0.wp.com\/eltrabajo.cl\/portal\/wp-content\/uploads\/2020\/08\/Fake1.jpg?resize=300%2C239&amp;ssl=1 300w, https:\/\/i0.wp.com\/eltrabajo.cl\/portal\/wp-content\/uploads\/2020\/08\/Fake1.jpg?resize=188%2C150&amp;ssl=1 188w\" sizes=\"auto, (max-width: 579px) 100vw, 579px\" \/><figcaption id=\"caption-attachment-101833\" class=\"wp-caption-text\">MUCHOS PREOCUPADOS.- Esta es la falsa noticia que circul\u00f3 desde horas de la ma\u00f1ana de este lunes en redes sociales.<\/figcaption><\/figure>\n<figure id=\"attachment_101834\" aria-describedby=\"caption-attachment-101834\" style=\"width: 580px\" class=\"wp-caption alignnone\"><img data-recalc-dims=\"1\" loading=\"lazy\" decoding=\"async\" class=\"size-full wp-image-101834\" src=\"https:\/\/i0.wp.com\/eltrabajo.cl\/portal\/wp-content\/uploads\/2020\/08\/Fake2.jpg?resize=580%2C360&#038;ssl=1\" alt=\"SOMOS UN DIARIO SERIO.- En Diario El Trabajo tuvimos que desmentir la noticia lo m\u00e1s r\u00e1pido posible, igual la broma ya estaba hecha.\" width=\"580\" height=\"360\" srcset=\"https:\/\/i0.wp.com\/eltrabajo.cl\/portal\/wp-content\/uploads\/2020\/08\/Fake2.jpg?w=580&amp;ssl=1 580w, https:\/\/i0.wp.com\/eltrabajo.cl\/portal\/wp-content\/uploads\/2020\/08\/Fake2.jpg?resize=300%2C186&amp;ssl=1 300w, https:\/\/i0.wp.com\/eltrabajo.cl\/portal\/wp-content\/uploads\/2020\/08\/Fake2.jpg?resize=200%2C124&amp;ssl=1 200w\" sizes=\"auto, (max-width: 580px) 100vw, 580px\" \/><figcaption id=\"caption-attachment-101834\" class=\"wp-caption-text\">SOMOS UN DIARIO SERIO.- En Diario El Trabajo tuvimos que desmentir la noticia lo m\u00e1s r\u00e1pido posible, igual la broma ya estaba hecha.<\/figcaption><\/figure>\n","protected":false},"excerpt":{"rendered":"<p>Usando logos de Diario El Trabajo alarmaron a muchos: Todo un revuelo alarmista se gener\u00f3 la ma\u00f1ana de este lunes en San Felipe luego que en redes sociales por Internet empezara a&#8230;<\/p>\n","protected":false},"author":482,"featured_media":101834,"comment_status":"closed","ping_status":"open","sticky":false,"template":"","format":"standard","meta":{"advanced_seo_description":"","jetpack_seo_html_title":"","jetpack_seo_noindex":false,"_jetpack_memberships_contains_paid_content":false,"footnotes":""},"categories":[105,103],"tags":[],"class_list":["post-101832","post","type-post","status-publish","format-standard","has-post-thumbnail","hentry","category-covid-19","category-cronica-2"],"jetpack_featured_media_url":"https:\/\/i0.wp.com\/eltrabajo.cl\/portal\/wp-content\/uploads\/2020\/08\/Fake2.jpg?fit=580%2C360&ssl=1","jetpack_sharing_enabled":true,"jetpack_likes_enabled":true,"jetpack-related-posts":[],"_links":{"self":[{"href":"https:\/\/eltrabajo.cl\/portal\/wp-json\/wp\/v2\/posts\/101832","targetHints":{"allow":["GET"]}}],"collection":[{"href":"https:\/\/eltrabajo.cl\/portal\/wp-json\/wp\/v2\/posts"}],"about":[{"href":"https:\/\/eltrabajo.cl\/portal\/wp-json\/wp\/v2\/types\/post"}],"author":[{"embeddable":true,"href":"https:\/\/eltrabajo.cl\/portal\/wp-json\/wp\/v2\/users\/482"}],"replies":[{"embeddable":true,"href":"https:\/\/eltrabajo.cl\/portal\/wp-json\/wp\/v2\/comments?post=101832"}],"version-history":[{"count":0,"href":"https:\/\/eltrabajo.cl\/portal\/wp-json\/wp\/v2\/posts\/101832\/revisions"}],"wp:featuredmedia":[{"embeddable":true,"href":"https:\/\/eltrabajo.cl\/portal\/wp-json\/wp\/v2\/media\/101834"}],"wp:attachment":[{"href":"https:\/\/eltrabajo.cl\/portal\/wp-json\/wp\/v2\/media?parent=101832"}],"wp:term":[{"taxonomy":"category","embeddable":true,"href":"https:\/\/eltrabajo.cl\/portal\/wp-json\/wp\/v2\/categories?post=101832"},{"taxonomy":"post_tag","embeddable":true,"href":"https:\/\/eltrabajo.cl\/portal\/wp-json\/wp\/v2\/tags?post=101832"}],"curies":[{"name":"wp","href":"https:\/\/api.w.org\/{rel}","templated":true}]}}