{"id":101836,"date":"2020-08-11T07:55:19","date_gmt":"2020-08-11T11:55:19","guid":{"rendered":"https:\/\/www.eltrabajo.cl\/portal\/?p=101836"},"modified":"2020-08-10T21:35:43","modified_gmt":"2020-08-11T01:35:43","slug":"carabineros-cierra-calle-prat-para-evitar-aumento-de-contagios-en-san-felipe","status":"publish","type":"post","link":"https:\/\/eltrabajo.cl\/portal\/carabineros-cierra-calle-prat-para-evitar-aumento-de-contagios-en-san-felipe\/","title":{"rendered":"Carabineros cierra calle Prat para evitar aumento de contagios en San Felipe"},"content":{"rendered":"<p style=\"text-align: left;\"><span style=\"color: #c81400;\"><strong>Misma medida en Portus con Santo Domingo:<\/strong><\/span><\/p>\n<p style=\"text-align: justify;\">Fue tanta la cantidad de gente que circulaba ayer en las calles del centro de San Felipe, que Carabineros determin\u00f3 cerrar calle Prat desde Salinas al poniente, con el objetivo principal que las personas pudieran transitar tranquilamente y as\u00ed evitar aglomeraciones que puedan\u00a0 aumentar el n\u00famero de contagios por Covd-19.<\/p>\n<p style=\"text-align: justify;\">Nuestro medio convers\u00f3 con el subteniente <strong>Jos\u00e9<\/strong> <strong>Mart\u00ednez<\/strong> que se encontraba justamente en calle Prat junto a otros funcionarios policiales, efectuando una labor preventiva en el lugar.<\/p>\n<p style=\"text-align: justify;\">Al ser consultado por esta medida, el oficial se\u00f1al\u00f3 lo siguiente: <em>\u00abEfectivamente para prevenir y siguiera en progreso el aumento de casos de coronavirus positivo, se tom\u00f3 la determinaci\u00f3n de cortar tanto esa calle (Salinas &#8211; Prat) como Portus &#8211; Santo Domingo, ya que ah\u00ed se encuentra ubicado el Servi Estado, por la gran cantidad de personas y para facilitar la fila a las entidades financieras para que se pueda ocupar la calzada. De igual forma se opt\u00f3 por cortar esas v\u00edas, m\u00e1s que nada ese el motivo principal del corte de calle, para que la gente pueda mantener y respetar la distancia social de 1,5 metros y mayor fluidez\u00bb,<\/em> indic\u00f3 el subteniente Jos\u00e9 Mart\u00ednez.<\/p>\n<p style=\"text-align: justify;\"><span style=\"color: #c81400;\"><strong>NUEVOS CASOS<\/strong><\/span><\/p>\n<p style=\"text-align: justify;\">Sobre nuevos casos de Covid-19 en la zona, el Seremi de Salud de la Quinta Regi\u00f3n, el qu\u00edmico farmac\u00e9utico <strong>Francisco \u00c1lvarez<\/strong>, inform\u00f3 en su reporte diario que en el Valle del Aconcagua hubo 18 contagios, siendo el siguiente detalle para ayer 10 de agosto:<\/p>\n<p style=\"text-align: justify;\">San Felipe\u00a0\u00a0\u00a0\u00a0\u00a0\u00a0\u00a0\u00a0\u00a0\u00a0 8<br \/>\nCatemu\u00a0\u00a0\u00a0\u00a0\u00a0\u00a0\u00a0\u00a0\u00a0\u00a0\u00a0\u00a0\u00a0\u00a0 3<br \/>\nLlay Llay\u00a0 \u00a0 \u00a0 \u00a0 \u00a0 \u00a0 \u00a01<br \/>\nLos Andes\u00a0\u00a0\u00a0\u00a0\u00a0\u00a0\u00a0\u00a0\u00a0\u00a0 6<\/p>\n<p style=\"text-align: justify;\">Importante se\u00f1alar que San Felipe sigue en la etapa 2 de transici\u00f3n, es decir s\u00f3lo los fines de semana y festivos se activa la cuarentena.<\/p>\n<figure id=\"attachment_101841\" aria-describedby=\"caption-attachment-101841\" style=\"width: 580px\" class=\"wp-caption alignnone\"><img data-recalc-dims=\"1\" loading=\"lazy\" decoding=\"async\" class=\"size-full wp-image-101841\" src=\"https:\/\/i0.wp.com\/eltrabajo.cl\/portal\/wp-content\/uploads\/2020\/08\/portada-Centro-copia.jpg?resize=580%2C359&#038;ssl=1\" alt=\"AS\u00cd NOS CUIDAMOS.- Gran cantidad de personas transitando por calle Prat ayer en la ma\u00f1ana. No era un recital ni un concierto, solo un d\u00eda lunes...\" width=\"580\" height=\"359\" srcset=\"https:\/\/i0.wp.com\/eltrabajo.cl\/portal\/wp-content\/uploads\/2020\/08\/portada-Centro-copia.jpg?w=580&amp;ssl=1 580w, https:\/\/i0.wp.com\/eltrabajo.cl\/portal\/wp-content\/uploads\/2020\/08\/portada-Centro-copia.jpg?resize=300%2C186&amp;ssl=1 300w, https:\/\/i0.wp.com\/eltrabajo.cl\/portal\/wp-content\/uploads\/2020\/08\/portada-Centro-copia.jpg?resize=200%2C124&amp;ssl=1 200w\" sizes=\"auto, (max-width: 580px) 100vw, 580px\" \/><figcaption id=\"caption-attachment-101841\" class=\"wp-caption-text\">AS\u00cd NOS CUIDAMOS.- Gran cantidad de personas transitando por calle Prat ayer en la ma\u00f1ana. No era un recital ni un concierto, solo un d\u00eda lunes&#8230;<\/figcaption><\/figure>\n<figure id=\"attachment_101839\" aria-describedby=\"caption-attachment-101839\" style=\"width: 580px\" class=\"wp-caption alignnone\"><img data-recalc-dims=\"1\" loading=\"lazy\" decoding=\"async\" class=\"size-full wp-image-101839\" src=\"https:\/\/i0.wp.com\/eltrabajo.cl\/portal\/wp-content\/uploads\/2020\/08\/centro-Valla.jpg?resize=580%2C359&#038;ssl=1\" alt=\"VALLAS PAPALES.- Una valla instalada en Salinas con Prat sirvi\u00f3 para cortar el tr\u00e1nsito en esta \u00faltima arteria hacia calle Traslavi\u00f1a.\" width=\"580\" height=\"359\" srcset=\"https:\/\/i0.wp.com\/eltrabajo.cl\/portal\/wp-content\/uploads\/2020\/08\/centro-Valla.jpg?w=580&amp;ssl=1 580w, https:\/\/i0.wp.com\/eltrabajo.cl\/portal\/wp-content\/uploads\/2020\/08\/centro-Valla.jpg?resize=300%2C186&amp;ssl=1 300w, https:\/\/i0.wp.com\/eltrabajo.cl\/portal\/wp-content\/uploads\/2020\/08\/centro-Valla.jpg?resize=200%2C124&amp;ssl=1 200w\" sizes=\"auto, (max-width: 580px) 100vw, 580px\" \/><figcaption id=\"caption-attachment-101839\" class=\"wp-caption-text\">VALLAS PAPALES.- Una valla instalada en Salinas con Prat sirvi\u00f3 para cortar el tr\u00e1nsito en esta \u00faltima arteria hacia calle Traslavi\u00f1a.<\/figcaption><\/figure>\n<figure id=\"attachment_101838\" aria-describedby=\"caption-attachment-101838\" style=\"width: 580px\" class=\"wp-caption alignnone\"><img data-recalc-dims=\"1\" loading=\"lazy\" decoding=\"async\" class=\"size-full wp-image-101838\" src=\"https:\/\/i0.wp.com\/eltrabajo.cl\/portal\/wp-content\/uploads\/2020\/08\/centro-Valla-2.jpg?resize=580%2C360&#038;ssl=1\" alt=\"TACOS.- Los veh\u00edculos debido al corte debieron doblar por Salinas hacia el sur, aumentando a\u00fan m\u00e1s las congesti\u00f3n.\" width=\"580\" height=\"360\" srcset=\"https:\/\/i0.wp.com\/eltrabajo.cl\/portal\/wp-content\/uploads\/2020\/08\/centro-Valla-2.jpg?w=580&amp;ssl=1 580w, https:\/\/i0.wp.com\/eltrabajo.cl\/portal\/wp-content\/uploads\/2020\/08\/centro-Valla-2.jpg?resize=300%2C186&amp;ssl=1 300w, https:\/\/i0.wp.com\/eltrabajo.cl\/portal\/wp-content\/uploads\/2020\/08\/centro-Valla-2.jpg?resize=200%2C124&amp;ssl=1 200w\" sizes=\"auto, (max-width: 580px) 100vw, 580px\" \/><figcaption id=\"caption-attachment-101838\" class=\"wp-caption-text\">TACOS.- Los veh\u00edculos debido al corte debieron doblar por Salinas hacia el sur, aumentando a\u00fan m\u00e1s las congesti\u00f3n.<\/figcaption><\/figure>\n<figure id=\"attachment_101837\" aria-describedby=\"caption-attachment-101837\" style=\"width: 580px\" class=\"wp-caption alignnone\"><img data-recalc-dims=\"1\" loading=\"lazy\" decoding=\"async\" class=\"size-full wp-image-101837\" src=\"https:\/\/i0.wp.com\/eltrabajo.cl\/portal\/wp-content\/uploads\/2020\/08\/Centro-2.jpg?resize=580%2C360&#038;ssl=1\" alt=\"CONGESTI\u00d3N VEHICULAR.- Como en los viejos tiempos, como si nada hubiera pasado, as\u00ed de congestionado estaba el tr\u00e1nsito ayer en el centro de la ciudad.\" width=\"580\" height=\"360\" srcset=\"https:\/\/i0.wp.com\/eltrabajo.cl\/portal\/wp-content\/uploads\/2020\/08\/Centro-2.jpg?w=580&amp;ssl=1 580w, https:\/\/i0.wp.com\/eltrabajo.cl\/portal\/wp-content\/uploads\/2020\/08\/Centro-2.jpg?resize=300%2C186&amp;ssl=1 300w, https:\/\/i0.wp.com\/eltrabajo.cl\/portal\/wp-content\/uploads\/2020\/08\/Centro-2.jpg?resize=200%2C124&amp;ssl=1 200w\" sizes=\"auto, (max-width: 580px) 100vw, 580px\" \/><figcaption id=\"caption-attachment-101837\" class=\"wp-caption-text\">CONGESTI\u00d3N VEHICULAR.- Como en los viejos tiempos, como si nada hubiera pasado, as\u00ed de congestionado estaba el tr\u00e1nsito ayer en el centro de la ciudad.<\/figcaption><\/figure>\n","protected":false},"excerpt":{"rendered":"<p>Misma medida en Portus con Santo Domingo: Fue tanta la cantidad de gente que circulaba ayer en las calles del centro de San Felipe, que Carabineros determin\u00f3 cerrar calle Prat desde Salinas&#8230;<\/p>\n","protected":false},"author":482,"featured_media":101841,"comment_status":"closed","ping_status":"open","sticky":false,"template":"","format":"standard","meta":{"advanced_seo_description":"","jetpack_seo_html_title":"","jetpack_seo_noindex":false,"_jetpack_memberships_contains_paid_content":false,"footnotes":""},"categories":[105,103],"tags":[],"class_list":["post-101836","post","type-post","status-publish","format-standard","has-post-thumbnail","hentry","category-covid-19","category-cronica-2"],"jetpack_featured_media_url":"https:\/\/i0.wp.com\/eltrabajo.cl\/portal\/wp-content\/uploads\/2020\/08\/portada-Centro-copia.jpg?fit=580%2C359&ssl=1","jetpack_sharing_enabled":true,"jetpack_likes_enabled":true,"jetpack-related-posts":[],"_links":{"self":[{"href":"https:\/\/eltrabajo.cl\/portal\/wp-json\/wp\/v2\/posts\/101836","targetHints":{"allow":["GET"]}}],"collection":[{"href":"https:\/\/eltrabajo.cl\/portal\/wp-json\/wp\/v2\/posts"}],"about":[{"href":"https:\/\/eltrabajo.cl\/portal\/wp-json\/wp\/v2\/types\/post"}],"author":[{"embeddable":true,"href":"https:\/\/eltrabajo.cl\/portal\/wp-json\/wp\/v2\/users\/482"}],"replies":[{"embeddable":true,"href":"https:\/\/eltrabajo.cl\/portal\/wp-json\/wp\/v2\/comments?post=101836"}],"version-history":[{"count":0,"href":"https:\/\/eltrabajo.cl\/portal\/wp-json\/wp\/v2\/posts\/101836\/revisions"}],"wp:featuredmedia":[{"embeddable":true,"href":"https:\/\/eltrabajo.cl\/portal\/wp-json\/wp\/v2\/media\/101841"}],"wp:attachment":[{"href":"https:\/\/eltrabajo.cl\/portal\/wp-json\/wp\/v2\/media?parent=101836"}],"wp:term":[{"taxonomy":"category","embeddable":true,"href":"https:\/\/eltrabajo.cl\/portal\/wp-json\/wp\/v2\/categories?post=101836"},{"taxonomy":"post_tag","embeddable":true,"href":"https:\/\/eltrabajo.cl\/portal\/wp-json\/wp\/v2\/tags?post=101836"}],"curies":[{"name":"wp","href":"https:\/\/api.w.org\/{rel}","templated":true}]}}