{"id":101844,"date":"2020-08-11T08:00:26","date_gmt":"2020-08-11T12:00:26","guid":{"rendered":"https:\/\/www.eltrabajo.cl\/portal\/?p=101844"},"modified":"2020-08-10T21:42:05","modified_gmt":"2020-08-11T01:42:05","slug":"tras-58-anos-de-casados-adultos-mayores-se-fueron-juntos-al-mas-alla","status":"publish","type":"post","link":"https:\/\/eltrabajo.cl\/portal\/tras-58-anos-de-casados-adultos-mayores-se-fueron-juntos-al-mas-alla\/","title":{"rendered":"Tras 58 a\u00f1os de casados, adultos mayores se fueron juntos al M\u00e1s All\u00e1"},"content":{"rendered":"<p style=\"text-align: left;\"><span style=\"color: #c81400;\"><strong>\u00c9l muere de un infarto y su esposa tambi\u00e9n pocas horas despu\u00e9s:<\/strong><\/span><\/p>\n<p style=\"text-align: justify;\"><strong>SANTA MAR\u00cdA.-<\/strong> Aquella m\u00edstica frase que escuchamos al contraer matrimonio que reza: \u00ab<em>Hasta que la muerte los separe<\/em>\u00bb, jam\u00e1s podr\u00eda aplicarse a los protagonistas de la historia que hoy damos a conocer en <strong>Diario El Trabajo<\/strong>, <strong>Luis Jaime Lazcano Herrera<\/strong> y su esposa <strong>Trinidad del Carmen Ahumada Herrera<\/strong>, quienes fallecieron este fin de semana en menos de 24 horas de diferencia el uno del otro. \u00bfC\u00f3mo nos explicamos este impresionante final para dos personas que desde hace 58 a\u00f1os decidieron unir sus vidas en matrimonio?<\/p>\n<p style=\"text-align: justify;\">\n<p style=\"text-align: justify;\"><span style=\"color: #c81400;\"><strong>FULMINANTE FINAL<\/strong><\/span><\/p>\n<p style=\"text-align: justify;\">La noticia impresion\u00f3 a todos en la comuna de Santa Mar\u00eda y tambi\u00e9n del Valle de Aconcagua. Luego de sufrir un accidente cerebro-vascular hace algunas semanas, el conocido \u2018<strong>Chico Jaime<\/strong>\u2019, de 82 a\u00f1os de edad, fue remitido al Hospital San Camilo, lo que dej\u00f3 a su esposa \u2018<strong>Mami Trini<\/strong>\u2019 hundida en la pena y zozobra. As\u00ed, cuando \u00e9l expir\u00f3 a las 22:30 horas de este s\u00e1bado en el hospital sanfelipe\u00f1o, media hora m\u00e1s tarde cuando a ella le informaron de su muerte, se puso muy triste, desmay\u00e1ndose y al mismo tiempo sufriendo exactamente como su esposo, un derrame cerebral, el que la dej\u00f3 inconsciente e internada en el San Camilo, declar\u00e1ndose su muerte cerebral el domingo a las 19:30, declar\u00e1ndose muerta a las 21:30 horas, o sea, 23 horas despu\u00e9s que su esposo.<\/p>\n<p style=\"text-align: justify;\">\n<p style=\"text-align: justify;\"><span style=\"color: #c81400;\"><strong>FAMILIA DESOLADA<\/strong><\/span><\/p>\n<p style=\"text-align: justify;\">Los hijos, hermanos y nietos no pod\u00edan digerir el perder a su padre, estaban desconsolados y buscando la manera de entender por qu\u00e9 el Destino les arrebat\u00f3 de un solo golpe a sus dos seres m\u00e1s queridos en esta vida. Los vecinos por su parte tambi\u00e9n estaban at\u00f3nitos ante tal suceso comunitario.<\/p>\n<p style=\"text-align: justify;\">En calle O\u2019Higgins N\u00ba11 y en todo el pueblo de Las Cabras, nadie logra salir del asombro. Por esas razones <strong>Diario El Trabajo<\/strong> visit\u00f3 dicha comunidad para poder hablar con sus familiares, en este caso conversamos con la hija mayor del matrimonio, <strong>Carmen Luz Lazcano Ahumada<\/strong>.<\/p>\n<p style=\"text-align: justify;\">&#8211; <strong>\u00bfC\u00f3mo se conocieron sus padres Jaime y Trinidad?<\/strong><\/p>\n<p style=\"text-align: justify;\">&#8211; La historia de nuestros padres es muy peculiar, \u00e9l siempre fue un picar\u00f3n con las mujeres, a mi madre se la rob\u00f3 en una bicicleta cuando mi mami ten\u00eda apenas 15 a\u00f1os de edad. Mam\u00e1 viv\u00eda en Catemu, ah\u00ed naci\u00f3 ella, y pap\u00e1 se la conquist\u00f3, la subi\u00f3 en la bicicleta y arrancaron para Santa Mar\u00eda. Al d\u00eda siguiente los pap\u00e1s de ella los pillaron ac\u00e1 en el sector de la comuna, y ah\u00ed mismo los obligaron a casarse, as\u00ed nos contaron ellos mismos su historia; el 25 de julio de 1962 se unieron en matrimonio.<\/p>\n<p style=\"text-align: justify;\">&#8211; <strong>\u00bfC\u00f3mo era su padre, a qu\u00e9 se dedic\u00f3 cuando joven?<\/strong><\/p>\n<p style=\"text-align: justify;\">&#8211; Pap\u00e1 era conductor de micro, as\u00ed conoci\u00f3 a mam\u00e1 all\u00e1 en Catemu; \u00e9l luego fue comerciante, vend\u00eda frutos secos en invierno, y las frutas de temporada en verano, recorri\u00f3 todo Chile con sus ventas ambulantes, era muy enamorado, tambi\u00e9n era un cascarrabias, muy choro pap\u00e1.<\/p>\n<p style=\"text-align: justify;\">&#8211; <strong>\u00bfY su madre c\u00f3mo era su forma de ser?<\/strong><\/p>\n<p style=\"text-align: justify;\">&#8211; Mam\u00e1 era todo lo contrario, toda su vida la dedic\u00f3 a nosotros, sus hijos, a sus nietos. Pap\u00e1 tuvo dos hijos fuera del matrimonio, ella siempre nos quiso a todos por igual. Recordamos ahora que ella siempre dec\u00eda, si mi esposo muere yo tambi\u00e9n me voy con \u00e9l, tantas veces lo dijo, que result\u00f3 ser as\u00ed, se fue con \u00e9l.<\/p>\n<p style=\"text-align: justify;\">&#8211; <strong>\u00bfC\u00f3mo fue este desenlace tan ins\u00f3lito?<\/strong><\/p>\n<p style=\"text-align: justify;\">&#8211; Mam\u00e1 siempre fue una mujer sumisa a pap\u00e1, amorosa, nunca le trabaj\u00f3 a\u00a0 nadie, siempre toda su vida nos la entreg\u00f3 a nosotros. Pap\u00e1 hac\u00eda pocos meses que sufri\u00f3 un derrame cerebral y qued\u00f3 internado en el San Camilo. Mam\u00e1 le ped\u00eda a mis hermanos que ya que se lo trajeran a la casa, que de seguro \u00e9l estar\u00eda aburrido en el hospital, lo cierto del caso es que pap\u00e1 aunque estaba consciente, ya no pod\u00eda hablar bien, hasta que muri\u00f3 este s\u00e1bado en la noche.<\/p>\n<p style=\"text-align: justify;\">Quedamos en shock cuando mi papi muri\u00f3, pero lo que nunca nos esperamos es que ella tambi\u00e9n sufriera lo mismo y muriera, o sea, ni la muerte los separ\u00f3, ser\u00e1 un amor eterno que los mantendr\u00e1 unidos all\u00e1 en la Eternidad supongo.<\/p>\n<p style=\"text-align: justify;\">\n<p style=\"text-align: justify;\"><span style=\"color: #c81400;\"><strong>SUS FUNERALES<\/strong><\/span><\/p>\n<p style=\"text-align: justify;\">El velatorio de \u2018Chico Jaime\u2019 y \u2018Mami Trini\u2019 se realiz\u00f3 en la casa ubicada en calle O\u2019Higgins N\u00ba11 de Las Cabras. Hoy martes a las 10:00 horas se realiza un Responso, para pasar luego su cuerpo por la cancha del pueblo, y seguidamente al Cementerio Parroquial de la comuna de Santa Mar\u00eda.<\/p>\n<p style=\"text-align: justify;\"><strong>Roberto Gonz\u00e1lez Short<\/strong><\/p>\n<figure id=\"attachment_101848\" aria-describedby=\"caption-attachment-101848\" style=\"width: 580px\" class=\"wp-caption alignnone\"><img data-recalc-dims=\"1\" loading=\"lazy\" decoding=\"async\" class=\"size-full wp-image-101848\" src=\"https:\/\/i0.wp.com\/eltrabajo.cl\/portal\/wp-content\/uploads\/2020\/08\/Juntos4.jpg?resize=580%2C360&#038;ssl=1\" alt=\"TODA UNA VIDA AM\u00c1NDOSE.- Pr\u00e1cticamente desde adolescentes se unieron en matrimonio, as\u00ed eran las costumbres en esos tiempos.\" width=\"580\" height=\"360\" srcset=\"https:\/\/i0.wp.com\/eltrabajo.cl\/portal\/wp-content\/uploads\/2020\/08\/Juntos4.jpg?w=580&amp;ssl=1 580w, https:\/\/i0.wp.com\/eltrabajo.cl\/portal\/wp-content\/uploads\/2020\/08\/Juntos4.jpg?resize=300%2C186&amp;ssl=1 300w, https:\/\/i0.wp.com\/eltrabajo.cl\/portal\/wp-content\/uploads\/2020\/08\/Juntos4.jpg?resize=200%2C124&amp;ssl=1 200w\" sizes=\"auto, (max-width: 580px) 100vw, 580px\" \/><figcaption id=\"caption-attachment-101848\" class=\"wp-caption-text\">TODA UNA VIDA AM\u00c1NDOSE.- Pr\u00e1cticamente desde adolescentes se unieron en matrimonio, as\u00ed eran las costumbres en esos tiempos.<\/figcaption><\/figure>\n<figure id=\"attachment_101845\" aria-describedby=\"caption-attachment-101845\" style=\"width: 580px\" class=\"wp-caption alignnone\"><img data-recalc-dims=\"1\" loading=\"lazy\" decoding=\"async\" class=\"size-full wp-image-101845\" src=\"https:\/\/i0.wp.com\/eltrabajo.cl\/portal\/wp-content\/uploads\/2020\/08\/Juntos_Luis-Jaime-Lazcano-y-Trinidad-Ahumada.jpg?resize=580%2C359&#038;ssl=1\" alt=\"Luis Jaime Lazcano Herrera y su esposa Trinidad del Carmen Ahumada Herrera, ambos fallecieron con apenas 23 horas de diferencia.\" width=\"580\" height=\"359\" srcset=\"https:\/\/i0.wp.com\/eltrabajo.cl\/portal\/wp-content\/uploads\/2020\/08\/Juntos_Luis-Jaime-Lazcano-y-Trinidad-Ahumada.jpg?w=580&amp;ssl=1 580w, https:\/\/i0.wp.com\/eltrabajo.cl\/portal\/wp-content\/uploads\/2020\/08\/Juntos_Luis-Jaime-Lazcano-y-Trinidad-Ahumada.jpg?resize=300%2C186&amp;ssl=1 300w, https:\/\/i0.wp.com\/eltrabajo.cl\/portal\/wp-content\/uploads\/2020\/08\/Juntos_Luis-Jaime-Lazcano-y-Trinidad-Ahumada.jpg?resize=200%2C124&amp;ssl=1 200w\" sizes=\"auto, (max-width: 580px) 100vw, 580px\" \/><figcaption id=\"caption-attachment-101845\" class=\"wp-caption-text\">Luis Jaime Lazcano Herrera y su esposa Trinidad del Carmen Ahumada Herrera, ambos fallecieron con apenas 23 horas de diferencia.<\/figcaption><\/figure>\n<figure id=\"attachment_101847\" aria-describedby=\"caption-attachment-101847\" style=\"width: 580px\" class=\"wp-caption alignnone\"><img data-recalc-dims=\"1\" loading=\"lazy\" decoding=\"async\" class=\"size-full wp-image-101847\" src=\"https:\/\/i0.wp.com\/eltrabajo.cl\/portal\/wp-content\/uploads\/2020\/08\/Juntos2.jpg?resize=580%2C359&#038;ssl=1\" alt=\"SU DESCENDENCIA.- Aqu\u00ed tenemos a muchos familiares de este matrimonio, hermanos, hijos y nietos le despiden hoy con amor y desconsuelo.\" width=\"580\" height=\"359\" srcset=\"https:\/\/i0.wp.com\/eltrabajo.cl\/portal\/wp-content\/uploads\/2020\/08\/Juntos2.jpg?w=580&amp;ssl=1 580w, https:\/\/i0.wp.com\/eltrabajo.cl\/portal\/wp-content\/uploads\/2020\/08\/Juntos2.jpg?resize=300%2C186&amp;ssl=1 300w, https:\/\/i0.wp.com\/eltrabajo.cl\/portal\/wp-content\/uploads\/2020\/08\/Juntos2.jpg?resize=200%2C124&amp;ssl=1 200w\" sizes=\"auto, (max-width: 580px) 100vw, 580px\" \/><figcaption id=\"caption-attachment-101847\" class=\"wp-caption-text\">SU DESCENDENCIA.- Aqu\u00ed tenemos a muchos familiares de este matrimonio, hermanos, hijos y nietos le despiden hoy con amor y desconsuelo.<\/figcaption><\/figure>\n<figure id=\"attachment_101846\" aria-describedby=\"caption-attachment-101846\" style=\"width: 580px\" class=\"wp-caption alignnone\"><img data-recalc-dims=\"1\" loading=\"lazy\" decoding=\"async\" class=\"size-full wp-image-101846\" src=\"https:\/\/i0.wp.com\/eltrabajo.cl\/portal\/wp-content\/uploads\/2020\/08\/Juntos1.jpg?resize=580%2C359&#038;ssl=1\" alt=\"JUNTOS HASTA EL FINAL.- A los dos se les vel\u00f3 en la sala de su casa, su amor fue tan fuerte que ni la misma muerte fue capaz de separarlos.\" width=\"580\" height=\"359\" srcset=\"https:\/\/i0.wp.com\/eltrabajo.cl\/portal\/wp-content\/uploads\/2020\/08\/Juntos1.jpg?w=580&amp;ssl=1 580w, https:\/\/i0.wp.com\/eltrabajo.cl\/portal\/wp-content\/uploads\/2020\/08\/Juntos1.jpg?resize=300%2C186&amp;ssl=1 300w, https:\/\/i0.wp.com\/eltrabajo.cl\/portal\/wp-content\/uploads\/2020\/08\/Juntos1.jpg?resize=200%2C124&amp;ssl=1 200w\" sizes=\"auto, (max-width: 580px) 100vw, 580px\" \/><figcaption id=\"caption-attachment-101846\" class=\"wp-caption-text\">JUNTOS HASTA EL FINAL.- A los dos se les vel\u00f3 en la sala de su casa, su amor fue tan fuerte que ni la misma muerte fue capaz de separarlos.<\/figcaption><\/figure>\n<figure id=\"attachment_101849\" aria-describedby=\"caption-attachment-101849\" style=\"width: 579px\" class=\"wp-caption alignnone\"><img data-recalc-dims=\"1\" loading=\"lazy\" decoding=\"async\" class=\"size-full wp-image-101849\" src=\"https:\/\/i0.wp.com\/eltrabajo.cl\/portal\/wp-content\/uploads\/2020\/08\/Juntos_Carmen-Luz-Lazcano.jpg?resize=579%2C624&#038;ssl=1\" alt=\"Carmen Luz Lazcano, hija mayor del matrimonio.\" width=\"579\" height=\"624\" srcset=\"https:\/\/i0.wp.com\/eltrabajo.cl\/portal\/wp-content\/uploads\/2020\/08\/Juntos_Carmen-Luz-Lazcano.jpg?w=579&amp;ssl=1 579w, https:\/\/i0.wp.com\/eltrabajo.cl\/portal\/wp-content\/uploads\/2020\/08\/Juntos_Carmen-Luz-Lazcano.jpg?resize=278%2C300&amp;ssl=1 278w, https:\/\/i0.wp.com\/eltrabajo.cl\/portal\/wp-content\/uploads\/2020\/08\/Juntos_Carmen-Luz-Lazcano.jpg?resize=139%2C150&amp;ssl=1 139w\" sizes=\"auto, (max-width: 579px) 100vw, 579px\" \/><figcaption id=\"caption-attachment-101849\" class=\"wp-caption-text\">Carmen Luz Lazcano, hija mayor del matrimonio.<\/figcaption><\/figure>\n","protected":false},"excerpt":{"rendered":"<p>\u00c9l muere de un infarto y su esposa tambi\u00e9n pocas horas despu\u00e9s: SANTA MAR\u00cdA.- Aquella m\u00edstica frase que escuchamos al contraer matrimonio que reza: \u00abHasta que la muerte los separe\u00bb, jam\u00e1s podr\u00eda&#8230;<\/p>\n","protected":false},"author":482,"featured_media":101845,"comment_status":"closed","ping_status":"open","sticky":false,"template":"","format":"standard","meta":{"advanced_seo_description":"","jetpack_seo_html_title":"","jetpack_seo_noindex":false,"_jetpack_memberships_contains_paid_content":false,"footnotes":""},"categories":[15],"tags":[],"class_list":["post-101844","post","type-post","status-publish","format-standard","has-post-thumbnail","hentry","category-comunidad"],"jetpack_featured_media_url":"https:\/\/i0.wp.com\/eltrabajo.cl\/portal\/wp-content\/uploads\/2020\/08\/Juntos_Luis-Jaime-Lazcano-y-Trinidad-Ahumada.jpg?fit=580%2C359&ssl=1","jetpack_sharing_enabled":true,"jetpack_likes_enabled":true,"jetpack-related-posts":[],"_links":{"self":[{"href":"https:\/\/eltrabajo.cl\/portal\/wp-json\/wp\/v2\/posts\/101844","targetHints":{"allow":["GET"]}}],"collection":[{"href":"https:\/\/eltrabajo.cl\/portal\/wp-json\/wp\/v2\/posts"}],"about":[{"href":"https:\/\/eltrabajo.cl\/portal\/wp-json\/wp\/v2\/types\/post"}],"author":[{"embeddable":true,"href":"https:\/\/eltrabajo.cl\/portal\/wp-json\/wp\/v2\/users\/482"}],"replies":[{"embeddable":true,"href":"https:\/\/eltrabajo.cl\/portal\/wp-json\/wp\/v2\/comments?post=101844"}],"version-history":[{"count":0,"href":"https:\/\/eltrabajo.cl\/portal\/wp-json\/wp\/v2\/posts\/101844\/revisions"}],"wp:featuredmedia":[{"embeddable":true,"href":"https:\/\/eltrabajo.cl\/portal\/wp-json\/wp\/v2\/media\/101845"}],"wp:attachment":[{"href":"https:\/\/eltrabajo.cl\/portal\/wp-json\/wp\/v2\/media?parent=101844"}],"wp:term":[{"taxonomy":"category","embeddable":true,"href":"https:\/\/eltrabajo.cl\/portal\/wp-json\/wp\/v2\/categories?post=101844"},{"taxonomy":"post_tag","embeddable":true,"href":"https:\/\/eltrabajo.cl\/portal\/wp-json\/wp\/v2\/tags?post=101844"}],"curies":[{"name":"wp","href":"https:\/\/api.w.org\/{rel}","templated":true}]}}