{"id":101901,"date":"2020-08-11T23:47:43","date_gmt":"2020-08-12T03:47:43","guid":{"rendered":"https:\/\/www.eltrabajo.cl\/portal\/?p=101901"},"modified":"2020-08-11T23:47:43","modified_gmt":"2020-08-12T03:47:43","slug":"musicos-de-tamesis-se-reinventan-y-lanzan-su-tema-if-i-fell-desde-sus-casas","status":"publish","type":"post","link":"https:\/\/eltrabajo.cl\/portal\/musicos-de-tamesis-se-reinventan-y-lanzan-su-tema-if-i-fell-desde-sus-casas\/","title":{"rendered":"M\u00fasicos de T\u00e1mesis se reinventan y lanzan su tema \u2018If I fell\u2019 desde sus casas"},"content":{"rendered":"<p style=\"text-align: left;\"><span style=\"color: #c81400;\"><strong>Banda Tributo a The Beatles lleva ya 18 a\u00f1os activa:<\/strong><\/span><\/p>\n<p style=\"text-align: justify;\">Hoy continuamos presentando a nuestros artistas locales y lo hacemos nada m\u00e1s ni nada menos que con la <strong>Banda T\u00e1mesis<\/strong>, un proyecto musical bastante singular, pues se trata de cuatro m\u00fasicos aconcag\u00fcinos que desde hace m\u00e1s de una d\u00e9cada vienen rindiendo tributo a The Beatles.<\/p>\n<p style=\"text-align: justify;\">\n<p style=\"text-align: justify;\"><span style=\"color: #c81400;\"><strong>SIGUEN ACTIVOS<\/strong><\/span><\/p>\n<p style=\"text-align: justify;\"><strong>Diario El Trabajo<\/strong> habl\u00f3 este martes con el guitarrista y cofundador de la banda, <strong>Christian Lazo Morales<\/strong>, quien nos cuenta la historia de su proyecto.<\/p>\n<p style=\"text-align: justify;\">&#8211; <strong>\u00bfC\u00f3mo es que nace la Banda T\u00e1mesis en Chile?<\/strong><\/p>\n<p style=\"text-align: justify;\">&#8211; T\u00e1mesis\u00a0es una banda formada hace 18 a\u00f1os en el Valle de Aconcagua, cuando con varios amigos tambi\u00e9n amantes de la m\u00fasica y estudiantes tambi\u00e9n, nos propusimos homenajear a The Beatles,\u00a0 y con ellos expresar nuestra admiraci\u00f3n por\u00a0John, Paul, George y Ringo, quienes originalmente\u00a0 conformaron el grupo m\u00e1s influyente de todos los tiempos, transform\u00e1ndose en la base, la referencia obligada, para generaciones de artistas, al menos as\u00ed lo est\u00e1bamos realizando antes de las protestas y esta pandemia.<\/p>\n<p style=\"text-align: justify;\">&#8211; <strong>\u00bfO sea, s\u00f3lo tocan m\u00fasica de The Beatles?<\/strong><\/p>\n<p style=\"text-align: justify;\">&#8211; As\u00ed es. Este es un trabajo fruto de la admiraci\u00f3n hacia Los Cuatro de Liverpool, comenzamos nuestro arduo trabajo, que desde el amateurismo m\u00e1s puro nos fuimos perfeccionando hasta establecerse como\u00a0el tributo a The Beatles de Aconcagua. Nuestra profesionalizaci\u00f3n de T\u00e1mesis como banda tributo ha quedado demostrada en numerosas ocasiones, cuando pudimos presentarnos en importantes escenarios de la zona, acompa\u00f1ando a grandes artistas de nivel nacional.<\/p>\n<p style=\"text-align: justify;\">&#8211; <strong>H\u00e1blenos un poco de la proyecci\u00f3n que han logrado con T\u00e1mesis antes de la crisis actual.<\/strong><\/p>\n<p style=\"text-align: justify;\">&#8211; Entre los hitos destacan haber acompa\u00f1ado a\u00a0Beatleman\u00eda en dos ocasiones, esto en el Parque Urbano de Los Andes ante una gran multitud de personas; compartir escenario junto a Los Jaivas, as\u00ed con otros grandes artistas como Eduardo Gatti y Luis Jara, entre otros. Tambi\u00e9n en esta d\u00e9cada de trabajo nos hemos proyectado en numerosos festivales y eventos de la zona como fiestas de la Chaya, eventos a beneficio y Particulares, entre otros, porque ni la distancia ni la Cuarentena nos ha quitado las ganas de seguir haciendo m\u00fasica. Estaremos lanzando una serie de canciones de Los 4 de Liverpool grabados en casa para compartir con todos y todas ustedes.<\/p>\n<p style=\"text-align: justify;\">&#8211; <strong>\u00bfC\u00f3mo se instalaban ustedes durante un show, tienen armado ya alg\u00fan gui\u00f3n?<\/strong><\/p>\n<p style=\"text-align: justify;\">&#8211;\u00a0 S\u00ed, claro, por ejemplo en 2009 realizamos un show especial nos llev\u00f3 m\u00e1s de una hora de duraci\u00f3n, en la cual m\u00e1s de un centenar de personas disfrutaron un m\u00e1gico tour por las canciones de The Beatles, con una excelente puesta en escena. Recientemente tambi\u00e9n fuimos parte del evento \u2018Azoteas por The Beatles\u2019, evento nacional en m\u00e1s de 30 lugares de Chile donde se conmemoraron los 50 a\u00f1os del \u00faltimo concierto en vivo de The Beatles.<\/p>\n<p style=\"text-align: justify;\">&#8211; <strong>\u00bfC\u00f3mo se conectaban con el p\u00fablico, importa la edad?<\/strong><\/p>\n<p style=\"text-align: justify;\">&#8211; No importa la edad, porque aunque nos hemos presentado con Beatleman\u00eda, en Los Andes, Vi\u00f1a del Mar, Santiago y en el Valle de Aconcagua, siempre nuestra propuesta ser\u00e1 para The Beatles, s\u00f3lo en ingl\u00e9s, nuestro p\u00fablico es muy amplio, los j\u00f3venes de hoy d\u00eda sintonizan mucho con estos cl\u00e1sicos<\/p>\n<p style=\"text-align: justify;\">&#8211; <strong>\u00bfSienten ustedes que han crecido como banda, les afecta ahora el tema de la Pandemia?<\/strong><\/p>\n<p style=\"text-align: justify;\">&#8211; S\u00ed, hemos crecido. Al igual que The Beatles hemos tenido la oportunidad de crecer juntos, ahora ya adultos desde la comodidad de nuestros hogares, trabajando, con familia, hijos, etc., siempre tratando de seguir haciendo lo que m\u00e1s nos gusta que es la m\u00fasica, en este caso The Beatles. En este sentido, el contexto de pandemia no ha sido diferente: ante la Cuarentena y la imposibilidad de reunirnos a tocar vimos una oportunidad de grabar a distancia. Como banda nunca antes nos hab\u00edamos enfrentado a la posibilidad de grabar como en un estudio, es decir, cada uno graba su parte y luego se hace el montaje. Fruto de esto probamos grabando la canci\u00f3n \u2018<strong>If I fell<\/strong>\u2019, la cual lanzamos por nuestras redes sociales hace unas semanas. Esta primera experiencia nos gust\u00f3 y tuvo muy buena recepci\u00f3n, por lo mismo planeamos seguir haciendo diferentes canciones, incluso algunas que nunca hab\u00edan estado en nuestro repertorio de presentaciones en vivo.<\/p>\n<p style=\"text-align: justify;\">&#8211; <strong>\u00bfD\u00f3nde pueden nuestros lectores buscar sus temas en Internet?<\/strong><\/p>\n<p style=\"text-align: justify;\">&#8211; Pueden encontrar estas canciones que estamos grabando en cuarentena, as\u00ed como material adicional de presentaciones en vivo, en nuestra web www.tamesisbeatles.cl, as\u00ed como en nuestro canal de Youtube, Facebook e Instagram.<\/p>\n<p style=\"text-align: justify;\"><strong>Roberto Gonz\u00e1lez Short<\/strong><\/p>\n<figure id=\"attachment_101904\" aria-describedby=\"caption-attachment-101904\" style=\"width: 580px\" class=\"wp-caption alignnone\"><img data-recalc-dims=\"1\" loading=\"lazy\" decoding=\"async\" class=\"size-full wp-image-101904\" src=\"https:\/\/i0.wp.com\/eltrabajo.cl\/portal\/wp-content\/uploads\/2020\/08\/Tamesis1.jpg?resize=580%2C360&#038;ssl=1\" alt=\"THE BEATLES DE ACONCAGUA.- Aqu\u00ed tenemos a Ismael Acevedo (bajo, Paul McCartney), Juan Pablo \u00c1lvarez (guitarra, John Lennon), Hugo Arancibia (bater\u00eda, Ringo Star) y Christian Lazo (guitarra, George Harrison).\" width=\"580\" height=\"360\" srcset=\"https:\/\/i0.wp.com\/eltrabajo.cl\/portal\/wp-content\/uploads\/2020\/08\/Tamesis1.jpg?w=580&amp;ssl=1 580w, https:\/\/i0.wp.com\/eltrabajo.cl\/portal\/wp-content\/uploads\/2020\/08\/Tamesis1.jpg?resize=300%2C186&amp;ssl=1 300w, https:\/\/i0.wp.com\/eltrabajo.cl\/portal\/wp-content\/uploads\/2020\/08\/Tamesis1.jpg?resize=200%2C124&amp;ssl=1 200w\" sizes=\"auto, (max-width: 580px) 100vw, 580px\" \/><figcaption id=\"caption-attachment-101904\" class=\"wp-caption-text\">THE BEATLES DE ACONCAGUA.- Aqu\u00ed tenemos a Ismael Acevedo (bajo, Paul McCartney), Juan Pablo \u00c1lvarez (guitarra, John Lennon), Hugo Arancibia (bater\u00eda, Ringo Star) y Christian Lazo (guitarra, George Harrison).<\/figcaption><\/figure>\n<figure id=\"attachment_101902\" aria-describedby=\"caption-attachment-101902\" style=\"width: 580px\" class=\"wp-caption alignnone\"><img data-recalc-dims=\"1\" loading=\"lazy\" decoding=\"async\" class=\"size-full wp-image-101902\" src=\"https:\/\/i0.wp.com\/eltrabajo.cl\/portal\/wp-content\/uploads\/2020\/08\/Tamesis2.jpg?resize=580%2C360&#038;ssl=1\" alt=\"AQUELLOS TIEMPOS.- As\u00ed luc\u00edan estos m\u00fasicos locales antes de la Pandemia en los eventos que realizaban en el valle.\" width=\"580\" height=\"360\" srcset=\"https:\/\/i0.wp.com\/eltrabajo.cl\/portal\/wp-content\/uploads\/2020\/08\/Tamesis2.jpg?w=580&amp;ssl=1 580w, https:\/\/i0.wp.com\/eltrabajo.cl\/portal\/wp-content\/uploads\/2020\/08\/Tamesis2.jpg?resize=300%2C186&amp;ssl=1 300w, https:\/\/i0.wp.com\/eltrabajo.cl\/portal\/wp-content\/uploads\/2020\/08\/Tamesis2.jpg?resize=200%2C124&amp;ssl=1 200w\" sizes=\"auto, (max-width: 580px) 100vw, 580px\" \/><figcaption id=\"caption-attachment-101902\" class=\"wp-caption-text\">AQUELLOS TIEMPOS.- As\u00ed luc\u00edan estos m\u00fasicos locales antes de la Pandemia en los eventos que realizaban en el valle.<\/figcaption><\/figure>\n<figure id=\"attachment_101903\" aria-describedby=\"caption-attachment-101903\" style=\"width: 580px\" class=\"wp-caption alignnone\"><img data-recalc-dims=\"1\" loading=\"lazy\" decoding=\"async\" class=\"size-full wp-image-101903\" src=\"https:\/\/i0.wp.com\/eltrabajo.cl\/portal\/wp-content\/uploads\/2020\/08\/Tamesis_Christian-Lazo-Morales.jpg?resize=580%2C600&#038;ssl=1\" alt=\"Guitarrista y cofundador de la banda, Christian Lazo Morales.\" width=\"580\" height=\"600\" srcset=\"https:\/\/i0.wp.com\/eltrabajo.cl\/portal\/wp-content\/uploads\/2020\/08\/Tamesis_Christian-Lazo-Morales.jpg?w=580&amp;ssl=1 580w, https:\/\/i0.wp.com\/eltrabajo.cl\/portal\/wp-content\/uploads\/2020\/08\/Tamesis_Christian-Lazo-Morales.jpg?resize=290%2C300&amp;ssl=1 290w, https:\/\/i0.wp.com\/eltrabajo.cl\/portal\/wp-content\/uploads\/2020\/08\/Tamesis_Christian-Lazo-Morales.jpg?resize=145%2C150&amp;ssl=1 145w\" sizes=\"auto, (max-width: 580px) 100vw, 580px\" \/><figcaption id=\"caption-attachment-101903\" class=\"wp-caption-text\">Guitarrista y cofundador de la banda, Christian Lazo Morales.<\/figcaption><\/figure>\n","protected":false},"excerpt":{"rendered":"<p>Banda Tributo a The Beatles lleva ya 18 a\u00f1os activa: Hoy continuamos presentando a nuestros artistas locales y lo hacemos nada m\u00e1s ni nada menos que con la Banda T\u00e1mesis, un proyecto&#8230;<\/p>\n","protected":false},"author":482,"featured_media":101904,"comment_status":"closed","ping_status":"open","sticky":false,"template":"","format":"standard","meta":{"advanced_seo_description":"","jetpack_seo_html_title":"","jetpack_seo_noindex":false,"_jetpack_memberships_contains_paid_content":false,"footnotes":""},"categories":[20],"tags":[],"class_list":["post-101901","post","type-post","status-publish","format-standard","has-post-thumbnail","hentry","category-arte-y-cultura"],"jetpack_featured_media_url":"https:\/\/i0.wp.com\/eltrabajo.cl\/portal\/wp-content\/uploads\/2020\/08\/Tamesis1.jpg?fit=580%2C360&ssl=1","jetpack_sharing_enabled":true,"jetpack_likes_enabled":true,"jetpack-related-posts":[],"_links":{"self":[{"href":"https:\/\/eltrabajo.cl\/portal\/wp-json\/wp\/v2\/posts\/101901","targetHints":{"allow":["GET"]}}],"collection":[{"href":"https:\/\/eltrabajo.cl\/portal\/wp-json\/wp\/v2\/posts"}],"about":[{"href":"https:\/\/eltrabajo.cl\/portal\/wp-json\/wp\/v2\/types\/post"}],"author":[{"embeddable":true,"href":"https:\/\/eltrabajo.cl\/portal\/wp-json\/wp\/v2\/users\/482"}],"replies":[{"embeddable":true,"href":"https:\/\/eltrabajo.cl\/portal\/wp-json\/wp\/v2\/comments?post=101901"}],"version-history":[{"count":0,"href":"https:\/\/eltrabajo.cl\/portal\/wp-json\/wp\/v2\/posts\/101901\/revisions"}],"wp:featuredmedia":[{"embeddable":true,"href":"https:\/\/eltrabajo.cl\/portal\/wp-json\/wp\/v2\/media\/101904"}],"wp:attachment":[{"href":"https:\/\/eltrabajo.cl\/portal\/wp-json\/wp\/v2\/media?parent=101901"}],"wp:term":[{"taxonomy":"category","embeddable":true,"href":"https:\/\/eltrabajo.cl\/portal\/wp-json\/wp\/v2\/categories?post=101901"},{"taxonomy":"post_tag","embeddable":true,"href":"https:\/\/eltrabajo.cl\/portal\/wp-json\/wp\/v2\/tags?post=101901"}],"curies":[{"name":"wp","href":"https:\/\/api.w.org\/{rel}","templated":true}]}}