{"id":101910,"date":"2020-08-11T23:54:31","date_gmt":"2020-08-12T03:54:31","guid":{"rendered":"https:\/\/www.eltrabajo.cl\/portal\/?p=101910"},"modified":"2020-08-11T23:54:31","modified_gmt":"2020-08-12T03:54:31","slug":"desgarradora-despedida-dan-familiares-y-vecinos-a-matrimonio-en-las-cabras","status":"publish","type":"post","link":"https:\/\/eltrabajo.cl\/portal\/desgarradora-despedida-dan-familiares-y-vecinos-a-matrimonio-en-las-cabras\/","title":{"rendered":"Desgarradora despedida dan familiares y vecinos a matrimonio en Las Cabras"},"content":{"rendered":"<p style=\"text-align: left;\"><span style=\"color: #c81400;\"><strong>Luis Jaime Lazcano y Trinidad Ahumada:<\/strong><\/span><\/p>\n<p style=\"text-align: justify;\">Desgarradora y estremecedora fue la despedida la ma\u00f1ana de este martes brindada por parte de toda la comunidad de Las Cabras y de Santa Mar\u00eda, a los esposos <strong>Luis Jaime Lazcano Herrera<\/strong> y <strong>Trinidad del Carmen Ahumada Herrera<\/strong>, quienes fallecieron este fin de semana en menos de 24 horas de diferencia el uno del otro, tras vivir casados durante 58 a\u00f1os de su vida.<\/p>\n<p style=\"text-align: justify;\">\n<p style=\"text-align: justify;\"><span style=\"color: #c81400;\"><strong>EL PUEBLO LES LLORA<\/strong><\/span><\/p>\n<p style=\"text-align: justify;\">El Responso fue oficiado por el p\u00e1rroco <strong>Claudio Acevedo<\/strong>, y al mismo acudieron los padrinos de las Bodas de Oro de los ahora difuntos, el alcalde <strong>Claudio Zurita<\/strong> y la concejala <strong>Marisol Ponce<\/strong>. En esta amarga despedida las escenas de llanto, abrazos y gemidos de angustia de los vecinos y familiares de Jaime y Trinidad fueron abundantes y sinceras. Todo el pueblo llor\u00f3 a quienes desde su juventud juraron amarse hasta la muerte, y cumplieron su promesa.<\/p>\n<p style=\"text-align: justify;\">Al final del acto religioso miles de globos fueron liberados al cielo, luego en una enorme caravana vehicular ambas carrozas fueron llegando al Cementerio Parroquial de Santa Mar\u00eda, en donde ya descansan los eternos enamorados.<\/p>\n<p style=\"text-align: justify;\">Las lecciones aprendidas al cerrar esta bella historia de amor pueden ser muchas y distintas, sin embargo el hecho de partir juntos al M\u00e1s All\u00e1 estas dos personas, es un regalo recibido, pues ninguno de los dos tendr\u00e1 que vivir una amarga viudez en su ancianidad, empezaron juntos la traves\u00eda y de la mano caminan ahora.<\/p>\n<p style=\"text-align: justify;\">Todos quienes laboramos en <strong>Diario El Trabajo<\/strong> hoy nos unimos al sentimiento de P\u00e9rdida de toda la gran extensa familia Lazcano Ahumada, tras el terrible golpe recibido, deseando que la fortaleza de sus padres hoy les sirva de aliciente para levantarse nuevamente.<\/p>\n<p style=\"text-align: justify;\"><strong>Roberto Gonz\u00e1lez Short<\/strong><br \/>\n<strong>Fotos: Roberto Mercado Aced<\/strong><\/p>\n<figure id=\"attachment_101911\" aria-describedby=\"caption-attachment-101911\" style=\"width: 580px\" class=\"wp-caption alignnone\"><img data-recalc-dims=\"1\" loading=\"lazy\" decoding=\"async\" class=\"size-full wp-image-101911\" src=\"https:\/\/i0.wp.com\/eltrabajo.cl\/portal\/wp-content\/uploads\/2020\/08\/Despedida1.jpg?resize=580%2C359&#038;ssl=1\" alt=\"ADI\u00d3S CHIQUILLOS.- Una masiva despedida fue la que ofrecieron sus familiares y vecinos a Luis Jaime Lazcano Herrera y Trinidad del Carmen Ahumada en el patio de su casa, en la calle O\u2019Higgins, Las Cabras.\" width=\"580\" height=\"359\" srcset=\"https:\/\/i0.wp.com\/eltrabajo.cl\/portal\/wp-content\/uploads\/2020\/08\/Despedida1.jpg?w=580&amp;ssl=1 580w, https:\/\/i0.wp.com\/eltrabajo.cl\/portal\/wp-content\/uploads\/2020\/08\/Despedida1.jpg?resize=300%2C186&amp;ssl=1 300w, https:\/\/i0.wp.com\/eltrabajo.cl\/portal\/wp-content\/uploads\/2020\/08\/Despedida1.jpg?resize=200%2C124&amp;ssl=1 200w\" sizes=\"auto, (max-width: 580px) 100vw, 580px\" \/><figcaption id=\"caption-attachment-101911\" class=\"wp-caption-text\">ADI\u00d3S CHIQUILLOS.- Una masiva despedida fue la que ofrecieron sus familiares y vecinos a Luis Jaime Lazcano Herrera y Trinidad del Carmen Ahumada en el patio de su casa, en la calle O\u2019Higgins, Las Cabras.<\/figcaption><\/figure>\n<figure id=\"attachment_101912\" aria-describedby=\"caption-attachment-101912\" style=\"width: 580px\" class=\"wp-caption alignnone\"><img data-recalc-dims=\"1\" loading=\"lazy\" decoding=\"async\" class=\"size-full wp-image-101912\" src=\"https:\/\/i0.wp.com\/eltrabajo.cl\/portal\/wp-content\/uploads\/2020\/08\/Despedida2.jpg?resize=580%2C360&#038;ssl=1\" alt=\"DESGARRADOR.- Nadie pudo contener el llanto tras la fulminante partida de este matrimonio en Las Cabras, todos fueron tocados por el amor y presencia de quienes hoy ya no est\u00e1n con nosotros.\" width=\"580\" height=\"360\" srcset=\"https:\/\/i0.wp.com\/eltrabajo.cl\/portal\/wp-content\/uploads\/2020\/08\/Despedida2.jpg?w=580&amp;ssl=1 580w, https:\/\/i0.wp.com\/eltrabajo.cl\/portal\/wp-content\/uploads\/2020\/08\/Despedida2.jpg?resize=300%2C186&amp;ssl=1 300w, https:\/\/i0.wp.com\/eltrabajo.cl\/portal\/wp-content\/uploads\/2020\/08\/Despedida2.jpg?resize=200%2C124&amp;ssl=1 200w\" sizes=\"auto, (max-width: 580px) 100vw, 580px\" \/><figcaption id=\"caption-attachment-101912\" class=\"wp-caption-text\">DESGARRADOR.- Nadie pudo contener el llanto tras la fulminante partida de este matrimonio en Las Cabras, todos fueron tocados por el amor y presencia de quienes hoy ya no est\u00e1n con nosotros.<\/figcaption><\/figure>\n<figure id=\"attachment_101913\" aria-describedby=\"caption-attachment-101913\" style=\"width: 580px\" class=\"wp-caption alignnone\"><img data-recalc-dims=\"1\" loading=\"lazy\" decoding=\"async\" class=\"size-full wp-image-101913\" src=\"https:\/\/i0.wp.com\/eltrabajo.cl\/portal\/wp-content\/uploads\/2020\/08\/Despedida_Luis-Jaime-Lazcano-y-Trinidad-Ahumada.jpg?resize=580%2C359&#038;ssl=1\" alt=\"Luis Jaime Lazcano Herrera y su esposa Trinidad del Carmen Ahumada Herrera, ambos fallecieron con apenas 23 horas de diferencia.\" width=\"580\" height=\"359\" srcset=\"https:\/\/i0.wp.com\/eltrabajo.cl\/portal\/wp-content\/uploads\/2020\/08\/Despedida_Luis-Jaime-Lazcano-y-Trinidad-Ahumada.jpg?w=580&amp;ssl=1 580w, https:\/\/i0.wp.com\/eltrabajo.cl\/portal\/wp-content\/uploads\/2020\/08\/Despedida_Luis-Jaime-Lazcano-y-Trinidad-Ahumada.jpg?resize=300%2C186&amp;ssl=1 300w, https:\/\/i0.wp.com\/eltrabajo.cl\/portal\/wp-content\/uploads\/2020\/08\/Despedida_Luis-Jaime-Lazcano-y-Trinidad-Ahumada.jpg?resize=200%2C124&amp;ssl=1 200w\" sizes=\"auto, (max-width: 580px) 100vw, 580px\" \/><figcaption id=\"caption-attachment-101913\" class=\"wp-caption-text\">Luis Jaime Lazcano Herrera y su esposa Trinidad del Carmen Ahumada Herrera, ambos fallecieron con apenas 23 horas de diferencia.<\/figcaption><\/figure>\n","protected":false},"excerpt":{"rendered":"<p>Luis Jaime Lazcano y Trinidad Ahumada: Desgarradora y estremecedora fue la despedida la ma\u00f1ana de este martes brindada por parte de toda la comunidad de Las Cabras y de Santa Mar\u00eda, a&#8230;<\/p>\n","protected":false},"author":482,"featured_media":101912,"comment_status":"closed","ping_status":"open","sticky":false,"template":"","format":"standard","meta":{"advanced_seo_description":"","jetpack_seo_html_title":"","jetpack_seo_noindex":false,"_jetpack_memberships_contains_paid_content":false,"footnotes":""},"categories":[15],"tags":[],"class_list":["post-101910","post","type-post","status-publish","format-standard","has-post-thumbnail","hentry","category-comunidad"],"jetpack_featured_media_url":"https:\/\/i0.wp.com\/eltrabajo.cl\/portal\/wp-content\/uploads\/2020\/08\/Despedida2.jpg?fit=580%2C360&ssl=1","jetpack_sharing_enabled":true,"jetpack_likes_enabled":true,"jetpack-related-posts":[],"_links":{"self":[{"href":"https:\/\/eltrabajo.cl\/portal\/wp-json\/wp\/v2\/posts\/101910","targetHints":{"allow":["GET"]}}],"collection":[{"href":"https:\/\/eltrabajo.cl\/portal\/wp-json\/wp\/v2\/posts"}],"about":[{"href":"https:\/\/eltrabajo.cl\/portal\/wp-json\/wp\/v2\/types\/post"}],"author":[{"embeddable":true,"href":"https:\/\/eltrabajo.cl\/portal\/wp-json\/wp\/v2\/users\/482"}],"replies":[{"embeddable":true,"href":"https:\/\/eltrabajo.cl\/portal\/wp-json\/wp\/v2\/comments?post=101910"}],"version-history":[{"count":0,"href":"https:\/\/eltrabajo.cl\/portal\/wp-json\/wp\/v2\/posts\/101910\/revisions"}],"wp:featuredmedia":[{"embeddable":true,"href":"https:\/\/eltrabajo.cl\/portal\/wp-json\/wp\/v2\/media\/101912"}],"wp:attachment":[{"href":"https:\/\/eltrabajo.cl\/portal\/wp-json\/wp\/v2\/media?parent=101910"}],"wp:term":[{"taxonomy":"category","embeddable":true,"href":"https:\/\/eltrabajo.cl\/portal\/wp-json\/wp\/v2\/categories?post=101910"},{"taxonomy":"post_tag","embeddable":true,"href":"https:\/\/eltrabajo.cl\/portal\/wp-json\/wp\/v2\/tags?post=101910"}],"curies":[{"name":"wp","href":"https:\/\/api.w.org\/{rel}","templated":true}]}}