{"id":101915,"date":"2020-08-12T07:45:12","date_gmt":"2020-08-12T11:45:12","guid":{"rendered":"https:\/\/www.eltrabajo.cl\/portal\/?p=101915"},"modified":"2020-08-12T10:49:41","modified_gmt":"2020-08-12T14:49:41","slug":"retail-dona-cajas-de-mercaderia-e-insumos-tecnologicos-a-escuela-buen-pastor","status":"publish","type":"post","link":"https:\/\/eltrabajo.cl\/portal\/retail-dona-cajas-de-mercaderia-e-insumos-tecnologicos-a-escuela-buen-pastor\/","title":{"rendered":"Retail dona cajas de mercader\u00eda e insumos tecnol\u00f3gicos a Escuela Buen Pastor"},"content":{"rendered":"<p style=\"text-align: left;\"><span style=\"color: #c81400;\"><strong>Escolares de B\u00e1sica reciben 25 Tablets para su trabajo en casa:<\/strong><\/span><\/p>\n<p style=\"text-align: justify;\">Con mucha alegr\u00eda recibieron las autoridades municipales y educativas de la Escuela Buen Pastor, el millonario donativo que este a\u00f1o les hizo el programa <strong>&#8216;Haciendo Escuela de Falabella&#8217;<\/strong>\u00a0a la comunidad estudiantil, espec\u00edficamente a los estudiantes de Primero B\u00e1sico. Se trata de una solicitud hecha por la directora de la escuela, <strong>Sandra Lucero<\/strong>, a los personeros de esta empresa nacional.<\/p>\n<p style=\"text-align: justify;\">Se trata de 120 cajas de mercader\u00eda y varios art\u00edculos de oficina, adem\u00e1s de varias Tablets para el uso de los ni\u00f1os en sus casas. A la actividad lleg\u00f3 el alcalde <strong>Patricio Freire Canto<\/strong>, quien agradeci\u00f3 a nombre del Municipio esta donaci\u00f3n: <em>\u00abDesde hace algunos a\u00f1os este retail ha sido como el padrino de la Escuela Buen Pastor y este a\u00f1o hemos recibido, a petici\u00f3n de la directora, 25 Tablets, 120 cajas de mercader\u00eda para los cursos de Primero B\u00e1sico, eso nos tiene muy contentos por esta asociatividad y de la responsabilidad social de esta gran empresa<\/em>\u00bb, indic\u00f3 Freire.<\/p>\n<p style=\"text-align: justify;\"><span style=\"color: #c81400;\"><strong>AYUDA OPORTUNA<\/strong><\/span><\/p>\n<p style=\"text-align: justify;\">Por su parte la directora del centro educativo, Sandra Lucero Mur\u00faa, agradeci\u00f3 personalmente a la empresa benefactora por esta nueva entrega especial para sus estudiantes: <em>\u00abA partir de las necesidades que han surgido desde que inici\u00f3 esta Pandemia y que a todos nos ha afectado en realidad, y pensando en las muchas familias de nuestro establecimiento que est\u00e1n sin trabajo, es por eso que solicitamos a Fundaci\u00f3n Falabella esta ayuda para paliar la necesidad m\u00e1s urgente, pero tambi\u00e9n tenemos las necesidades de los ni\u00f1os de primero B\u00e1sico, y por ello tambi\u00e9n solicitamos insumos tecnol\u00f3gicos para seguir trabajando desde sus hogares. La fundaci\u00f3n accedi\u00f3 a nuestra petici\u00f3n y nos donaron 25 Tablets para Primero B\u00e1sico, luego llegar\u00e1n otras para Segundo B\u00e1sico, \u00e9stas vienen con Internet gratis por tres meses. Los ni\u00f1os ser\u00e1n instruidos por un docente para que puedan sacarle el mejor provecho al dispositivo desde su hogar. Adem\u00e1s de las 120 cajas de mercader\u00eda, nos donaron insumos de higiene que son tan necesarios en estos momentos. Tambi\u00e9n nos lleg\u00f3 una fotocopiadora que tanto necesit\u00e1bamos con su papel y tintas, todo lo necesario para poder cerrar el a\u00f1o con las necesidades b\u00e1sicas cubiertas en ese sentido<\/em>\u00bb, dijo Lucero a <strong>Diario El Trabajo<\/strong>.<\/p>\n<p style=\"text-align: justify;\"><strong>Roberto Gonz\u00e1lez Short<\/strong><\/p>\n<figure id=\"attachment_101916\" aria-describedby=\"caption-attachment-101916\" style=\"width: 580px\" class=\"wp-caption alignnone\"><img data-recalc-dims=\"1\" loading=\"lazy\" decoding=\"async\" class=\"size-full wp-image-101916\" src=\"https:\/\/i0.wp.com\/eltrabajo.cl\/portal\/wp-content\/uploads\/2020\/08\/Pastor1.jpg?resize=580%2C358&#038;ssl=1\" alt=\"AYUDA PARA APODERADOS.- El alcalde Patricio Freire y la directora Sandra Lucero recibieron las cajas de mercader\u00eda en la misma escuela.\" width=\"580\" height=\"358\" srcset=\"https:\/\/i0.wp.com\/eltrabajo.cl\/portal\/wp-content\/uploads\/2020\/08\/Pastor1.jpg?w=580&amp;ssl=1 580w, https:\/\/i0.wp.com\/eltrabajo.cl\/portal\/wp-content\/uploads\/2020\/08\/Pastor1.jpg?resize=300%2C185&amp;ssl=1 300w, https:\/\/i0.wp.com\/eltrabajo.cl\/portal\/wp-content\/uploads\/2020\/08\/Pastor1.jpg?resize=200%2C123&amp;ssl=1 200w\" sizes=\"auto, (max-width: 580px) 100vw, 580px\" \/><figcaption id=\"caption-attachment-101916\" class=\"wp-caption-text\">AYUDA PARA APODERADOS.- El alcalde Patricio Freire y la directora Sandra Lucero recibieron las cajas de mercader\u00eda en la misma escuela.<\/figcaption><\/figure>\n<figure id=\"attachment_101917\" aria-describedby=\"caption-attachment-101917\" style=\"width: 580px\" class=\"wp-caption alignnone\"><img data-recalc-dims=\"1\" loading=\"lazy\" decoding=\"async\" class=\"size-full wp-image-101917\" src=\"https:\/\/i0.wp.com\/eltrabajo.cl\/portal\/wp-content\/uploads\/2020\/08\/Pastor2.jpg?resize=580%2C359&#038;ssl=1\" alt=\"EQUIPO DOCENTE.- Ellas son parte del equipo de confianza de la directora de la Escuela Buen Pastor, Sandra Lucero Mur\u00faa.\" width=\"580\" height=\"359\" srcset=\"https:\/\/i0.wp.com\/eltrabajo.cl\/portal\/wp-content\/uploads\/2020\/08\/Pastor2.jpg?w=580&amp;ssl=1 580w, https:\/\/i0.wp.com\/eltrabajo.cl\/portal\/wp-content\/uploads\/2020\/08\/Pastor2.jpg?resize=300%2C186&amp;ssl=1 300w, https:\/\/i0.wp.com\/eltrabajo.cl\/portal\/wp-content\/uploads\/2020\/08\/Pastor2.jpg?resize=200%2C124&amp;ssl=1 200w\" sizes=\"auto, (max-width: 580px) 100vw, 580px\" \/><figcaption id=\"caption-attachment-101917\" class=\"wp-caption-text\">EQUIPO DOCENTE.- Ellas son parte del equipo de confianza de la directora de la Escuela Buen Pastor, Sandra Lucero Mur\u00faa.<\/figcaption><\/figure>\n<figure id=\"attachment_101918\" aria-describedby=\"caption-attachment-101918\" style=\"width: 580px\" class=\"wp-caption alignnone\"><img data-recalc-dims=\"1\" loading=\"lazy\" decoding=\"async\" class=\"size-full wp-image-101918\" src=\"https:\/\/i0.wp.com\/eltrabajo.cl\/portal\/wp-content\/uploads\/2020\/08\/Pastor_Patricio-Freire.jpg?resize=580%2C598&#038;ssl=1\" alt=\"Patricio Freire Canto, alcalde de San Felipe.\" width=\"580\" height=\"598\" srcset=\"https:\/\/i0.wp.com\/eltrabajo.cl\/portal\/wp-content\/uploads\/2020\/08\/Pastor_Patricio-Freire.jpg?w=580&amp;ssl=1 580w, https:\/\/i0.wp.com\/eltrabajo.cl\/portal\/wp-content\/uploads\/2020\/08\/Pastor_Patricio-Freire.jpg?resize=291%2C300&amp;ssl=1 291w, https:\/\/i0.wp.com\/eltrabajo.cl\/portal\/wp-content\/uploads\/2020\/08\/Pastor_Patricio-Freire.jpg?resize=145%2C150&amp;ssl=1 145w\" sizes=\"auto, (max-width: 580px) 100vw, 580px\" \/><figcaption id=\"caption-attachment-101918\" class=\"wp-caption-text\">Patricio Freire Canto, alcalde de San Felipe.<\/figcaption><\/figure>\n<figure id=\"attachment_101919\" aria-describedby=\"caption-attachment-101919\" style=\"width: 580px\" class=\"wp-caption alignnone\"><img data-recalc-dims=\"1\" loading=\"lazy\" decoding=\"async\" class=\"size-full wp-image-101919\" src=\"https:\/\/i0.wp.com\/eltrabajo.cl\/portal\/wp-content\/uploads\/2020\/08\/Pastor_Sandra-Lucero.jpg?resize=580%2C600&#038;ssl=1\" alt=\"Sandra Lucero Mur\u00faa, directora de la Escuela Buen Pastor.\" width=\"580\" height=\"600\" srcset=\"https:\/\/i0.wp.com\/eltrabajo.cl\/portal\/wp-content\/uploads\/2020\/08\/Pastor_Sandra-Lucero.jpg?w=580&amp;ssl=1 580w, https:\/\/i0.wp.com\/eltrabajo.cl\/portal\/wp-content\/uploads\/2020\/08\/Pastor_Sandra-Lucero.jpg?resize=290%2C300&amp;ssl=1 290w, https:\/\/i0.wp.com\/eltrabajo.cl\/portal\/wp-content\/uploads\/2020\/08\/Pastor_Sandra-Lucero.jpg?resize=145%2C150&amp;ssl=1 145w\" sizes=\"auto, (max-width: 580px) 100vw, 580px\" \/><figcaption id=\"caption-attachment-101919\" class=\"wp-caption-text\">Sandra Lucero Mur\u00faa, directora de la Escuela Buen Pastor.<\/figcaption><\/figure>\n","protected":false},"excerpt":{"rendered":"<p>Escolares de B\u00e1sica reciben 25 Tablets para su trabajo en casa: Con mucha alegr\u00eda recibieron las autoridades municipales y educativas de la Escuela Buen Pastor, el millonario donativo que este a\u00f1o les&#8230;<\/p>\n","protected":false},"author":482,"featured_media":101916,"comment_status":"closed","ping_status":"open","sticky":false,"template":"","format":"standard","meta":{"advanced_seo_description":"","jetpack_seo_html_title":"","jetpack_seo_noindex":false,"_jetpack_memberships_contains_paid_content":false,"footnotes":""},"categories":[15],"tags":[],"class_list":["post-101915","post","type-post","status-publish","format-standard","has-post-thumbnail","hentry","category-comunidad"],"jetpack_featured_media_url":"https:\/\/i0.wp.com\/eltrabajo.cl\/portal\/wp-content\/uploads\/2020\/08\/Pastor1.jpg?fit=580%2C358&ssl=1","jetpack_sharing_enabled":true,"jetpack_likes_enabled":true,"jetpack-related-posts":[],"_links":{"self":[{"href":"https:\/\/eltrabajo.cl\/portal\/wp-json\/wp\/v2\/posts\/101915","targetHints":{"allow":["GET"]}}],"collection":[{"href":"https:\/\/eltrabajo.cl\/portal\/wp-json\/wp\/v2\/posts"}],"about":[{"href":"https:\/\/eltrabajo.cl\/portal\/wp-json\/wp\/v2\/types\/post"}],"author":[{"embeddable":true,"href":"https:\/\/eltrabajo.cl\/portal\/wp-json\/wp\/v2\/users\/482"}],"replies":[{"embeddable":true,"href":"https:\/\/eltrabajo.cl\/portal\/wp-json\/wp\/v2\/comments?post=101915"}],"version-history":[{"count":0,"href":"https:\/\/eltrabajo.cl\/portal\/wp-json\/wp\/v2\/posts\/101915\/revisions"}],"wp:featuredmedia":[{"embeddable":true,"href":"https:\/\/eltrabajo.cl\/portal\/wp-json\/wp\/v2\/media\/101916"}],"wp:attachment":[{"href":"https:\/\/eltrabajo.cl\/portal\/wp-json\/wp\/v2\/media?parent=101915"}],"wp:term":[{"taxonomy":"category","embeddable":true,"href":"https:\/\/eltrabajo.cl\/portal\/wp-json\/wp\/v2\/categories?post=101915"},{"taxonomy":"post_tag","embeddable":true,"href":"https:\/\/eltrabajo.cl\/portal\/wp-json\/wp\/v2\/tags?post=101915"}],"curies":[{"name":"wp","href":"https:\/\/api.w.org\/{rel}","templated":true}]}}