{"id":101921,"date":"2020-08-12T07:50:27","date_gmt":"2020-08-12T11:50:27","guid":{"rendered":"https:\/\/www.eltrabajo.cl\/portal\/?p=101921"},"modified":"2020-08-12T00:01:57","modified_gmt":"2020-08-12T04:01:57","slug":"amigas-de-comerciante-fallecida-organizan-rifa-para-costear-gastos-funebres","status":"publish","type":"post","link":"https:\/\/eltrabajo.cl\/portal\/amigas-de-comerciante-fallecida-organizan-rifa-para-costear-gastos-funebres\/","title":{"rendered":"Amigas de comerciante fallecida organizan rifa para costear gastos f\u00fanebres"},"content":{"rendered":"<ul style=\"text-align: justify;\">\n<li style=\"text-align: left;\"><strong>Isabel Mar\u00edn muri\u00f3 atropellada en un accidente de tr\u00e1nsito ocurrido en Villarrica, hasta donde hab\u00eda viajado temporalmente por un empleo.<\/strong><\/li>\n<\/ul>\n<p style=\"text-align: justify;\">Definitivamente el \u2018Que En Paz Descanse\u2019 (QEPD) no se ha podido lograr con la muerte de <strong>Isabel Mar\u00edn<\/strong>, conocida comerciante que muri\u00f3 atropellada en Villarrica cuando se iba a su casa. Decimos esto porque simplemente no puede descansar en paz. Ahora sus dos amigas Johana y Carla, junto a su hijo est\u00e1n organizando una rifa con la idea de poder bajar los costos del funeral de Isabel Mar\u00edn.<\/p>\n<p style=\"text-align: justify;\"><strong>Carla Cort\u00e9s<\/strong>, una de las amigas y organizadora de esta rifa, se\u00f1al\u00f3 que pese a no saber el valor total del gasto, s\u00ed est\u00e1n organizando la rifa: <em>\u00abEso lo debe saber su hijo porque es \u00e9l quien tiene la deuda, pero cu\u00e1nto es no lo sabemos, pero s\u00ed la intenci\u00f3n de nosotras con Johanna es poder vender los n\u00fameros de la rifa, poder ayudar a bajar la deuda en el sentido de bajar en algo o tambi\u00e9n pensamos en arreglarle la sepultura en el cementerio, porque hasta ahora ya que se cumple un mes de su partida, todav\u00eda est\u00e1 igual, entonces no queremos que siga as\u00ed, queremos arreglarla y ponerle un lugar bonito, que est\u00e9 lindo\u00bb,<\/em> dice.<\/p>\n<p style=\"text-align: justify;\">Explic\u00f3 que luego de que surgiera la idea, fueron a hablar con los comerciantes ambulantes del centro, porque Isabel Mar\u00edn era muy querida; <em>\u00abmuchos comerciantes nos apoyaron, se podr\u00eda decir casi todo el comerciante que pillamos en el centro, nos apoy\u00f3 con las mismas cosas que venden en la calle. Como ambulantes nos apoyaron, nos donaron y esos son los premios\u2026 todos los premios que est\u00e1n en la rifa son donados, hubo algunos que no pod\u00edan donar, pero donaron no s\u00e9, 500, 300, 1.000, 2.000 pesos, pero no fue tanta la cantidad que se junt\u00f3 en dinero, pero con eso que se junt\u00f3 tambi\u00e9n se va a comprar un premio que de hecho es la torta con una bebida, eso es con la plata que se reuni\u00f3 en este momento\u00bb,<\/em> indic\u00f3 Carla Cort\u00e9s.<\/p>\n<p style=\"text-align: justify;\">Al margen de lo anterior, los comerciantes donaron una cantidad de 24 premios. Es por eso que se manifestaron agradecidas de todo el comercio de San Felipe, por el apoyo que han dado a esta actividad: <em>\u00abTodos quer\u00edan a Isabel. Isabel era una mujer muy querida en San Felipe por los comerciantes\u00bb,<\/em> se\u00f1al\u00f3 su amiga Carla.<\/p>\n<p style=\"text-align: justify;\">Todos los comerciantes del centro llevan consigo una rifa cuyo n\u00famero tiene un valor de 500 pesos y son 24 premios.<\/p>\n<p style=\"text-align: justify;\">Los n\u00fameros tambi\u00e9n se est\u00e1n vendiendo frente al \u2018A Cuenta\u2019 ubicado en la avenida Maip\u00fa. Lugar donde tambi\u00e9n el d\u00eda viernes 21 de agosto se va a realizar el sorteo.<\/p>\n<figure id=\"attachment_101922\" aria-describedby=\"caption-attachment-101922\" style=\"width: 580px\" class=\"wp-caption alignnone\"><img data-recalc-dims=\"1\" loading=\"lazy\" decoding=\"async\" class=\"size-full wp-image-101922\" src=\"https:\/\/i0.wp.com\/eltrabajo.cl\/portal\/wp-content\/uploads\/2020\/08\/Rifa.jpg?resize=580%2C359&#038;ssl=1\" alt=\"Sus dos amigas, Carla y  Johana, organizadoras del sorteo, en la imagen junto al hijo de Isabel Mar\u00edn.\" width=\"580\" height=\"359\" srcset=\"https:\/\/i0.wp.com\/eltrabajo.cl\/portal\/wp-content\/uploads\/2020\/08\/Rifa.jpg?w=580&amp;ssl=1 580w, https:\/\/i0.wp.com\/eltrabajo.cl\/portal\/wp-content\/uploads\/2020\/08\/Rifa.jpg?resize=300%2C186&amp;ssl=1 300w, https:\/\/i0.wp.com\/eltrabajo.cl\/portal\/wp-content\/uploads\/2020\/08\/Rifa.jpg?resize=200%2C124&amp;ssl=1 200w\" sizes=\"auto, (max-width: 580px) 100vw, 580px\" \/><figcaption id=\"caption-attachment-101922\" class=\"wp-caption-text\">Sus dos amigas, Carla y Johana, organizadoras del sorteo, en la imagen junto al hijo de Isabel Mar\u00edn.<\/figcaption><\/figure>\n","protected":false},"excerpt":{"rendered":"<p>Isabel Mar\u00edn muri\u00f3 atropellada en un accidente de tr\u00e1nsito ocurrido en Villarrica, hasta donde hab\u00eda viajado temporalmente por un empleo. Definitivamente el \u2018Que En Paz Descanse\u2019 (QEPD) no se ha podido lograr&#8230;<\/p>\n","protected":false},"author":482,"featured_media":101922,"comment_status":"closed","ping_status":"open","sticky":false,"template":"","format":"standard","meta":{"advanced_seo_description":"","jetpack_seo_html_title":"","jetpack_seo_noindex":false,"_jetpack_memberships_contains_paid_content":false,"footnotes":""},"categories":[15],"tags":[],"class_list":["post-101921","post","type-post","status-publish","format-standard","has-post-thumbnail","hentry","category-comunidad"],"jetpack_featured_media_url":"https:\/\/i0.wp.com\/eltrabajo.cl\/portal\/wp-content\/uploads\/2020\/08\/Rifa.jpg?fit=580%2C359&ssl=1","jetpack_sharing_enabled":true,"jetpack_likes_enabled":true,"jetpack-related-posts":[],"_links":{"self":[{"href":"https:\/\/eltrabajo.cl\/portal\/wp-json\/wp\/v2\/posts\/101921","targetHints":{"allow":["GET"]}}],"collection":[{"href":"https:\/\/eltrabajo.cl\/portal\/wp-json\/wp\/v2\/posts"}],"about":[{"href":"https:\/\/eltrabajo.cl\/portal\/wp-json\/wp\/v2\/types\/post"}],"author":[{"embeddable":true,"href":"https:\/\/eltrabajo.cl\/portal\/wp-json\/wp\/v2\/users\/482"}],"replies":[{"embeddable":true,"href":"https:\/\/eltrabajo.cl\/portal\/wp-json\/wp\/v2\/comments?post=101921"}],"version-history":[{"count":0,"href":"https:\/\/eltrabajo.cl\/portal\/wp-json\/wp\/v2\/posts\/101921\/revisions"}],"wp:featuredmedia":[{"embeddable":true,"href":"https:\/\/eltrabajo.cl\/portal\/wp-json\/wp\/v2\/media\/101922"}],"wp:attachment":[{"href":"https:\/\/eltrabajo.cl\/portal\/wp-json\/wp\/v2\/media?parent=101921"}],"wp:term":[{"taxonomy":"category","embeddable":true,"href":"https:\/\/eltrabajo.cl\/portal\/wp-json\/wp\/v2\/categories?post=101921"},{"taxonomy":"post_tag","embeddable":true,"href":"https:\/\/eltrabajo.cl\/portal\/wp-json\/wp\/v2\/tags?post=101921"}],"curies":[{"name":"wp","href":"https:\/\/api.w.org\/{rel}","templated":true}]}}