{"id":101924,"date":"2020-08-12T07:55:15","date_gmt":"2020-08-12T11:55:15","guid":{"rendered":"https:\/\/www.eltrabajo.cl\/portal\/?p=101924"},"modified":"2020-08-12T00:04:05","modified_gmt":"2020-08-12T04:04:05","slug":"lanzan-misterioso-objeto-contra-el-cesfam-iturra-taito-rompiendo-un-vidrio","status":"publish","type":"post","link":"https:\/\/eltrabajo.cl\/portal\/lanzan-misterioso-objeto-contra-el-cesfam-iturra-taito-rompiendo-un-vidrio\/","title":{"rendered":"Lanzan \u2018misterioso\u2019 objeto contra el Cesfam Iturra Taito rompiendo un vidrio"},"content":{"rendered":"<p style=\"text-align: justify;\">Un hecho bastante llamativo y curioso fue descubierto el d\u00eda s\u00e1bado a eso de la una de la madrugada, cuando un funcionario del Centro de Salud Familiar Doctor Segismundo Iturra Taito, subi\u00f3 hasta el segundo piso y descubri\u00f3 que un vidrio del ventanal estaba roto. Lo raro y curioso del asunto, es que no fue posible encontrar alg\u00fan tipo de proyectil con el cual pudiera haberse destrozado el ventanal.<\/p>\n<p style=\"text-align: justify;\">Carabineros tom\u00f3 conocimiento de este hecho ratificando lo anteriormente expuesto a trav\u00e9s del capit\u00e1n <strong>Franco Herrera Quezada<\/strong>: <em>\u00abEsto ocurri\u00f3 el d\u00eda s\u00e1bado reci\u00e9n pasado, aproximadamente a la una de la madrugada, en donde un funcionario del Cesfam, en circunstancias que se encontraba al interior del recinto y concurri\u00f3 al segundo o tercer piso del edificio, en un ventanal que da hacia el sector oriente donde se encuentran en este caso los departamentos Sargento Aldea, vio que hab\u00eda un grupo de sujetos que se encontraban reunidos cerca de un sitio eriazo que hay ah\u00ed en el lugar, y adem\u00e1s de eso se percata que el vidrio ten\u00eda una rotura\u00bb,<\/em> indic\u00f3 el oficial.<\/p>\n<p style=\"text-align: justify;\">Agreg\u00f3 que se desconoce el origen del da\u00f1o. No se puede atribuir que haya sido un disparo, debido a que en el lugar no se encontr\u00f3 alojado ning\u00fan proyectil; <em>\u00abcuando esto pasa por proyectil, generalmente \u00e9stos quedan alojados en el muro del recinto, pero no hab\u00eda otro da\u00f1o, entonces podr\u00eda ser tal vez alguna piedra que le lanzaron en este caso al edificio del Cesfam Segismundo Iturra\u00bb,<\/em> se\u00f1al\u00f3 el capit\u00e1n Herrera.<\/p>\n<p style=\"text-align: justify;\">Consultado si en el lugar se encontr\u00f3 alguna piedra, se\u00f1al\u00f3 que nada: <em>\u00abEso fue lo m\u00e1s raro porque solamente estaba este vidrio que estaba quebrado, y al hacer una inspecci\u00f3n ocular no se encontr\u00f3 el proyectil con el cual se rompi\u00f3 este vidrio\u00bb,<\/em> indic\u00f3 Herrera.<\/p>\n<p style=\"text-align: justify;\">Carabineros inform\u00f3 que de acuerdo a lo dicho por el funcionario, se presume que el grupo de sujetos habr\u00eda provocado el da\u00f1o, destacando que no escuch\u00f3 ruido alguno de disparo.<\/p>\n<p style=\"text-align: justify;\">Del hecho se dio cuenta a la fiscal\u00eda local de San Felipe por el delito de da\u00f1os y ser\u00e1 la administraci\u00f3n del Cesfam quien entregue el aval\u00fao del da\u00f1o provocado en el vidrio.<\/p>\n<figure id=\"attachment_101925\" aria-describedby=\"caption-attachment-101925\" style=\"width: 580px\" class=\"wp-caption alignnone\"><img data-recalc-dims=\"1\" loading=\"lazy\" decoding=\"async\" class=\"size-full wp-image-101925\" src=\"https:\/\/i0.wp.com\/eltrabajo.cl\/portal\/wp-content\/uploads\/2020\/08\/Cesfam.jpg?resize=580%2C360&#038;ssl=1\" alt=\"Un ins\u00f3lito suceso se registr\u00f3 este fin de semana en el Cesfam Doctor Segismundo IturraTaito.\" width=\"580\" height=\"360\" srcset=\"https:\/\/i0.wp.com\/eltrabajo.cl\/portal\/wp-content\/uploads\/2020\/08\/Cesfam.jpg?w=580&amp;ssl=1 580w, https:\/\/i0.wp.com\/eltrabajo.cl\/portal\/wp-content\/uploads\/2020\/08\/Cesfam.jpg?resize=300%2C186&amp;ssl=1 300w, https:\/\/i0.wp.com\/eltrabajo.cl\/portal\/wp-content\/uploads\/2020\/08\/Cesfam.jpg?resize=200%2C124&amp;ssl=1 200w\" sizes=\"auto, (max-width: 580px) 100vw, 580px\" \/><figcaption id=\"caption-attachment-101925\" class=\"wp-caption-text\">Un ins\u00f3lito suceso se registr\u00f3 este fin de semana en el Cesfam Doctor Segismundo IturraTaito.<\/figcaption><\/figure>\n<figure id=\"attachment_101926\" aria-describedby=\"caption-attachment-101926\" style=\"width: 580px\" class=\"wp-caption alignnone\"><img data-recalc-dims=\"1\" loading=\"lazy\" decoding=\"async\" class=\"size-full wp-image-101926\" src=\"https:\/\/i0.wp.com\/eltrabajo.cl\/portal\/wp-content\/uploads\/2020\/08\/Cesfam-Sitio.jpg?resize=580%2C359&#038;ssl=1\" alt=\"En ese sitio eriazo donde se pretende construir el SAR, se supone que estaba el grupo de sujetos que posiblemente haya lanzado alg\u00fan objeto al Cesfam provocando da\u00f1os en un vidrio.\" width=\"580\" height=\"359\" srcset=\"https:\/\/i0.wp.com\/eltrabajo.cl\/portal\/wp-content\/uploads\/2020\/08\/Cesfam-Sitio.jpg?w=580&amp;ssl=1 580w, https:\/\/i0.wp.com\/eltrabajo.cl\/portal\/wp-content\/uploads\/2020\/08\/Cesfam-Sitio.jpg?resize=300%2C186&amp;ssl=1 300w, https:\/\/i0.wp.com\/eltrabajo.cl\/portal\/wp-content\/uploads\/2020\/08\/Cesfam-Sitio.jpg?resize=200%2C124&amp;ssl=1 200w\" sizes=\"auto, (max-width: 580px) 100vw, 580px\" \/><figcaption id=\"caption-attachment-101926\" class=\"wp-caption-text\">En ese sitio eriazo donde se pretende construir el SAR, se supone que estaba el grupo de sujetos que posiblemente haya lanzado alg\u00fan objeto al Cesfam provocando da\u00f1os en un vidrio.<\/figcaption><\/figure>\n","protected":false},"excerpt":{"rendered":"<p>Un hecho bastante llamativo y curioso fue descubierto el d\u00eda s\u00e1bado a eso de la una de la madrugada, cuando un funcionario del Centro de Salud Familiar Doctor Segismundo Iturra Taito, subi\u00f3&#8230;<\/p>\n","protected":false},"author":482,"featured_media":101925,"comment_status":"closed","ping_status":"open","sticky":false,"template":"","format":"standard","meta":{"advanced_seo_description":"","jetpack_seo_html_title":"","jetpack_seo_noindex":false,"_jetpack_memberships_contains_paid_content":false,"footnotes":""},"categories":[21],"tags":[],"class_list":["post-101924","post","type-post","status-publish","format-standard","has-post-thumbnail","hentry","category-policial"],"jetpack_featured_media_url":"https:\/\/i0.wp.com\/eltrabajo.cl\/portal\/wp-content\/uploads\/2020\/08\/Cesfam.jpg?fit=580%2C360&ssl=1","jetpack_sharing_enabled":true,"jetpack_likes_enabled":true,"jetpack-related-posts":[],"_links":{"self":[{"href":"https:\/\/eltrabajo.cl\/portal\/wp-json\/wp\/v2\/posts\/101924","targetHints":{"allow":["GET"]}}],"collection":[{"href":"https:\/\/eltrabajo.cl\/portal\/wp-json\/wp\/v2\/posts"}],"about":[{"href":"https:\/\/eltrabajo.cl\/portal\/wp-json\/wp\/v2\/types\/post"}],"author":[{"embeddable":true,"href":"https:\/\/eltrabajo.cl\/portal\/wp-json\/wp\/v2\/users\/482"}],"replies":[{"embeddable":true,"href":"https:\/\/eltrabajo.cl\/portal\/wp-json\/wp\/v2\/comments?post=101924"}],"version-history":[{"count":0,"href":"https:\/\/eltrabajo.cl\/portal\/wp-json\/wp\/v2\/posts\/101924\/revisions"}],"wp:featuredmedia":[{"embeddable":true,"href":"https:\/\/eltrabajo.cl\/portal\/wp-json\/wp\/v2\/media\/101925"}],"wp:attachment":[{"href":"https:\/\/eltrabajo.cl\/portal\/wp-json\/wp\/v2\/media?parent=101924"}],"wp:term":[{"taxonomy":"category","embeddable":true,"href":"https:\/\/eltrabajo.cl\/portal\/wp-json\/wp\/v2\/categories?post=101924"},{"taxonomy":"post_tag","embeddable":true,"href":"https:\/\/eltrabajo.cl\/portal\/wp-json\/wp\/v2\/tags?post=101924"}],"curies":[{"name":"wp","href":"https:\/\/api.w.org\/{rel}","templated":true}]}}