{"id":101928,"date":"2020-08-12T08:00:23","date_gmt":"2020-08-12T12:00:23","guid":{"rendered":"https:\/\/www.eltrabajo.cl\/portal\/?p=101928"},"modified":"2020-08-12T00:08:39","modified_gmt":"2020-08-12T04:08:39","slug":"ter-remueve-del-cargo-al-alcalde-freire-por-notable-abandono-de-deberes","status":"publish","type":"post","link":"https:\/\/eltrabajo.cl\/portal\/ter-remueve-del-cargo-al-alcalde-freire-por-notable-abandono-de-deberes\/","title":{"rendered":"TER remueve del cargo al alcalde Freire por notable abandono de deberes"},"content":{"rendered":"<p style=\"text-align: left;\"><span style=\"color: #c81400;\"><strong>\u00a1Terremoto pol\u00edtico!: Alcalde anunci\u00f3 que apelar\u00e1:<\/strong><\/span><\/p>\n<p style=\"text-align: justify;\">El Tribunal Electoral Regional (TER), con fecha 10 de agosto de 2020, determin\u00f3 que el alcalde de San Felipe, Patricio Freire Canto, queda removido de su cargo por haber incurrido en notable abandono de deberes. Lo anterior, luego que acogiera el requerimiento de remoci\u00f3n interpuesto por los concejales <strong>Christian Beals Campos<\/strong> y <strong>Juan Carlos Sabaj Paublo<\/strong>, quedando removido de su cargo e inhabilitado para ejercer cargo p\u00fablico por cinco a\u00f1os. La medida, no obstante, a\u00fan puede ser apelable.<\/p>\n<p style=\"text-align: justify;\">Los temas principales por los cuales fue denunciado al TER, tienen que ver con la aprobaci\u00f3n de un estacionamiento en calle Carlos Condell, teniendo v\u00ednculo familiar con la sociedad administradora; haber aprobado un contrato con Citelum que sobrepasaba el periodo alcaldicio; no haber dictado un decreto tambi\u00e9n alcaldicio para destituir al administrador municipal, luego que el concejo as\u00ed lo decidiera el d\u00eda 20 de febrero de 2018, entre otros.<\/p>\n<p style=\"text-align: justify;\">Al respecto fue el concejal <strong>Christian Beals Campos<\/strong> en conversaci\u00f3n con radio Aconcagua, quien dijo que lamentaba lo ocurrido <em>\u00abporque yo conozco a Patricio Freire hace 40 a\u00f1os. Yo todas estas situaciones que ustedes ven, fueron presentadas a \u00e9l, discutidas en muchas oportunidades en forma personal, y en el concejo se me tild\u00f3 de conflictivo, que yo no aportaba ideas, que era el peor concejal. Le dije: \u2018T\u00fa tienes un cargo que tienes que respetar la legalidad vigente y la transparencia en las decisiones\u2019. Eso fue todo, y lamentablemente Freire fue mal asesorado; se lo dije en montones de oportunidades, tiene un servicio jur\u00eddico p\u00e9simo que no lo asesor\u00f3 bien, lo orient\u00f3 mal, de hecho estamentos que no estuvieron a la altura a pesar de las buenas intenciones de Freire\u00bb,<\/em> se\u00f1al\u00f3 Beals.<\/p>\n<p style=\"text-align: justify;\">Cuando le preguntaron sobre qu\u00e9 sensaci\u00f3n le quedaba, si lo consideraba un triunfo, dijo que de ninguna manera y que m\u00e1s bien era un momento <em>\u00abde amargura. No es justo que una persona como Patricio, que es una buena persona, est\u00e9 sufriendo esto por ser inexperto o por no tener la visualizaci\u00f3n de no tener gente adecuada, m\u00e1s que nada eso, y yo se lo manifest\u00e9 en forma directa a Patricio y no me hizo caso, y nosotros como concejales, si tampoco hacemos lo que determina la Contralor\u00eda, tambi\u00e9n expon\u00edamos nuestro cargo\u00bb,<\/em> indic\u00f3.<\/p>\n<p style=\"text-align: justify;\">\n<p style=\"text-align: justify;\"><span style=\"color: #c81400;\"><strong>ALCALDE APELAR\u00c1<\/strong><\/span><\/p>\n<p style=\"text-align: justify;\">En tanto el alcalde <strong>Patricio Freire<\/strong>, tambi\u00e9n en entrevista con radio Aconcagua, dijo estar tranquilo y que iba a apelar: <em>\u00abHe hecho un trabajo en San Felipe a todo dar. Yo no tengo nada\u2026 Hablan del tema de Citelum, por ejemplo, un tema que ni siquiera era un proyecto m\u00edo, era de la administraci\u00f3n de Jaime Amar, entonces hay varios temas que son equivocados; un tema de \u00e1ridos, que yo nunca he autorizado, entonces aqu\u00ed hay algo que no entiendo. Pero es la lucha que ha tenido este concejal, el mismo, el se\u00f1or Beals, que ha tratado mal a las mujeres, ha tratado mal a las enfermeras, a toda la gente, a todo el mundo; el mismo que ha tratado de destruirme desde cuando lleg\u00f3 al municipio. Una ambici\u00f3n de poder tremenda y eso es lo que hoy en d\u00eda est\u00e1 a la vista, \u00e9l ha perseguido, ha llegado a la Corte Suprema, al Tribunal Electoral, a lo que sea, cualquiera como dijera el fin justifica los medios, pero creo que yo hoy en d\u00eda estoy sumamente tranquilo; al contrario, yo no tengo nada que ocultar\u00bb,<\/em> se\u00f1al\u00f3.<\/p>\n<p style=\"text-align: justify;\">En una de sus intervenciones, en cuanto al no haberse abstenido de votar el tema del estacionamiento de calle Carlos Condell, Freire reconoci\u00f3 que fue mal asesorado. Seg\u00fan antecedentes recogidos por este medio, el alcalde Patricio Freire tendr\u00eda cinco d\u00edas para apelar. De no prosperar la apelaci\u00f3n, al parecer el alcalde Patricio Freire estar\u00eda convirti\u00e9ndose en el primer alcalde en ser removido de su cargo.<\/p>\n<figure id=\"attachment_101929\" aria-describedby=\"caption-attachment-101929\" style=\"width: 580px\" class=\"wp-caption alignnone\"><img data-recalc-dims=\"1\" loading=\"lazy\" decoding=\"async\" class=\"size-full wp-image-101929\" src=\"https:\/\/i0.wp.com\/eltrabajo.cl\/portal\/wp-content\/uploads\/2020\/08\/destitucion-Alcalde_Patricio-Freire-Canto.jpg?resize=580%2C499&#038;ssl=1\" alt=\"El alcalde Patricio Freire dispondr\u00eda de cinco d\u00edas para apelar a la determinaci\u00f3n del TER que lo remueve de su cargo.\" width=\"580\" height=\"499\" srcset=\"https:\/\/i0.wp.com\/eltrabajo.cl\/portal\/wp-content\/uploads\/2020\/08\/destitucion-Alcalde_Patricio-Freire-Canto.jpg?w=580&amp;ssl=1 580w, https:\/\/i0.wp.com\/eltrabajo.cl\/portal\/wp-content\/uploads\/2020\/08\/destitucion-Alcalde_Patricio-Freire-Canto.jpg?resize=300%2C258&amp;ssl=1 300w, https:\/\/i0.wp.com\/eltrabajo.cl\/portal\/wp-content\/uploads\/2020\/08\/destitucion-Alcalde_Patricio-Freire-Canto.jpg?resize=174%2C150&amp;ssl=1 174w\" sizes=\"auto, (max-width: 580px) 100vw, 580px\" \/><figcaption id=\"caption-attachment-101929\" class=\"wp-caption-text\">El alcalde Patricio Freire dispondr\u00eda de cinco d\u00edas para apelar a la determinaci\u00f3n del TER que lo remueve de su cargo.<\/figcaption><\/figure>\n<figure id=\"attachment_101931\" aria-describedby=\"caption-attachment-101931\" style=\"width: 580px\" class=\"wp-caption alignnone\"><img data-recalc-dims=\"1\" loading=\"lazy\" decoding=\"async\" class=\"size-full wp-image-101931\" src=\"https:\/\/i0.wp.com\/eltrabajo.cl\/portal\/wp-content\/uploads\/2020\/08\/destitucion-Beals_Christian-Beals-Campos.jpg?resize=580%2C499&#038;ssl=1\" alt=\"El concejal Christian Beals, gestor del requerimiento, calific\u00f3 a Freire como \u00abuna buena persona\u00bb, pero mal asesorada.\" width=\"580\" height=\"499\" srcset=\"https:\/\/i0.wp.com\/eltrabajo.cl\/portal\/wp-content\/uploads\/2020\/08\/destitucion-Beals_Christian-Beals-Campos.jpg?w=580&amp;ssl=1 580w, https:\/\/i0.wp.com\/eltrabajo.cl\/portal\/wp-content\/uploads\/2020\/08\/destitucion-Beals_Christian-Beals-Campos.jpg?resize=300%2C258&amp;ssl=1 300w, https:\/\/i0.wp.com\/eltrabajo.cl\/portal\/wp-content\/uploads\/2020\/08\/destitucion-Beals_Christian-Beals-Campos.jpg?resize=174%2C150&amp;ssl=1 174w\" sizes=\"auto, (max-width: 580px) 100vw, 580px\" \/><figcaption id=\"caption-attachment-101931\" class=\"wp-caption-text\">El concejal Christian Beals, gestor del requerimiento, calific\u00f3 a Freire como \u00abuna buena persona\u00bb, pero mal asesorada.<\/figcaption><\/figure>\n<figure id=\"attachment_101932\" aria-describedby=\"caption-attachment-101932\" style=\"width: 580px\" class=\"wp-caption alignnone\"><img data-recalc-dims=\"1\" loading=\"lazy\" decoding=\"async\" class=\"size-full wp-image-101932\" src=\"https:\/\/i0.wp.com\/eltrabajo.cl\/portal\/wp-content\/uploads\/2020\/08\/destitucion-extracto-san-felipe-1775-hecho.jpg?resize=580%2C499&#038;ssl=1\" alt=\"Este es el documento del Tribunal Electoral Regional que da por removido de su cargo al alcalde Patricio Freire.\" width=\"580\" height=\"499\" srcset=\"https:\/\/i0.wp.com\/eltrabajo.cl\/portal\/wp-content\/uploads\/2020\/08\/destitucion-extracto-san-felipe-1775-hecho.jpg?w=580&amp;ssl=1 580w, https:\/\/i0.wp.com\/eltrabajo.cl\/portal\/wp-content\/uploads\/2020\/08\/destitucion-extracto-san-felipe-1775-hecho.jpg?resize=300%2C258&amp;ssl=1 300w, https:\/\/i0.wp.com\/eltrabajo.cl\/portal\/wp-content\/uploads\/2020\/08\/destitucion-extracto-san-felipe-1775-hecho.jpg?resize=174%2C150&amp;ssl=1 174w\" sizes=\"auto, (max-width: 580px) 100vw, 580px\" \/><figcaption id=\"caption-attachment-101932\" class=\"wp-caption-text\">Este es el documento del Tribunal Electoral Regional que da por removido de su cargo al alcalde Patricio Freire.<\/figcaption><\/figure>\n","protected":false},"excerpt":{"rendered":"<p>\u00a1Terremoto pol\u00edtico!: Alcalde anunci\u00f3 que apelar\u00e1: El Tribunal Electoral Regional (TER), con fecha 10 de agosto de 2020, determin\u00f3 que el alcalde de San Felipe, Patricio Freire Canto, queda removido de su&#8230;<\/p>\n","protected":false},"author":482,"featured_media":101930,"comment_status":"closed","ping_status":"open","sticky":false,"template":"","format":"standard","meta":{"advanced_seo_description":"","jetpack_seo_html_title":"","jetpack_seo_noindex":false,"_jetpack_memberships_contains_paid_content":false,"footnotes":""},"categories":[103],"tags":[],"class_list":["post-101928","post","type-post","status-publish","format-standard","has-post-thumbnail","hentry","category-cronica-2"],"jetpack_featured_media_url":"https:\/\/i0.wp.com\/eltrabajo.cl\/portal\/wp-content\/uploads\/2020\/08\/destitucion-Alcalde_Patricio-Freire-beals.jpg?fit=580%2C360&ssl=1","jetpack_sharing_enabled":true,"jetpack_likes_enabled":true,"jetpack-related-posts":[],"_links":{"self":[{"href":"https:\/\/eltrabajo.cl\/portal\/wp-json\/wp\/v2\/posts\/101928","targetHints":{"allow":["GET"]}}],"collection":[{"href":"https:\/\/eltrabajo.cl\/portal\/wp-json\/wp\/v2\/posts"}],"about":[{"href":"https:\/\/eltrabajo.cl\/portal\/wp-json\/wp\/v2\/types\/post"}],"author":[{"embeddable":true,"href":"https:\/\/eltrabajo.cl\/portal\/wp-json\/wp\/v2\/users\/482"}],"replies":[{"embeddable":true,"href":"https:\/\/eltrabajo.cl\/portal\/wp-json\/wp\/v2\/comments?post=101928"}],"version-history":[{"count":0,"href":"https:\/\/eltrabajo.cl\/portal\/wp-json\/wp\/v2\/posts\/101928\/revisions"}],"wp:featuredmedia":[{"embeddable":true,"href":"https:\/\/eltrabajo.cl\/portal\/wp-json\/wp\/v2\/media\/101930"}],"wp:attachment":[{"href":"https:\/\/eltrabajo.cl\/portal\/wp-json\/wp\/v2\/media?parent=101928"}],"wp:term":[{"taxonomy":"category","embeddable":true,"href":"https:\/\/eltrabajo.cl\/portal\/wp-json\/wp\/v2\/categories?post=101928"},{"taxonomy":"post_tag","embeddable":true,"href":"https:\/\/eltrabajo.cl\/portal\/wp-json\/wp\/v2\/tags?post=101928"}],"curies":[{"name":"wp","href":"https:\/\/api.w.org\/{rel}","templated":true}]}}