{"id":101934,"date":"2020-08-12T00:13:34","date_gmt":"2020-08-12T04:13:34","guid":{"rendered":"https:\/\/www.eltrabajo.cl\/portal\/?p=101934"},"modified":"2020-08-12T00:13:34","modified_gmt":"2020-08-12T04:13:34","slug":"terremoto-politico-provoca-el-ter-con-destitucion-de-alcalde-patricio-freire","status":"publish","type":"post","link":"https:\/\/eltrabajo.cl\/portal\/terremoto-politico-provoca-el-ter-con-destitucion-de-alcalde-patricio-freire\/","title":{"rendered":"\u00a1Terremoto pol\u00edtico! provoca el TER con destituci\u00f3n de alcalde Patricio Freire:"},"content":{"rendered":"<p style=\"text-align: left;\"><span style=\"color: #c81400;\"><strong>Alcalde anunci\u00f3 que apelar\u00e1:<\/strong><\/span><\/p>\n<p style=\"text-align: justify;\">El Tribunal Electoral Regional (TER) determin\u00f3 que el alcalde de San Felipe, <strong>Patricio Freire Canto<\/strong>, queda removido de su cargo por haber incurrido en notable abandono de deberes. Lo anterior, luego que acogiera el requerimiento de remoci\u00f3n interpuesto por los concejales <strong>Christian Beals Campos<\/strong> y <strong>Juan Carlos Sabaj Paublo<\/strong>, quedando removido de su cargo e inhabilitado para ejercer cargo p\u00fablico por cinco a\u00f1os. La medida, no obstante, a\u00fan puede ser apelable.<\/p>\n<p style=\"text-align: justify;\">Los temas principales por los cuales fue denunciado al TER, tienen que ver con la aprobaci\u00f3n de un estacionamiento en calle Carlos Condell, teniendo v\u00ednculo familiar con la sociedad administradora; haber aprobado un contrato con Citelum que sobrepasaba el periodo alcaldicio; no haber dictado un decreto tambi\u00e9n alcaldicio para destituir al administrador municipal, luego que el concejo as\u00ed lo decidiera el d\u00eda 20 de febrero de 2018, entre otros.<\/p>\n<p style=\"text-align: justify;\"><span style=\"color: #c81400;\"><strong>ALCALDE APELAR\u00c1<\/strong><\/span><\/p>\n<p style=\"text-align: justify;\">El alcalde <strong>Patricio Freire<\/strong>, por su parte, dijo estar tranquilo y anunci\u00f3 que apelar\u00e1 a la decisi\u00f3n del Tribunal Electoral Regional, agregando que no ten\u00eda nada que ocultar.<\/p>\n<p style=\"text-align: justify;\"><img data-recalc-dims=\"1\" loading=\"lazy\" decoding=\"async\" class=\"size-full wp-image-101929\" style=\"text-align: center;\" src=\"https:\/\/i0.wp.com\/eltrabajo.cl\/portal\/wp-content\/uploads\/2020\/08\/destitucion-Alcalde_Patricio-Freire-Canto.jpg?resize=580%2C499&#038;ssl=1\" alt=\"El alcalde Patricio Freire dispondr\u00eda de cinco d\u00edas para apelar a la determinaci\u00f3n del TER que lo remueve de su cargo.\" width=\"580\" height=\"499\" srcset=\"https:\/\/i0.wp.com\/eltrabajo.cl\/portal\/wp-content\/uploads\/2020\/08\/destitucion-Alcalde_Patricio-Freire-Canto.jpg?w=580&amp;ssl=1 580w, https:\/\/i0.wp.com\/eltrabajo.cl\/portal\/wp-content\/uploads\/2020\/08\/destitucion-Alcalde_Patricio-Freire-Canto.jpg?resize=300%2C258&amp;ssl=1 300w, https:\/\/i0.wp.com\/eltrabajo.cl\/portal\/wp-content\/uploads\/2020\/08\/destitucion-Alcalde_Patricio-Freire-Canto.jpg?resize=174%2C150&amp;ssl=1 174w\" sizes=\"auto, (max-width: 580px) 100vw, 580px\" \/><\/p>\n<p>El alcalde Patricio Freire dispondr\u00eda de cinco d\u00edas para apelar a la determinaci\u00f3n del TER que lo remueve de su cargo.<\/p>\n","protected":false},"excerpt":{"rendered":"<p>Alcalde anunci\u00f3 que apelar\u00e1: El Tribunal Electoral Regional (TER) determin\u00f3 que el alcalde de San Felipe, Patricio Freire Canto, queda removido de su cargo por haber incurrido en notable abandono de deberes&#8230;.<\/p>\n","protected":false},"author":482,"featured_media":101929,"comment_status":"closed","ping_status":"open","sticky":false,"template":"","format":"standard","meta":{"advanced_seo_description":"","jetpack_seo_html_title":"","jetpack_seo_noindex":false,"_jetpack_memberships_contains_paid_content":false,"footnotes":""},"categories":[103],"tags":[],"class_list":["post-101934","post","type-post","status-publish","format-standard","has-post-thumbnail","hentry","category-cronica-2"],"jetpack_featured_media_url":"https:\/\/i0.wp.com\/eltrabajo.cl\/portal\/wp-content\/uploads\/2020\/08\/destitucion-Alcalde_Patricio-Freire-Canto.jpg?fit=580%2C499&ssl=1","jetpack_sharing_enabled":true,"jetpack_likes_enabled":true,"jetpack-related-posts":[],"_links":{"self":[{"href":"https:\/\/eltrabajo.cl\/portal\/wp-json\/wp\/v2\/posts\/101934","targetHints":{"allow":["GET"]}}],"collection":[{"href":"https:\/\/eltrabajo.cl\/portal\/wp-json\/wp\/v2\/posts"}],"about":[{"href":"https:\/\/eltrabajo.cl\/portal\/wp-json\/wp\/v2\/types\/post"}],"author":[{"embeddable":true,"href":"https:\/\/eltrabajo.cl\/portal\/wp-json\/wp\/v2\/users\/482"}],"replies":[{"embeddable":true,"href":"https:\/\/eltrabajo.cl\/portal\/wp-json\/wp\/v2\/comments?post=101934"}],"version-history":[{"count":0,"href":"https:\/\/eltrabajo.cl\/portal\/wp-json\/wp\/v2\/posts\/101934\/revisions"}],"wp:featuredmedia":[{"embeddable":true,"href":"https:\/\/eltrabajo.cl\/portal\/wp-json\/wp\/v2\/media\/101929"}],"wp:attachment":[{"href":"https:\/\/eltrabajo.cl\/portal\/wp-json\/wp\/v2\/media?parent=101934"}],"wp:term":[{"taxonomy":"category","embeddable":true,"href":"https:\/\/eltrabajo.cl\/portal\/wp-json\/wp\/v2\/categories?post=101934"},{"taxonomy":"post_tag","embeddable":true,"href":"https:\/\/eltrabajo.cl\/portal\/wp-json\/wp\/v2\/tags?post=101934"}],"curies":[{"name":"wp","href":"https:\/\/api.w.org\/{rel}","templated":true}]}}