{"id":101964,"date":"2020-08-12T20:48:26","date_gmt":"2020-08-13T00:48:26","guid":{"rendered":"https:\/\/www.eltrabajo.cl\/portal\/?p=101964"},"modified":"2020-08-12T20:48:26","modified_gmt":"2020-08-13T00:48:26","slug":"mas-de-300-cajas-de-mercaderia-dono-empresa-agricola-a-la-daem-de-san-felipe","status":"publish","type":"post","link":"https:\/\/eltrabajo.cl\/portal\/mas-de-300-cajas-de-mercaderia-dono-empresa-agricola-a-la-daem-de-san-felipe\/","title":{"rendered":"M\u00e1s de 300 cajas de mercader\u00eda don\u00f3 empresa agr\u00edcola a la DAEM de San Felipe"},"content":{"rendered":"<p style=\"text-align: left;\"><span style=\"color: #c81400;\"><strong>Para distribuir en establecimientos educacionales y jardines infantiles<\/strong> <\/span><\/p>\n<ul style=\"text-align: justify;\">\n<li style=\"text-align: left;\"><strong>La gesti\u00f3n la realiz\u00f3 la psic\u00f3loga de la direcci\u00f3n de Educaci\u00f3n Municipal, Sybilla P\u00f6tzsch, para ir en apoyo de alumnos y sus familias.<\/strong><\/li>\n<\/ul>\n<p style=\"text-align: justify;\">Una campa\u00f1a solidaria para ir en apoyo de alumnos de los distintos establecimientos educacionales de San Felipe, organiz\u00f3 la psic\u00f3loga del departamento psicosocial de la Direcci\u00f3n de Educaci\u00f3n Municipal, <strong>Sybilla P\u00f6tzsch<\/strong>.<\/p>\n<p style=\"text-align: justify;\">La profesional ten\u00eda como objetivo apoyar a las familias del sistema municipal que est\u00e1n pasando por momentos dif\u00edciles a prop\u00f3sito de esta pandemia, y su idea era contar con una caja con mercader\u00eda, pero que fuera especialmente enfocada en los ni\u00f1os, por lo que se contact\u00f3 con vecinos de la comuna y con una empresa agr\u00edcola de la comuna, quienes de inmediato quisieron apoyar la iniciativa.<\/p>\n<p style=\"text-align: justify;\">\u00ab<em>El departamento sicosocial de la DAEM trabaja con 24 escuelas en San Felipe y luego de un catastro, mucha gente me ayud\u00f3 y estoy muy agradecida y especialmente de una familia sanfelipe\u00f1a, una empresa familiar que es AgroGioia\u00bb,<\/em> dijo Sybilla P\u00f6tsch.<\/p>\n<p style=\"text-align: justify;\">La profesional agreg\u00f3 que la empresa agr\u00edcola aport\u00f3 200 cajas de mercader\u00eda, y a ello se sum\u00f3 un aporte de 150 cajas m\u00e1s, de otras de las empresas de esta familia, como son Alto del Molle y el servicentro Shell.<\/p>\n<p style=\"text-align: justify;\">\u00ab<em>Ellos son una familia s\u00faper solidaria, yo s\u00e9 que siempre est\u00e1n apoyando de forma an\u00f3nima, pero creo que hay que reconocer las buenas pr\u00e1cticas agr\u00edcolas y las buenas pr\u00e1cticas en las empresas\u00bb,<\/em> sostuvo la psic\u00f3loga.<\/p>\n<p style=\"text-align: justify;\">Adem\u00e1s de entregar este aporte en distintos establecimientos educacionales, la profesional entreg\u00f3 parte de las cajas de mercader\u00eda en los jardines infantiles, donde adem\u00e1s se donaron cajas con juguetes.<\/p>\n<figure id=\"attachment_101965\" aria-describedby=\"caption-attachment-101965\" style=\"width: 580px\" class=\"wp-caption alignnone\"><img data-recalc-dims=\"1\" loading=\"lazy\" decoding=\"async\" class=\"size-full wp-image-101965\" src=\"https:\/\/i0.wp.com\/eltrabajo.cl\/portal\/wp-content\/uploads\/2020\/08\/donacion-gioia-1.jpg?resize=580%2C359&#038;ssl=1\" alt=\"El aporte fue entregado en los distintos establecimientos de educaci\u00f3n municipal para ir en apoyo de las familias que m\u00e1s lo necesitan.\" width=\"580\" height=\"359\" srcset=\"https:\/\/i0.wp.com\/eltrabajo.cl\/portal\/wp-content\/uploads\/2020\/08\/donacion-gioia-1.jpg?w=580&amp;ssl=1 580w, https:\/\/i0.wp.com\/eltrabajo.cl\/portal\/wp-content\/uploads\/2020\/08\/donacion-gioia-1.jpg?resize=300%2C186&amp;ssl=1 300w, https:\/\/i0.wp.com\/eltrabajo.cl\/portal\/wp-content\/uploads\/2020\/08\/donacion-gioia-1.jpg?resize=200%2C124&amp;ssl=1 200w\" sizes=\"auto, (max-width: 580px) 100vw, 580px\" \/><figcaption id=\"caption-attachment-101965\" class=\"wp-caption-text\">El aporte fue entregado en los distintos establecimientos de educaci\u00f3n municipal para ir en apoyo de las familias que m\u00e1s lo necesitan.<\/figcaption><\/figure>\n<figure id=\"attachment_101966\" aria-describedby=\"caption-attachment-101966\" style=\"width: 580px\" class=\"wp-caption alignnone\"><img data-recalc-dims=\"1\" loading=\"lazy\" decoding=\"async\" class=\"size-full wp-image-101966\" src=\"https:\/\/i0.wp.com\/eltrabajo.cl\/portal\/wp-content\/uploads\/2020\/08\/donacion-gioia-2.jpg?resize=580%2C359&#038;ssl=1\" alt=\"La empresa agr\u00edcola entreg\u00f3 m\u00e1s de 300 cajas de mercader\u00eda.\" width=\"580\" height=\"359\" srcset=\"https:\/\/i0.wp.com\/eltrabajo.cl\/portal\/wp-content\/uploads\/2020\/08\/donacion-gioia-2.jpg?w=580&amp;ssl=1 580w, https:\/\/i0.wp.com\/eltrabajo.cl\/portal\/wp-content\/uploads\/2020\/08\/donacion-gioia-2.jpg?resize=300%2C186&amp;ssl=1 300w, https:\/\/i0.wp.com\/eltrabajo.cl\/portal\/wp-content\/uploads\/2020\/08\/donacion-gioia-2.jpg?resize=200%2C124&amp;ssl=1 200w\" sizes=\"auto, (max-width: 580px) 100vw, 580px\" \/><figcaption id=\"caption-attachment-101966\" class=\"wp-caption-text\">La empresa agr\u00edcola entreg\u00f3 m\u00e1s de 300 cajas de mercader\u00eda.<\/figcaption><\/figure>\n","protected":false},"excerpt":{"rendered":"<p>Para distribuir en establecimientos educacionales y jardines infantiles La gesti\u00f3n la realiz\u00f3 la psic\u00f3loga de la direcci\u00f3n de Educaci\u00f3n Municipal, Sybilla P\u00f6tzsch, para ir en apoyo de alumnos y sus familias. Una&#8230;<\/p>\n","protected":false},"author":482,"featured_media":101965,"comment_status":"closed","ping_status":"open","sticky":false,"template":"","format":"standard","meta":{"advanced_seo_description":"","jetpack_seo_html_title":"","jetpack_seo_noindex":false,"_jetpack_memberships_contains_paid_content":false,"footnotes":""},"categories":[105,103],"tags":[],"class_list":["post-101964","post","type-post","status-publish","format-standard","has-post-thumbnail","hentry","category-covid-19","category-cronica-2"],"jetpack_featured_media_url":"https:\/\/i0.wp.com\/eltrabajo.cl\/portal\/wp-content\/uploads\/2020\/08\/donacion-gioia-1.jpg?fit=580%2C359&ssl=1","jetpack_sharing_enabled":true,"jetpack_likes_enabled":true,"jetpack-related-posts":[],"_links":{"self":[{"href":"https:\/\/eltrabajo.cl\/portal\/wp-json\/wp\/v2\/posts\/101964","targetHints":{"allow":["GET"]}}],"collection":[{"href":"https:\/\/eltrabajo.cl\/portal\/wp-json\/wp\/v2\/posts"}],"about":[{"href":"https:\/\/eltrabajo.cl\/portal\/wp-json\/wp\/v2\/types\/post"}],"author":[{"embeddable":true,"href":"https:\/\/eltrabajo.cl\/portal\/wp-json\/wp\/v2\/users\/482"}],"replies":[{"embeddable":true,"href":"https:\/\/eltrabajo.cl\/portal\/wp-json\/wp\/v2\/comments?post=101964"}],"version-history":[{"count":0,"href":"https:\/\/eltrabajo.cl\/portal\/wp-json\/wp\/v2\/posts\/101964\/revisions"}],"wp:featuredmedia":[{"embeddable":true,"href":"https:\/\/eltrabajo.cl\/portal\/wp-json\/wp\/v2\/media\/101965"}],"wp:attachment":[{"href":"https:\/\/eltrabajo.cl\/portal\/wp-json\/wp\/v2\/media?parent=101964"}],"wp:term":[{"taxonomy":"category","embeddable":true,"href":"https:\/\/eltrabajo.cl\/portal\/wp-json\/wp\/v2\/categories?post=101964"},{"taxonomy":"post_tag","embeddable":true,"href":"https:\/\/eltrabajo.cl\/portal\/wp-json\/wp\/v2\/tags?post=101964"}],"curies":[{"name":"wp","href":"https:\/\/api.w.org\/{rel}","templated":true}]}}