{"id":101968,"date":"2020-08-12T20:52:35","date_gmt":"2020-08-13T00:52:35","guid":{"rendered":"https:\/\/www.eltrabajo.cl\/portal\/?p=101968"},"modified":"2020-08-12T20:52:35","modified_gmt":"2020-08-13T00:52:35","slug":"alcalde-freire-seria-notificado-oficialmente-este-viernes-de-su-destitucion","status":"publish","type":"post","link":"https:\/\/eltrabajo.cl\/portal\/alcalde-freire-seria-notificado-oficialmente-este-viernes-de-su-destitucion\/","title":{"rendered":"Alcalde Freire ser\u00eda notificado oficialmente este viernes de su destituci\u00f3n"},"content":{"rendered":"<p style=\"text-align: justify;\">Una tensa ma\u00f1ana se vivi\u00f3 este mi\u00e9rcoles en la municipalidad de San Felipe luego de conocerse que el Tribunal Electoral Regional destituyera al alcalde Patricio Freire por notable abandono de deberes.<\/p>\n<p style=\"text-align: justify;\">Dentro de todo eso, se estimaba que durante el d\u00eda ser\u00eda notificado de este fallo, sin embargo eso no ocurri\u00f3 a decir del propio alcalde, quien en la ma\u00f1ana realiz\u00f3 una visita a la Villa 250 A\u00f1os.<\/p>\n<p style=\"text-align: justify;\">Luego y pasados algunos minutos de las dos de la tarde se retir\u00f3 por la puerta trasera de la municipalidad, junto a sus colaboradores m\u00e1s cercanos.<\/p>\n<p style=\"text-align: justify;\">Al salir fue consultado sobre la fecha de notificaci\u00f3n, ya que se supo que esta ser\u00eda el d\u00eda viernes, algo que el propio alcalde se encarg\u00f3 de confirmar se\u00f1alando lo siguiente:<\/p>\n<p style=\"text-align: justify;\">\u00ab<em>Esa es la informaci\u00f3n que tengo hasta ahora, esper\u00e9 hoy d\u00eda ser notificado, yo quiero que sea notificado lo m\u00e1s luego posible para hacer los descargos en el Tricel; as\u00ed es que eso, estoy esperando que llegue el viernes la notificaci\u00f3n\u00bb,<\/em> se\u00f1al\u00f3 el alcalde <strong>Patricio Freire Canto<\/strong>.<\/p>\n<p style=\"text-align: justify;\">Consultado sobre qui\u00e9n podr\u00eda subrogarlo durante su destituci\u00f3n, indic\u00f3 que <strong>Claudio Paredes<\/strong> est\u00e1 dentro de la terna de donde hay que decidir un nombre.<\/p>\n<p style=\"text-align: justify;\">&#8211; <strong>\u00bfCu\u00e1l es la sensaci\u00f3n que tiene usted en este momento?<\/strong><\/p>\n<p style=\"text-align: justify;\">&#8211; Yo tranquilo, muy tranquilo, ac\u00e1 no ha habido ning\u00fan tema, solamente temas administrativos; el castigo es demasiado alto para tema administrativo, creo que solamente esperar la notificaci\u00f3n.<\/p>\n<p style=\"text-align: justify;\">Al finalizar dijo que <em>\u00abel viernes dicen que va a llegar la notificaci\u00f3n\u2026 vamos a esperarla\u00bb,<\/em> se\u00f1al\u00f3 el alcalde Freire.<\/p>\n<figure id=\"attachment_101969\" aria-describedby=\"caption-attachment-101969\" style=\"width: 580px\" class=\"wp-caption alignnone\"><img data-recalc-dims=\"1\" loading=\"lazy\" decoding=\"async\" class=\"size-full wp-image-101969\" src=\"https:\/\/i0.wp.com\/eltrabajo.cl\/portal\/wp-content\/uploads\/2020\/08\/Patricio-Freire-copia.jpg?resize=580%2C499&#038;ssl=1\" alt=\"El alcalde Patricio Freire asegur\u00f3 que espera ser notificado lo antes posible de manera de poder presentar sus descargos. \" width=\"580\" height=\"499\" srcset=\"https:\/\/i0.wp.com\/eltrabajo.cl\/portal\/wp-content\/uploads\/2020\/08\/Patricio-Freire-copia.jpg?w=580&amp;ssl=1 580w, https:\/\/i0.wp.com\/eltrabajo.cl\/portal\/wp-content\/uploads\/2020\/08\/Patricio-Freire-copia.jpg?resize=300%2C258&amp;ssl=1 300w, https:\/\/i0.wp.com\/eltrabajo.cl\/portal\/wp-content\/uploads\/2020\/08\/Patricio-Freire-copia.jpg?resize=174%2C150&amp;ssl=1 174w\" sizes=\"auto, (max-width: 580px) 100vw, 580px\" \/><figcaption id=\"caption-attachment-101969\" class=\"wp-caption-text\">El alcalde Patricio Freire asegur\u00f3 que espera ser notificado lo antes posible de manera de poder presentar sus descargos.<\/figcaption><\/figure>\n","protected":false},"excerpt":{"rendered":"<p>Una tensa ma\u00f1ana se vivi\u00f3 este mi\u00e9rcoles en la municipalidad de San Felipe luego de conocerse que el Tribunal Electoral Regional destituyera al alcalde Patricio Freire por notable abandono de deberes. Dentro&#8230;<\/p>\n","protected":false},"author":482,"featured_media":101969,"comment_status":"closed","ping_status":"open","sticky":false,"template":"","format":"standard","meta":{"advanced_seo_description":"","jetpack_seo_html_title":"","jetpack_seo_noindex":false,"_jetpack_memberships_contains_paid_content":false,"footnotes":""},"categories":[103],"tags":[],"class_list":["post-101968","post","type-post","status-publish","format-standard","has-post-thumbnail","hentry","category-cronica-2"],"jetpack_featured_media_url":"https:\/\/i0.wp.com\/eltrabajo.cl\/portal\/wp-content\/uploads\/2020\/08\/Patricio-Freire-copia.jpg?fit=580%2C499&ssl=1","jetpack_sharing_enabled":true,"jetpack_likes_enabled":true,"jetpack-related-posts":[],"_links":{"self":[{"href":"https:\/\/eltrabajo.cl\/portal\/wp-json\/wp\/v2\/posts\/101968","targetHints":{"allow":["GET"]}}],"collection":[{"href":"https:\/\/eltrabajo.cl\/portal\/wp-json\/wp\/v2\/posts"}],"about":[{"href":"https:\/\/eltrabajo.cl\/portal\/wp-json\/wp\/v2\/types\/post"}],"author":[{"embeddable":true,"href":"https:\/\/eltrabajo.cl\/portal\/wp-json\/wp\/v2\/users\/482"}],"replies":[{"embeddable":true,"href":"https:\/\/eltrabajo.cl\/portal\/wp-json\/wp\/v2\/comments?post=101968"}],"version-history":[{"count":0,"href":"https:\/\/eltrabajo.cl\/portal\/wp-json\/wp\/v2\/posts\/101968\/revisions"}],"wp:featuredmedia":[{"embeddable":true,"href":"https:\/\/eltrabajo.cl\/portal\/wp-json\/wp\/v2\/media\/101969"}],"wp:attachment":[{"href":"https:\/\/eltrabajo.cl\/portal\/wp-json\/wp\/v2\/media?parent=101968"}],"wp:term":[{"taxonomy":"category","embeddable":true,"href":"https:\/\/eltrabajo.cl\/portal\/wp-json\/wp\/v2\/categories?post=101968"},{"taxonomy":"post_tag","embeddable":true,"href":"https:\/\/eltrabajo.cl\/portal\/wp-json\/wp\/v2\/tags?post=101968"}],"curies":[{"name":"wp","href":"https:\/\/api.w.org\/{rel}","templated":true}]}}