{"id":101972,"date":"2020-08-13T07:45:22","date_gmt":"2020-08-13T11:45:22","guid":{"rendered":"https:\/\/www.eltrabajo.cl\/portal\/?p=101972"},"modified":"2020-08-12T21:04:28","modified_gmt":"2020-08-13T01:04:28","slug":"union-san-felipe-pierde-un-jugador-por-seria-lesion-a-la-clavicula","status":"publish","type":"post","link":"https:\/\/eltrabajo.cl\/portal\/union-san-felipe-pierde-un-jugador-por-seria-lesion-a-la-clavicula\/","title":{"rendered":"Uni\u00f3n San Felipe pierde un jugador por seria lesi\u00f3n a la clav\u00edcula"},"content":{"rendered":"<p style=\"text-align: justify;\">El joven volante central de Uni\u00f3n San Felipe, <strong>Enzo Orme\u00f1o<\/strong>, sufri\u00f3 una seria lesi\u00f3n a su clav\u00edcula por lo que en horas de hoy deber\u00e1 someterse a una intervenci\u00f3n quir\u00fargica. Luego de los ex\u00e1menes respectivos, se determin\u00f3 que el jugador tiene una Fractura con Desplazamiento de Clav\u00edcula Izquierda.<\/p>\n<p style=\"text-align: justify;\">Con esto es evidente que el mediocampista se perder\u00e1 el reinicio del torneo porque esta dolencia y su posterior recuperaci\u00f3n tardar\u00e1 cerca de dos meses. La baja de Enzo Orme\u00f1o es un golpe sensible para el esquema de <strong>Erwin Dur\u00e1n<\/strong> a ra\u00edz que el ex juvenil ven\u00eda siendo titular hasta el momento en que la pandemia del Covid\u201319 detuvo todo.<\/p>\n<p style=\"text-align: justify;\">\n<p style=\"text-align: justify;\"><strong><span style=\"color: #c81400;\">Gonzalo \u00c1lvarez destaca el avance que experimenta el plantel<\/span> <\/strong><\/p>\n<p style=\"text-align: justify;\">Por su parte el goleador del equipo y del torneo, <strong>Gonzalo \u00c1lvarez<\/strong>, destac\u00f3 que el equipo va por el buen camino y que de seguir as\u00ed se podr\u00e1 esperar mucho cuando se relance el campeonato. <em>\u00abEstoy muy contento que podamos seguir avanzando y que nadie se haya contagiado. El club lo est\u00e1 haciendo muy bien. Al grupo en general le cost\u00f3 mucho la fase 1 y 2, porque fueron m\u00e1s f\u00edsicas. Obviamente a m\u00ed tambi\u00e9n me cost\u00f3 en la parte aer\u00f3bica debido a que estuve mucho tiempo parado. Hay que seguir trabajando; sabemos que no llevamos nada de campeonato. Espero con ansias retornar a la competencia, ya que ven\u00edamos con muy buenos resultados, ojala siga as\u00ed cuando volvamos\u00bb,<\/em> afirm\u00f3 el volante ofensivo.<\/p>\n<figure id=\"attachment_101973\" aria-describedby=\"caption-attachment-101973\" style=\"width: 580px\" class=\"wp-caption alignnone\"><img data-recalc-dims=\"1\" loading=\"lazy\" decoding=\"async\" class=\"size-full wp-image-101973\" src=\"https:\/\/i0.wp.com\/eltrabajo.cl\/portal\/wp-content\/uploads\/2020\/08\/ormeno.jpg?resize=580%2C359&#038;ssl=1\" alt=\"Enzo Orme\u00f1o sosteniendo una conversaci\u00f3n con el t\u00e9cnico Erwin Dur\u00e1n.\" width=\"580\" height=\"359\" srcset=\"https:\/\/i0.wp.com\/eltrabajo.cl\/portal\/wp-content\/uploads\/2020\/08\/ormeno.jpg?w=580&amp;ssl=1 580w, https:\/\/i0.wp.com\/eltrabajo.cl\/portal\/wp-content\/uploads\/2020\/08\/ormeno.jpg?resize=300%2C186&amp;ssl=1 300w, https:\/\/i0.wp.com\/eltrabajo.cl\/portal\/wp-content\/uploads\/2020\/08\/ormeno.jpg?resize=200%2C124&amp;ssl=1 200w\" sizes=\"auto, (max-width: 580px) 100vw, 580px\" \/><figcaption id=\"caption-attachment-101973\" class=\"wp-caption-text\">Enzo Orme\u00f1o sosteniendo una conversaci\u00f3n con el t\u00e9cnico Erwin Dur\u00e1n.<\/figcaption><\/figure>\n<figure id=\"attachment_101974\" aria-describedby=\"caption-attachment-101974\" style=\"width: 580px\" class=\"wp-caption alignnone\"><img data-recalc-dims=\"1\" loading=\"lazy\" decoding=\"async\" class=\"size-full wp-image-101974\" src=\"https:\/\/i0.wp.com\/eltrabajo.cl\/portal\/wp-content\/uploads\/2020\/08\/alvarez.jpg?resize=580%2C358&#038;ssl=1\" alt=\"El volante ofensivo Gonzalo \u00c1lvarez es en la actualidad el goleador del torneo.\" width=\"580\" height=\"358\" srcset=\"https:\/\/i0.wp.com\/eltrabajo.cl\/portal\/wp-content\/uploads\/2020\/08\/alvarez.jpg?w=580&amp;ssl=1 580w, https:\/\/i0.wp.com\/eltrabajo.cl\/portal\/wp-content\/uploads\/2020\/08\/alvarez.jpg?resize=300%2C185&amp;ssl=1 300w, https:\/\/i0.wp.com\/eltrabajo.cl\/portal\/wp-content\/uploads\/2020\/08\/alvarez.jpg?resize=200%2C123&amp;ssl=1 200w\" sizes=\"auto, (max-width: 580px) 100vw, 580px\" \/><figcaption id=\"caption-attachment-101974\" class=\"wp-caption-text\">El volante ofensivo Gonzalo \u00c1lvarez es en la actualidad el goleador del torneo.<\/figcaption><\/figure>\n","protected":false},"excerpt":{"rendered":"<p>El joven volante central de Uni\u00f3n San Felipe, Enzo Orme\u00f1o, sufri\u00f3 una seria lesi\u00f3n a su clav\u00edcula por lo que en horas de hoy deber\u00e1 someterse a una intervenci\u00f3n quir\u00fargica. Luego de&#8230;<\/p>\n","protected":false},"author":482,"featured_media":101973,"comment_status":"closed","ping_status":"open","sticky":false,"template":"","format":"standard","meta":{"advanced_seo_description":"","jetpack_seo_html_title":"","jetpack_seo_noindex":false,"_jetpack_memberships_contains_paid_content":false,"footnotes":""},"categories":[19],"tags":[],"class_list":["post-101972","post","type-post","status-publish","format-standard","has-post-thumbnail","hentry","category-deportes"],"jetpack_featured_media_url":"https:\/\/i0.wp.com\/eltrabajo.cl\/portal\/wp-content\/uploads\/2020\/08\/ormeno.jpg?fit=580%2C359&ssl=1","jetpack_sharing_enabled":true,"jetpack_likes_enabled":true,"jetpack-related-posts":[],"_links":{"self":[{"href":"https:\/\/eltrabajo.cl\/portal\/wp-json\/wp\/v2\/posts\/101972","targetHints":{"allow":["GET"]}}],"collection":[{"href":"https:\/\/eltrabajo.cl\/portal\/wp-json\/wp\/v2\/posts"}],"about":[{"href":"https:\/\/eltrabajo.cl\/portal\/wp-json\/wp\/v2\/types\/post"}],"author":[{"embeddable":true,"href":"https:\/\/eltrabajo.cl\/portal\/wp-json\/wp\/v2\/users\/482"}],"replies":[{"embeddable":true,"href":"https:\/\/eltrabajo.cl\/portal\/wp-json\/wp\/v2\/comments?post=101972"}],"version-history":[{"count":0,"href":"https:\/\/eltrabajo.cl\/portal\/wp-json\/wp\/v2\/posts\/101972\/revisions"}],"wp:featuredmedia":[{"embeddable":true,"href":"https:\/\/eltrabajo.cl\/portal\/wp-json\/wp\/v2\/media\/101973"}],"wp:attachment":[{"href":"https:\/\/eltrabajo.cl\/portal\/wp-json\/wp\/v2\/media?parent=101972"}],"wp:term":[{"taxonomy":"category","embeddable":true,"href":"https:\/\/eltrabajo.cl\/portal\/wp-json\/wp\/v2\/categories?post=101972"},{"taxonomy":"post_tag","embeddable":true,"href":"https:\/\/eltrabajo.cl\/portal\/wp-json\/wp\/v2\/tags?post=101972"}],"curies":[{"name":"wp","href":"https:\/\/api.w.org\/{rel}","templated":true}]}}