{"id":101976,"date":"2020-08-13T07:50:06","date_gmt":"2020-08-13T11:50:06","guid":{"rendered":"https:\/\/www.eltrabajo.cl\/portal\/?p=101976"},"modified":"2020-08-12T21:05:55","modified_gmt":"2020-08-13T01:05:55","slug":"sanfelipenos-opinan-sobre-la-destitucion-del-alcalde-patricio-freire","status":"publish","type":"post","link":"https:\/\/eltrabajo.cl\/portal\/sanfelipenos-opinan-sobre-la-destitucion-del-alcalde-patricio-freire\/","title":{"rendered":"Sanfelipe\u00f1os opinan sobre la destituci\u00f3n del alcalde Patricio Freire"},"content":{"rendered":"<p style=\"text-align: left;\"><span style=\"color: #c81400;\"><strong>Consulta Popular realizada por Diario El Trabajo:<\/strong><\/span><\/p>\n<p style=\"text-align: justify;\">Muchas y distintas son las opiniones de los sanfelipe\u00f1os tras una Consulta Popular que <strong>Diario El Trabajo<\/strong> realiz\u00f3 este mi\u00e9rcoles en la ciudad de San Felipe, luego que les preguntamos: <strong>\u00bfQu\u00e9 opina usted sobre la destituci\u00f3n de su cargo del alcalde Patricio Freire Canto?<\/strong><\/p>\n<p style=\"text-align: justify;\">Mientras que en las redes sociales la mayor\u00eda de personas se entregaron a publicar ataques viscerales y descalificaciones contra el concejal <strong>Christian Beals<\/strong>, lo cierto del caso es que tampoco se registr\u00f3 un apoyo contundente hacia la figura y gesti\u00f3n del alcalde <strong>Patricio Freire<\/strong>.<\/p>\n<p style=\"text-align: justify;\">Ya en terreno en las calles de nuestra ciudad, las personas que opinaron s\u00ed lo hicieron de manera respetuosa, apoyando unos a Freire y otros la gesti\u00f3n de Beals en relaci\u00f3n al proceso impulsado contra el alcalde.<\/p>\n<p style=\"text-align: justify;\"><strong>Roberto Gonz\u00e1lez Short<\/strong><\/p>\n<figure id=\"attachment_101977\" aria-describedby=\"caption-attachment-101977\" style=\"width: 580px\" class=\"wp-caption alignnone\"><img data-recalc-dims=\"1\" loading=\"lazy\" decoding=\"async\" class=\"size-full wp-image-101977\" src=\"https:\/\/i0.wp.com\/eltrabajo.cl\/portal\/wp-content\/uploads\/2020\/08\/Consulta1.jpg?resize=580%2C359&#038;ssl=1\" alt=\"SANFELIPE\u00d1OS ASOMBRADOS.- Muchos sanfelipe\u00f1os no pod\u00edan creerlo, que el Tribunal Electoral Regional haya destituido de su cargo al alcalde Patricio Freire.\" width=\"580\" height=\"359\" srcset=\"https:\/\/i0.wp.com\/eltrabajo.cl\/portal\/wp-content\/uploads\/2020\/08\/Consulta1.jpg?w=580&amp;ssl=1 580w, https:\/\/i0.wp.com\/eltrabajo.cl\/portal\/wp-content\/uploads\/2020\/08\/Consulta1.jpg?resize=300%2C186&amp;ssl=1 300w, https:\/\/i0.wp.com\/eltrabajo.cl\/portal\/wp-content\/uploads\/2020\/08\/Consulta1.jpg?resize=200%2C124&amp;ssl=1 200w\" sizes=\"auto, (max-width: 580px) 100vw, 580px\" \/><figcaption id=\"caption-attachment-101977\" class=\"wp-caption-text\">SANFELIPE\u00d1OS ASOMBRADOS.- Muchos sanfelipe\u00f1os no pod\u00edan creerlo, que el Tribunal Electoral Regional haya destituido de su cargo al alcalde Patricio Freire.<\/figcaption><\/figure>\n<figure id=\"attachment_101978\" aria-describedby=\"caption-attachment-101978\" style=\"width: 580px\" class=\"wp-caption alignnone\"><img data-recalc-dims=\"1\" loading=\"lazy\" decoding=\"async\" class=\"size-full wp-image-101978\" src=\"https:\/\/i0.wp.com\/eltrabajo.cl\/portal\/wp-content\/uploads\/2020\/08\/Consulta_Claudio-Ramirez.jpg?resize=580%2C499&#038;ssl=1\" alt=\"Claudio Ram\u00edrez: \u00abBueno, sobre la destituci\u00f3n del alcalde Freire, creo que el TER se ten\u00eda que pronunciar tarde o temprano. Las malas gestiones administrativas le pasaron la cuenta al alcalde. Los concejales los elije el pueblo, para fiscalizar todas las anomal\u00edas que puedan ocurrir en las administraciones, es una pena pero el TER por algo se pronunci\u00f3\u00bb.\" width=\"580\" height=\"499\" srcset=\"https:\/\/i0.wp.com\/eltrabajo.cl\/portal\/wp-content\/uploads\/2020\/08\/Consulta_Claudio-Ramirez.jpg?w=580&amp;ssl=1 580w, https:\/\/i0.wp.com\/eltrabajo.cl\/portal\/wp-content\/uploads\/2020\/08\/Consulta_Claudio-Ramirez.jpg?resize=300%2C258&amp;ssl=1 300w, https:\/\/i0.wp.com\/eltrabajo.cl\/portal\/wp-content\/uploads\/2020\/08\/Consulta_Claudio-Ramirez.jpg?resize=174%2C150&amp;ssl=1 174w\" sizes=\"auto, (max-width: 580px) 100vw, 580px\" \/><figcaption id=\"caption-attachment-101978\" class=\"wp-caption-text\">Claudio Ram\u00edrez: \u00abBueno, sobre la destituci\u00f3n del alcalde Freire, creo que el TER se ten\u00eda que pronunciar tarde o temprano. Las malas gestiones administrativas le pasaron la cuenta al alcalde. Los concejales los elije el pueblo, para fiscalizar todas las anomal\u00edas que puedan ocurrir en las administraciones, es una pena pero el TER por algo se pronunci\u00f3\u00bb.<\/figcaption><\/figure>\n<figure id=\"attachment_101979\" aria-describedby=\"caption-attachment-101979\" style=\"width: 580px\" class=\"wp-caption alignnone\"><img data-recalc-dims=\"1\" loading=\"lazy\" decoding=\"async\" class=\"size-full wp-image-101979\" src=\"https:\/\/i0.wp.com\/eltrabajo.cl\/portal\/wp-content\/uploads\/2020\/08\/Consulta_Hernan-Milla.jpg?resize=580%2C499&#038;ssl=1\" alt=\"Hern\u00e1n Milla (El Gringo): \u00abEsta situaci\u00f3n de tener a un alcalde destituido nos desfavorece a todos como comuna, como provincia, pues parece que esto sea una guerra de los concejales Patricia Boffa y Christian Beals para llegar al poder\u00bb.\" width=\"580\" height=\"499\" srcset=\"https:\/\/i0.wp.com\/eltrabajo.cl\/portal\/wp-content\/uploads\/2020\/08\/Consulta_Hernan-Milla.jpg?w=580&amp;ssl=1 580w, https:\/\/i0.wp.com\/eltrabajo.cl\/portal\/wp-content\/uploads\/2020\/08\/Consulta_Hernan-Milla.jpg?resize=300%2C258&amp;ssl=1 300w, https:\/\/i0.wp.com\/eltrabajo.cl\/portal\/wp-content\/uploads\/2020\/08\/Consulta_Hernan-Milla.jpg?resize=174%2C150&amp;ssl=1 174w\" sizes=\"auto, (max-width: 580px) 100vw, 580px\" \/><figcaption id=\"caption-attachment-101979\" class=\"wp-caption-text\">Hern\u00e1n Milla (El Gringo): \u00abEsta situaci\u00f3n de tener a un alcalde destituido nos desfavorece a todos como comuna, como provincia, pues parece que esto sea una guerra de los concejales Patricia Boffa y Christian Beals para llegar al poder\u00bb.<\/figcaption><\/figure>\n<figure id=\"attachment_101980\" aria-describedby=\"caption-attachment-101980\" style=\"width: 580px\" class=\"wp-caption alignnone\"><img data-recalc-dims=\"1\" loading=\"lazy\" decoding=\"async\" class=\"size-full wp-image-101980\" src=\"https:\/\/i0.wp.com\/eltrabajo.cl\/portal\/wp-content\/uploads\/2020\/08\/Consulta_Jocelyn-Olivares.jpg?resize=580%2C498&#038;ssl=1\" alt=\"Jocelyn Olivares: \u00abQued\u00e9 Plop. En Algarrobal el alcalde nos ha ayudado mucho, sospecho que estas demandas debe ser algo turbio contra \u00e9l\u00bb.\" width=\"580\" height=\"498\" srcset=\"https:\/\/i0.wp.com\/eltrabajo.cl\/portal\/wp-content\/uploads\/2020\/08\/Consulta_Jocelyn-Olivares.jpg?w=580&amp;ssl=1 580w, https:\/\/i0.wp.com\/eltrabajo.cl\/portal\/wp-content\/uploads\/2020\/08\/Consulta_Jocelyn-Olivares.jpg?resize=300%2C258&amp;ssl=1 300w, https:\/\/i0.wp.com\/eltrabajo.cl\/portal\/wp-content\/uploads\/2020\/08\/Consulta_Jocelyn-Olivares.jpg?resize=175%2C150&amp;ssl=1 175w\" sizes=\"auto, (max-width: 580px) 100vw, 580px\" \/><figcaption id=\"caption-attachment-101980\" class=\"wp-caption-text\">Jocelyn Olivares: \u00abQued\u00e9 Plop. En Algarrobal el alcalde nos ha ayudado mucho, sospecho que estas demandas debe ser algo turbio contra \u00e9l\u00bb.<\/figcaption><\/figure>\n<figure id=\"attachment_101981\" aria-describedby=\"caption-attachment-101981\" style=\"width: 580px\" class=\"wp-caption alignnone\"><img data-recalc-dims=\"1\" loading=\"lazy\" decoding=\"async\" class=\"size-full wp-image-101981\" src=\"https:\/\/i0.wp.com\/eltrabajo.cl\/portal\/wp-content\/uploads\/2020\/08\/Consulta_Juan-Martinez.jpg?resize=580%2C499&#038;ssl=1\" alt=\"Juan Mart\u00ednez Candia: \u00abMe parece muy bien que las instituciones est\u00e9n funcionando, la labor de los concejales es fiscalizar y mejor me parece que hayan concejales que se atrevan a denunciar, en este caso de acuerdo a lo que me he informado, hab\u00edan situaciones que no estaban regidas a normas establecidas, por lo cual hicieron denuncia y un Tribunal las acogi\u00f3. Este dictamen no puedo objetarlo, como tampoco del derecho que tiene el alcalde de apelar y demostrar que hay un error. Lo que s\u00ed no me parece, son las descalificaciones personales de parte del alcalde Freire hacia los concejales\u00bb.\" width=\"580\" height=\"499\" srcset=\"https:\/\/i0.wp.com\/eltrabajo.cl\/portal\/wp-content\/uploads\/2020\/08\/Consulta_Juan-Martinez.jpg?w=580&amp;ssl=1 580w, https:\/\/i0.wp.com\/eltrabajo.cl\/portal\/wp-content\/uploads\/2020\/08\/Consulta_Juan-Martinez.jpg?resize=300%2C258&amp;ssl=1 300w, https:\/\/i0.wp.com\/eltrabajo.cl\/portal\/wp-content\/uploads\/2020\/08\/Consulta_Juan-Martinez.jpg?resize=174%2C150&amp;ssl=1 174w\" sizes=\"auto, (max-width: 580px) 100vw, 580px\" \/><figcaption id=\"caption-attachment-101981\" class=\"wp-caption-text\">Juan Mart\u00ednez Candia: \u00abMe parece muy bien que las instituciones est\u00e9n funcionando, la labor de los concejales es fiscalizar y mejor me parece que hayan concejales que se atrevan a denunciar, en este caso de acuerdo a lo que me he informado, hab\u00edan situaciones que no estaban regidas a normas establecidas, por lo cual hicieron denuncia y un Tribunal las acogi\u00f3. Este dictamen no puedo objetarlo, como tampoco del derecho que tiene el alcalde de apelar y demostrar que hay un error. Lo que s\u00ed no me parece, son las descalificaciones personales de parte del alcalde Freire hacia los concejales\u00bb.<\/figcaption><\/figure>\n<figure id=\"attachment_101982\" aria-describedby=\"caption-attachment-101982\" style=\"width: 580px\" class=\"wp-caption alignnone\"><img data-recalc-dims=\"1\" loading=\"lazy\" decoding=\"async\" class=\"size-full wp-image-101982\" src=\"https:\/\/i0.wp.com\/eltrabajo.cl\/portal\/wp-content\/uploads\/2020\/08\/Consulta_Marcela-Valdivia.jpg?resize=580%2C499&#038;ssl=1\" alt=\"Marcela Valdivia: \u00abNo me parece. Queda muy mal la ciudad, deber\u00edan al menos permitir que termine su periodo dignamente, las cosas no se logran as\u00ed a la mala\u00bb.\" width=\"580\" height=\"499\" srcset=\"https:\/\/i0.wp.com\/eltrabajo.cl\/portal\/wp-content\/uploads\/2020\/08\/Consulta_Marcela-Valdivia.jpg?w=580&amp;ssl=1 580w, https:\/\/i0.wp.com\/eltrabajo.cl\/portal\/wp-content\/uploads\/2020\/08\/Consulta_Marcela-Valdivia.jpg?resize=300%2C258&amp;ssl=1 300w, https:\/\/i0.wp.com\/eltrabajo.cl\/portal\/wp-content\/uploads\/2020\/08\/Consulta_Marcela-Valdivia.jpg?resize=174%2C150&amp;ssl=1 174w\" sizes=\"auto, (max-width: 580px) 100vw, 580px\" \/><figcaption id=\"caption-attachment-101982\" class=\"wp-caption-text\">Marcela Valdivia: \u00abNo me parece. Queda muy mal la ciudad, deber\u00edan al menos permitir que termine su periodo dignamente, las cosas no se logran as\u00ed a la mala\u00bb.<\/figcaption><\/figure>\n<figure id=\"attachment_101983\" aria-describedby=\"caption-attachment-101983\" style=\"width: 580px\" class=\"wp-caption alignnone\"><img data-recalc-dims=\"1\" loading=\"lazy\" decoding=\"async\" class=\"size-full wp-image-101983\" src=\"https:\/\/i0.wp.com\/eltrabajo.cl\/portal\/wp-content\/uploads\/2020\/08\/Consulta_Nury-Humeres.jpg?resize=580%2C499&#038;ssl=1\" alt=\"Nury Humeres: \u00abMe da lo mismo que lo destituyan, sin embargo es muy feo lo que est\u00e1 pasando, que lo echen de su cargo; eso nos deja como comuna como chaleco de mono como la mona\u00bb.\" width=\"580\" height=\"499\" srcset=\"https:\/\/i0.wp.com\/eltrabajo.cl\/portal\/wp-content\/uploads\/2020\/08\/Consulta_Nury-Humeres.jpg?w=580&amp;ssl=1 580w, https:\/\/i0.wp.com\/eltrabajo.cl\/portal\/wp-content\/uploads\/2020\/08\/Consulta_Nury-Humeres.jpg?resize=300%2C258&amp;ssl=1 300w, https:\/\/i0.wp.com\/eltrabajo.cl\/portal\/wp-content\/uploads\/2020\/08\/Consulta_Nury-Humeres.jpg?resize=174%2C150&amp;ssl=1 174w\" sizes=\"auto, (max-width: 580px) 100vw, 580px\" \/><figcaption id=\"caption-attachment-101983\" class=\"wp-caption-text\">Nury Humeres: \u00abMe da lo mismo que lo destituyan, sin embargo es muy feo lo que est\u00e1 pasando, que lo echen de su cargo; eso nos deja como comuna como chaleco de mono como la mona\u00bb.<\/figcaption><\/figure>\n<figure id=\"attachment_101984\" aria-describedby=\"caption-attachment-101984\" style=\"width: 580px\" class=\"wp-caption alignnone\"><img data-recalc-dims=\"1\" loading=\"lazy\" decoding=\"async\" class=\"size-full wp-image-101984\" src=\"https:\/\/i0.wp.com\/eltrabajo.cl\/portal\/wp-content\/uploads\/2020\/08\/Consulta_Pedro-Fuenzalida.jpg?resize=580%2C499&#038;ssl=1\" alt=\"Pedro Fuenzalida: \u00abCreo que el alcalde est\u00e1 haciendo bien su pega, no deber\u00edan destituirlo, ha hecho muchos cambios en la ciudad\u00bb.\" width=\"580\" height=\"499\" srcset=\"https:\/\/i0.wp.com\/eltrabajo.cl\/portal\/wp-content\/uploads\/2020\/08\/Consulta_Pedro-Fuenzalida.jpg?w=580&amp;ssl=1 580w, https:\/\/i0.wp.com\/eltrabajo.cl\/portal\/wp-content\/uploads\/2020\/08\/Consulta_Pedro-Fuenzalida.jpg?resize=300%2C258&amp;ssl=1 300w, https:\/\/i0.wp.com\/eltrabajo.cl\/portal\/wp-content\/uploads\/2020\/08\/Consulta_Pedro-Fuenzalida.jpg?resize=174%2C150&amp;ssl=1 174w\" sizes=\"auto, (max-width: 580px) 100vw, 580px\" \/><figcaption id=\"caption-attachment-101984\" class=\"wp-caption-text\">Pedro Fuenzalida: \u00abCreo que el alcalde est\u00e1 haciendo bien su pega, no deber\u00edan destituirlo, ha hecho muchos cambios en la ciudad\u00bb.<\/figcaption><\/figure>\n<figure id=\"attachment_101985\" aria-describedby=\"caption-attachment-101985\" style=\"width: 580px\" class=\"wp-caption alignnone\"><img data-recalc-dims=\"1\" loading=\"lazy\" decoding=\"async\" class=\"size-full wp-image-101985\" src=\"https:\/\/i0.wp.com\/eltrabajo.cl\/portal\/wp-content\/uploads\/2020\/08\/Consulta_Soledad-Escudero.jpg?resize=580%2C499&#038;ssl=1\" alt=\"Soledad Escudero: \u00abNo me parece justa esta destituci\u00f3n, lo que creo es que \u00e9l se ha dejado asesorar mal, pienso tambi\u00e9n que todo esto tiene que ver con los anhelos del doctor Christian Beals de llegar a ser alcalde de nuestra ciudad\u00bb.\" width=\"580\" height=\"499\" srcset=\"https:\/\/i0.wp.com\/eltrabajo.cl\/portal\/wp-content\/uploads\/2020\/08\/Consulta_Soledad-Escudero.jpg?w=580&amp;ssl=1 580w, https:\/\/i0.wp.com\/eltrabajo.cl\/portal\/wp-content\/uploads\/2020\/08\/Consulta_Soledad-Escudero.jpg?resize=300%2C258&amp;ssl=1 300w, https:\/\/i0.wp.com\/eltrabajo.cl\/portal\/wp-content\/uploads\/2020\/08\/Consulta_Soledad-Escudero.jpg?resize=174%2C150&amp;ssl=1 174w\" sizes=\"auto, (max-width: 580px) 100vw, 580px\" \/><figcaption id=\"caption-attachment-101985\" class=\"wp-caption-text\">Soledad Escudero: \u00abNo me parece justa esta destituci\u00f3n, lo que creo es que \u00e9l se ha dejado asesorar mal, pienso tambi\u00e9n que todo esto tiene que ver con los anhelos del doctor Christian Beals de llegar a ser alcalde de nuestra ciudad\u00bb.<\/figcaption><\/figure>\n","protected":false},"excerpt":{"rendered":"<p>Consulta Popular realizada por Diario El Trabajo: Muchas y distintas son las opiniones de los sanfelipe\u00f1os tras una Consulta Popular que Diario El Trabajo realiz\u00f3 este mi\u00e9rcoles en la ciudad de San&#8230;<\/p>\n","protected":false},"author":482,"featured_media":101977,"comment_status":"closed","ping_status":"open","sticky":false,"template":"","format":"standard","meta":{"advanced_seo_description":"","jetpack_seo_html_title":"","jetpack_seo_noindex":false,"_jetpack_memberships_contains_paid_content":false,"footnotes":""},"categories":[15],"tags":[],"class_list":["post-101976","post","type-post","status-publish","format-standard","has-post-thumbnail","hentry","category-comunidad"],"jetpack_featured_media_url":"https:\/\/i0.wp.com\/eltrabajo.cl\/portal\/wp-content\/uploads\/2020\/08\/Consulta1.jpg?fit=580%2C359&ssl=1","jetpack_sharing_enabled":true,"jetpack_likes_enabled":true,"jetpack-related-posts":[],"_links":{"self":[{"href":"https:\/\/eltrabajo.cl\/portal\/wp-json\/wp\/v2\/posts\/101976","targetHints":{"allow":["GET"]}}],"collection":[{"href":"https:\/\/eltrabajo.cl\/portal\/wp-json\/wp\/v2\/posts"}],"about":[{"href":"https:\/\/eltrabajo.cl\/portal\/wp-json\/wp\/v2\/types\/post"}],"author":[{"embeddable":true,"href":"https:\/\/eltrabajo.cl\/portal\/wp-json\/wp\/v2\/users\/482"}],"replies":[{"embeddable":true,"href":"https:\/\/eltrabajo.cl\/portal\/wp-json\/wp\/v2\/comments?post=101976"}],"version-history":[{"count":0,"href":"https:\/\/eltrabajo.cl\/portal\/wp-json\/wp\/v2\/posts\/101976\/revisions"}],"wp:featuredmedia":[{"embeddable":true,"href":"https:\/\/eltrabajo.cl\/portal\/wp-json\/wp\/v2\/media\/101977"}],"wp:attachment":[{"href":"https:\/\/eltrabajo.cl\/portal\/wp-json\/wp\/v2\/media?parent=101976"}],"wp:term":[{"taxonomy":"category","embeddable":true,"href":"https:\/\/eltrabajo.cl\/portal\/wp-json\/wp\/v2\/categories?post=101976"},{"taxonomy":"post_tag","embeddable":true,"href":"https:\/\/eltrabajo.cl\/portal\/wp-json\/wp\/v2\/tags?post=101976"}],"curies":[{"name":"wp","href":"https:\/\/api.w.org\/{rel}","templated":true}]}}