{"id":101987,"date":"2020-08-13T07:40:47","date_gmt":"2020-08-13T11:40:47","guid":{"rendered":"https:\/\/www.eltrabajo.cl\/portal\/?p=101987"},"modified":"2020-08-12T21:03:23","modified_gmt":"2020-08-13T01:03:23","slug":"unos-4-mil-vecinos-recibieron-modernas-alarmas-comunitarias-para-sus-barrios","status":"publish","type":"post","link":"https:\/\/eltrabajo.cl\/portal\/unos-4-mil-vecinos-recibieron-modernas-alarmas-comunitarias-para-sus-barrios\/","title":{"rendered":"Unos 4 mil vecinos recibieron modernas alarmas comunitarias para sus barrios"},"content":{"rendered":"<ul style=\"text-align: justify;\">\n<li style=\"text-align: left;\"><strong>Los dispositivos de \u00faltima generaci\u00f3n permiten accionar una alarma mediante un pulsador y a la vez identificar la vivienda que se encuentra en problemas, gracias a un panel LED que est\u00e1 instalado en las cercan\u00edas.<\/strong><\/li>\n<\/ul>\n<p style=\"text-align: justify;\">Casi cuatro mil alarmas comunitarias de alto est\u00e1ndar instalaron en distintos sectores de la comuna. Esta iniciativa est\u00e1 inmersa en el proyecto \u2018En San Felipe, barrios m\u00e1s organizados, son barrios m\u00e1s seguros\u2019, de la Oficina de Seguridad P\u00fablica del municipio y financiado por la Subsecretar\u00eda de Prevenci\u00f3n del Delito por un monto que supera los $30 millones de pesos.<\/p>\n<p style=\"text-align: justify;\">En rigor, se trat\u00f3 de la instalaci\u00f3n de 177 centrales de alarma y el mismo n\u00famero de paneles LED que accionan una bocina e identifican con un n\u00famero \u00fanico cada vez que los vecinos activan un pulsador, de esa manera, pueden saber cu\u00e1l es la\u00a0 casa del sector que se encuentra en problemas.<\/p>\n<p style=\"text-align: justify;\">\u00ab<em>Estamos muy contentos porque estamos junto a dirigentes empoderados y hoy, nos estamos entregando estos pulsadores y explic\u00e1ndoles a los vecinos el funcionamiento de estas alarmas, porque lo que queremos es que entre todos formemos comunidad y nos apoyemos para generar mejores medidas de seguridad. Eso nos pone muy contentos\u00bb,<\/em> se\u00f1al\u00f3 el alcalde <strong>Patricio Freire<\/strong>.<\/p>\n<p style=\"text-align: justify;\">La ejecuci\u00f3n de este proyecto demor\u00f3 10 meses y se focaliz\u00f3 en ocho barrios del sector norponiente de la comuna: Villa Aconcagua, Los Graneros I y II, Poblaci\u00f3n San Felipe II, Villa El Esplendor, La Do\u00f1ita, Las Acacias I y II y San Francisco.<\/p>\n<p style=\"text-align: justify;\">\u00ab<em>Estamos entregando estos pulsadores que activan las alarmas comunitarias de segunda generaci\u00f3n, les llamamos as\u00ed porque traen un panel LED que identifica qui\u00e9n acciona la alarma; eso implica que muchas de las malas experiencias que tuvimos con la primera experiencia, la pudimos corregir. Son muchos los sectores que fueron beneficiados, que corresponde a la Subsecretar\u00eda de Prevenci\u00f3n del Delito. As\u00ed que estamos muy contentos con estos dispositivos que entregar\u00e1n mayor seguridad a los sectores\u00bb,<\/em> se\u00f1al\u00f3 <strong>Alexis Guerrero<\/strong>, coordinador de seguridad p\u00fablica del municipio.<\/p>\n<p style=\"text-align: justify;\">En total, son 1.325 pulsadores que fueron entregados y benefici\u00f3 a casi cuatro mil habitantes de la comuna, los que a contar de este martes ya tienen un nuevo sistema para articularse como comunidad para sentirse m\u00e1s seguros. As\u00ed lo se\u00f1al\u00f3 el presidente de la junta de vecinos de la Poblaci\u00f3n San Felipe, <strong>Roberto S\u00e1ez<\/strong>, quien se mostr\u00f3 muy conforme con la entrega, <em>\u00abya que ac\u00e1 ha habido muchos robos y estas alarmas nos ayudar\u00e1n en la seguridad. Quiero agradecer al alcalde y a todo el equipo municipal por entregarnos estos dispositivos\u00bb,<\/em> manifest\u00f3.<\/p>\n<figure id=\"attachment_101988\" aria-describedby=\"caption-attachment-101988\" style=\"width: 580px\" class=\"wp-caption alignnone\"><img data-recalc-dims=\"1\" loading=\"lazy\" decoding=\"async\" class=\"size-full wp-image-101988\" src=\"https:\/\/i0.wp.com\/eltrabajo.cl\/portal\/wp-content\/uploads\/2020\/08\/alarmas-comunitarias.jpg?resize=580%2C359&#038;ssl=1\" alt=\"Las nuevas alarmas cuentan con un panel LED que identifica con un n\u00famero \u00fanico al vecino que activa un pulsador, de manera de saber cu\u00e1l es la  casa que se encuentra en problemas.\" width=\"580\" height=\"359\" srcset=\"https:\/\/i0.wp.com\/eltrabajo.cl\/portal\/wp-content\/uploads\/2020\/08\/alarmas-comunitarias.jpg?w=580&amp;ssl=1 580w, https:\/\/i0.wp.com\/eltrabajo.cl\/portal\/wp-content\/uploads\/2020\/08\/alarmas-comunitarias.jpg?resize=300%2C186&amp;ssl=1 300w, https:\/\/i0.wp.com\/eltrabajo.cl\/portal\/wp-content\/uploads\/2020\/08\/alarmas-comunitarias.jpg?resize=200%2C124&amp;ssl=1 200w\" sizes=\"auto, (max-width: 580px) 100vw, 580px\" \/><figcaption id=\"caption-attachment-101988\" class=\"wp-caption-text\">Las nuevas alarmas cuentan con un panel LED que identifica con un n\u00famero \u00fanico al vecino que activa un pulsador, de manera de saber cu\u00e1l es la casa que se encuentra en problemas.<\/figcaption><\/figure>\n","protected":false},"excerpt":{"rendered":"<p>Los dispositivos de \u00faltima generaci\u00f3n permiten accionar una alarma mediante un pulsador y a la vez identificar la vivienda que se encuentra en problemas, gracias a un panel LED que est\u00e1 instalado&#8230;<\/p>\n","protected":false},"author":482,"featured_media":101988,"comment_status":"closed","ping_status":"open","sticky":false,"template":"","format":"standard","meta":{"advanced_seo_description":"","jetpack_seo_html_title":"","jetpack_seo_noindex":false,"_jetpack_memberships_contains_paid_content":false,"footnotes":""},"categories":[103],"tags":[],"class_list":["post-101987","post","type-post","status-publish","format-standard","has-post-thumbnail","hentry","category-cronica-2"],"jetpack_featured_media_url":"https:\/\/i0.wp.com\/eltrabajo.cl\/portal\/wp-content\/uploads\/2020\/08\/alarmas-comunitarias.jpg?fit=580%2C359&ssl=1","jetpack_sharing_enabled":true,"jetpack_likes_enabled":true,"jetpack-related-posts":[],"_links":{"self":[{"href":"https:\/\/eltrabajo.cl\/portal\/wp-json\/wp\/v2\/posts\/101987","targetHints":{"allow":["GET"]}}],"collection":[{"href":"https:\/\/eltrabajo.cl\/portal\/wp-json\/wp\/v2\/posts"}],"about":[{"href":"https:\/\/eltrabajo.cl\/portal\/wp-json\/wp\/v2\/types\/post"}],"author":[{"embeddable":true,"href":"https:\/\/eltrabajo.cl\/portal\/wp-json\/wp\/v2\/users\/482"}],"replies":[{"embeddable":true,"href":"https:\/\/eltrabajo.cl\/portal\/wp-json\/wp\/v2\/comments?post=101987"}],"version-history":[{"count":0,"href":"https:\/\/eltrabajo.cl\/portal\/wp-json\/wp\/v2\/posts\/101987\/revisions"}],"wp:featuredmedia":[{"embeddable":true,"href":"https:\/\/eltrabajo.cl\/portal\/wp-json\/wp\/v2\/media\/101988"}],"wp:attachment":[{"href":"https:\/\/eltrabajo.cl\/portal\/wp-json\/wp\/v2\/media?parent=101987"}],"wp:term":[{"taxonomy":"category","embeddable":true,"href":"https:\/\/eltrabajo.cl\/portal\/wp-json\/wp\/v2\/categories?post=101987"},{"taxonomy":"post_tag","embeddable":true,"href":"https:\/\/eltrabajo.cl\/portal\/wp-json\/wp\/v2\/tags?post=101987"}],"curies":[{"name":"wp","href":"https:\/\/api.w.org\/{rel}","templated":true}]}}