{"id":101995,"date":"2020-08-13T08:00:59","date_gmt":"2020-08-13T12:00:59","guid":{"rendered":"https:\/\/www.eltrabajo.cl\/portal\/?p=101995"},"modified":"2020-08-12T21:14:34","modified_gmt":"2020-08-13T01:14:34","slug":"salva-de-milagro-tras-estallar-el-furgon-que-conducia","status":"publish","type":"post","link":"https:\/\/eltrabajo.cl\/portal\/salva-de-milagro-tras-estallar-el-furgon-que-conducia\/","title":{"rendered":"Salva de milagro tras estallar el furg\u00f3n que conduc\u00eda"},"content":{"rendered":"<p style=\"text-align: left;\"><span style=\"color: #c81400;\"><strong>En instantes su mundo eran s\u00f3lo llamas:<\/strong><\/span><\/p>\n<p style=\"text-align: justify;\"><strong>Al filo de las 18:00 horas ocurri\u00f3<\/strong>. El conductor de un furg\u00f3n debi\u00f3 bajarse r\u00e1pidamente para no morir calcinado en su interior, tras percatarse que su veh\u00edculo ya estaba envuelto en llamas en apenas unos segundos despu\u00e9s del chispazo inicial, reflejos que le permitieron salvar su vida y ponerse a salvo a metros del infernal escenario. Este accidente ocurri\u00f3 a un costado del Estadio Fiscal en calle Bueras. Al parecer un corto circuito hizo estallar el tanque de combustible y \u00e9ste ardi\u00f3 inmediatamente.<\/p>\n<p style=\"text-align: justify;\">\u00ab<em>No pude hacer nada, de pronto todo estaba en llamas, apenas pude salir, no ten\u00eda a la mano algo para combatir las llamas, era mi furg\u00f3n y ahora ni hablar<\/em>\u00bb, nos coment\u00f3 el conductor tras ser apagado su veh\u00edculo de trabajo.<\/p>\n<p style=\"text-align: justify;\">Cuando una unidad de la Primera Compa\u00f1\u00eda de Bomberos acudi\u00f3 en pocos minutos al lugar, las c\u00e1maras de <strong>Diario El Trabajo <\/strong>ya estaban ah\u00ed, registrando el peligro y tambi\u00e9n resguard\u00e1ndonos de una eventual explosi\u00f3n que pudiera afectar a las personas que estaban observando con horror el lamentable percance.<\/p>\n<p style=\"text-align: justify;\">No se registraron personas heridas, las p\u00e9rdidas materiales fueron totales y se estima preliminarmente que el estallido del furg\u00f3n estar\u00eda relacionado con un circuito el\u00e9ctrico del mismo veh\u00edculo.<\/p>\n<p style=\"text-align: justify;\"><strong>Roberto Gonz\u00e1lez Short<\/strong><\/p>\n<figure id=\"attachment_101996\" aria-describedby=\"caption-attachment-101996\" style=\"width: 580px\" class=\"wp-caption alignnone\"><img data-recalc-dims=\"1\" loading=\"lazy\" decoding=\"async\" class=\"size-full wp-image-101996\" src=\"https:\/\/i0.wp.com\/eltrabajo.cl\/portal\/wp-content\/uploads\/2020\/08\/Furgon1.jpg?resize=580%2C358&#038;ssl=1\" alt=\"EL ESTALLIDO.- El conductor de este furg\u00f3n no tuvo tiempo para controlar las llamas, debi\u00f3 saltar de su asiento para ponerse a salvo.\" width=\"580\" height=\"358\" srcset=\"https:\/\/i0.wp.com\/eltrabajo.cl\/portal\/wp-content\/uploads\/2020\/08\/Furgon1.jpg?w=580&amp;ssl=1 580w, https:\/\/i0.wp.com\/eltrabajo.cl\/portal\/wp-content\/uploads\/2020\/08\/Furgon1.jpg?resize=300%2C185&amp;ssl=1 300w, https:\/\/i0.wp.com\/eltrabajo.cl\/portal\/wp-content\/uploads\/2020\/08\/Furgon1.jpg?resize=200%2C123&amp;ssl=1 200w\" sizes=\"auto, (max-width: 580px) 100vw, 580px\" \/><figcaption id=\"caption-attachment-101996\" class=\"wp-caption-text\">EL ESTALLIDO.- El conductor de este furg\u00f3n no tuvo tiempo para controlar las llamas, debi\u00f3 saltar de su asiento para ponerse a salvo.<\/figcaption><\/figure>\n<figure id=\"attachment_101997\" aria-describedby=\"caption-attachment-101997\" style=\"width: 580px\" class=\"wp-caption alignnone\"><img data-recalc-dims=\"1\" loading=\"lazy\" decoding=\"async\" class=\"size-full wp-image-101997\" src=\"https:\/\/i0.wp.com\/eltrabajo.cl\/portal\/wp-content\/uploads\/2020\/08\/Furgon2.jpg?resize=580%2C360&#038;ssl=1\" alt=\"P\u00c9RDIDAS TOTALES.- R\u00e1pidamente bomberos de la Primera Compa\u00f1\u00eda llegaron al lugar, pero ya el furg\u00f3n estaba inservible.\" width=\"580\" height=\"360\" srcset=\"https:\/\/i0.wp.com\/eltrabajo.cl\/portal\/wp-content\/uploads\/2020\/08\/Furgon2.jpg?w=580&amp;ssl=1 580w, https:\/\/i0.wp.com\/eltrabajo.cl\/portal\/wp-content\/uploads\/2020\/08\/Furgon2.jpg?resize=300%2C186&amp;ssl=1 300w, https:\/\/i0.wp.com\/eltrabajo.cl\/portal\/wp-content\/uploads\/2020\/08\/Furgon2.jpg?resize=200%2C124&amp;ssl=1 200w\" sizes=\"auto, (max-width: 580px) 100vw, 580px\" \/><figcaption id=\"caption-attachment-101997\" class=\"wp-caption-text\">P\u00c9RDIDAS TOTALES.- R\u00e1pidamente bomberos de la Primera Compa\u00f1\u00eda llegaron al lugar, pero ya el furg\u00f3n estaba inservible.<\/figcaption><\/figure>\n<figure id=\"attachment_101998\" aria-describedby=\"caption-attachment-101998\" style=\"width: 580px\" class=\"wp-caption alignnone\"><img data-recalc-dims=\"1\" loading=\"lazy\" decoding=\"async\" class=\"size-full wp-image-101998\" src=\"https:\/\/i0.wp.com\/eltrabajo.cl\/portal\/wp-content\/uploads\/2020\/08\/furgon3.jpg?resize=580%2C360&#038;ssl=1\" alt=\"LAMENTABLE ATARDECER.- Nada pudo rescatar de sus herramientas y documentos el due\u00f1o del furg\u00f3n, todo qued\u00f3 hecho cenizas.\" width=\"580\" height=\"360\" srcset=\"https:\/\/i0.wp.com\/eltrabajo.cl\/portal\/wp-content\/uploads\/2020\/08\/furgon3.jpg?w=580&amp;ssl=1 580w, https:\/\/i0.wp.com\/eltrabajo.cl\/portal\/wp-content\/uploads\/2020\/08\/furgon3.jpg?resize=300%2C186&amp;ssl=1 300w, https:\/\/i0.wp.com\/eltrabajo.cl\/portal\/wp-content\/uploads\/2020\/08\/furgon3.jpg?resize=200%2C124&amp;ssl=1 200w\" sizes=\"auto, (max-width: 580px) 100vw, 580px\" \/><figcaption id=\"caption-attachment-101998\" class=\"wp-caption-text\">LAMENTABLE ATARDECER.- Nada pudo rescatar de sus herramientas y documentos el due\u00f1o del furg\u00f3n, todo qued\u00f3 hecho cenizas.<\/figcaption><\/figure>\n<figure id=\"attachment_101999\" aria-describedby=\"caption-attachment-101999\" style=\"width: 580px\" class=\"wp-caption alignnone\"><img data-recalc-dims=\"1\" loading=\"lazy\" decoding=\"async\" class=\"size-full wp-image-101999\" src=\"https:\/\/i0.wp.com\/eltrabajo.cl\/portal\/wp-content\/uploads\/2020\/08\/Furgon4.jpg?resize=580%2C360&#038;ssl=1\" alt=\"CABALLEROS DEL FUEGO.- Las c\u00e1maras de Diario El Trabajo registraron cada paso del procedimiento de estos bomberos en el lugar.\" width=\"580\" height=\"360\" srcset=\"https:\/\/i0.wp.com\/eltrabajo.cl\/portal\/wp-content\/uploads\/2020\/08\/Furgon4.jpg?w=580&amp;ssl=1 580w, https:\/\/i0.wp.com\/eltrabajo.cl\/portal\/wp-content\/uploads\/2020\/08\/Furgon4.jpg?resize=300%2C186&amp;ssl=1 300w, https:\/\/i0.wp.com\/eltrabajo.cl\/portal\/wp-content\/uploads\/2020\/08\/Furgon4.jpg?resize=200%2C124&amp;ssl=1 200w\" sizes=\"auto, (max-width: 580px) 100vw, 580px\" \/><figcaption id=\"caption-attachment-101999\" class=\"wp-caption-text\">CABALLEROS DEL FUEGO.- Las c\u00e1maras de Diario El Trabajo registraron cada paso del procedimiento de estos bomberos en el lugar.<\/figcaption><\/figure>\n","protected":false},"excerpt":{"rendered":"<p>En instantes su mundo eran s\u00f3lo llamas: Al filo de las 18:00 horas ocurri\u00f3. El conductor de un furg\u00f3n debi\u00f3 bajarse r\u00e1pidamente para no morir calcinado en su interior, tras percatarse que&#8230;<\/p>\n","protected":false},"author":482,"featured_media":101998,"comment_status":"closed","ping_status":"open","sticky":false,"template":"","format":"standard","meta":{"advanced_seo_description":"","jetpack_seo_html_title":"","jetpack_seo_noindex":false,"_jetpack_memberships_contains_paid_content":false,"footnotes":""},"categories":[21],"tags":[],"class_list":["post-101995","post","type-post","status-publish","format-standard","has-post-thumbnail","hentry","category-policial"],"jetpack_featured_media_url":"https:\/\/i0.wp.com\/eltrabajo.cl\/portal\/wp-content\/uploads\/2020\/08\/furgon3.jpg?fit=580%2C360&ssl=1","jetpack_sharing_enabled":true,"jetpack_likes_enabled":true,"jetpack-related-posts":[],"_links":{"self":[{"href":"https:\/\/eltrabajo.cl\/portal\/wp-json\/wp\/v2\/posts\/101995","targetHints":{"allow":["GET"]}}],"collection":[{"href":"https:\/\/eltrabajo.cl\/portal\/wp-json\/wp\/v2\/posts"}],"about":[{"href":"https:\/\/eltrabajo.cl\/portal\/wp-json\/wp\/v2\/types\/post"}],"author":[{"embeddable":true,"href":"https:\/\/eltrabajo.cl\/portal\/wp-json\/wp\/v2\/users\/482"}],"replies":[{"embeddable":true,"href":"https:\/\/eltrabajo.cl\/portal\/wp-json\/wp\/v2\/comments?post=101995"}],"version-history":[{"count":0,"href":"https:\/\/eltrabajo.cl\/portal\/wp-json\/wp\/v2\/posts\/101995\/revisions"}],"wp:featuredmedia":[{"embeddable":true,"href":"https:\/\/eltrabajo.cl\/portal\/wp-json\/wp\/v2\/media\/101998"}],"wp:attachment":[{"href":"https:\/\/eltrabajo.cl\/portal\/wp-json\/wp\/v2\/media?parent=101995"}],"wp:term":[{"taxonomy":"category","embeddable":true,"href":"https:\/\/eltrabajo.cl\/portal\/wp-json\/wp\/v2\/categories?post=101995"},{"taxonomy":"post_tag","embeddable":true,"href":"https:\/\/eltrabajo.cl\/portal\/wp-json\/wp\/v2\/tags?post=101995"}],"curies":[{"name":"wp","href":"https:\/\/api.w.org\/{rel}","templated":true}]}}