{"id":102008,"date":"2020-08-13T21:26:38","date_gmt":"2020-08-14T01:26:38","guid":{"rendered":"https:\/\/www.eltrabajo.cl\/portal\/?p=102008"},"modified":"2020-08-13T21:26:38","modified_gmt":"2020-08-14T01:26:38","slug":"llaman-a-postular-a-subsidio-de-arriendo-especial-para-clase-media-del-minvu","status":"publish","type":"post","link":"https:\/\/eltrabajo.cl\/portal\/llaman-a-postular-a-subsidio-de-arriendo-especial-para-clase-media-del-minvu\/","title":{"rendered":"Llaman a postular a subsidio de arriendo especial para clase media del Minvu"},"content":{"rendered":"<p style=\"text-align: left;\"><span style=\"color: #c81400;\"><strong>Este 24 de agosto vence el p<\/strong><\/span><span style=\"color: #c81400;\"><strong>lazo:<\/strong><\/span><\/p>\n<p style=\"text-align: justify;\">Un llamado a postular antes del 24 de agosto al Subsidio de Arriendo Especial Clase Media del Ministerio de Vivienda y Urbanismo, realiz\u00f3 el gobernador (s) de la provincia de San Felipe, <strong>Humberto Lepe<\/strong>, a todas aquellas familias que hayan visto afectados sus ingresos a consecuencia de la pandemia por Coronavirus.<\/p>\n<p style=\"text-align: justify;\">\u00ab<em>Un especial llamado a todos los vecinos que arriendan y han tenido alg\u00fan nivel de afectaci\u00f3n en sus ingresos y que supere el 30%, para que postulen a este subsidio de arriendo que los va a ayudar hasta en un 70% del valor total. Lo importante es que tengan claro que ese plazo vence ahora el 24 de agosto, por lo tanto tienen que postular lo antes posible\u00bb,<\/em> reconoci\u00f3 la autoridad provincial.<\/p>\n<p style=\"text-align: justify;\">Cabe destacar que con el prop\u00f3sito de evitar aglomeraciones y posibilidades de contagio de Covid-19, en esta oportunidad se habilitaron s\u00f3lo v\u00edas remotas para realizar esta postulaci\u00f3n, la que se puede presentar en la p\u00e1gina web www.minvu.cl. Adem\u00e1s, se ha dispuesto de asistencia remota a la postulaci\u00f3n en l\u00ednea a trav\u00e9s de redes sociales y asistencia telef\u00f3nica de Minvu Al\u00f3: 600 901 11 11 (desde tel\u00e9fono fijo) y 22 901 1111 (desde celulares).<\/p>\n<p style=\"text-align: justify;\">Asimismo, el gobernador destac\u00f3 que se ha flexibilizado el proceso, dejando fuera la presentaci\u00f3n de algunos antecedentes.\u00a0 <em>\u00abYa no se piden varios aspectos que estaban antes, los postulantes ya no necesitan contratos firmados ante notario, ni tener evaluaci\u00f3n social, por lo tanto, aprovechen esta oportunidad, no dejen pasar el tiempo, porque es una tremenda ayuda en estos tiempos que estamos viviendo\u00bb,<\/em> precis\u00f3.<\/p>\n<p style=\"text-align: justify;\">De esta manera, se espera puedan obtener este importante beneficio tambi\u00e9n las\u00a0 familias de este grupo que no cuentan con Registro Social de Hogares y bajo un proceso normal estar\u00edan quedando fuera de esta ayuda estatal.<\/p>\n<p style=\"text-align: justify;\">Es as\u00ed como se espera que un total de 100 mil familias a nivel nacional sean favorecidas con este beneficio, el que considera un subsidio de hasta 250 mil pesos para arriendos de hasta 600 mil pesos.<\/p>\n<figure id=\"attachment_102009\" aria-describedby=\"caption-attachment-102009\" style=\"width: 580px\" class=\"wp-caption alignnone\"><img data-recalc-dims=\"1\" loading=\"lazy\" decoding=\"async\" class=\"size-full wp-image-102009\" src=\"https:\/\/i0.wp.com\/eltrabajo.cl\/portal\/wp-content\/uploads\/2020\/08\/humberto-lepe.jpg?resize=580%2C360&#038;ssl=1\" alt=\"El gobernador (s) de San Felipe, Humberto Lepe, hizo un llamado a participar a las familias que se hayan visto afectadas con la disminuci\u00f3n de sus ingresos.\" width=\"580\" height=\"360\" srcset=\"https:\/\/i0.wp.com\/eltrabajo.cl\/portal\/wp-content\/uploads\/2020\/08\/humberto-lepe.jpg?w=580&amp;ssl=1 580w, https:\/\/i0.wp.com\/eltrabajo.cl\/portal\/wp-content\/uploads\/2020\/08\/humberto-lepe.jpg?resize=300%2C186&amp;ssl=1 300w, https:\/\/i0.wp.com\/eltrabajo.cl\/portal\/wp-content\/uploads\/2020\/08\/humberto-lepe.jpg?resize=200%2C124&amp;ssl=1 200w\" sizes=\"auto, (max-width: 580px) 100vw, 580px\" \/><figcaption id=\"caption-attachment-102009\" class=\"wp-caption-text\">El gobernador (s) de San Felipe, Humberto Lepe, hizo un llamado a participar a las familias que se hayan visto afectadas con la disminuci\u00f3n de sus ingresos.<\/figcaption><\/figure>\n","protected":false},"excerpt":{"rendered":"<p>Este 24 de agosto vence el plazo: Un llamado a postular antes del 24 de agosto al Subsidio de Arriendo Especial Clase Media del Ministerio de Vivienda y Urbanismo, realiz\u00f3 el gobernador&#8230;<\/p>\n","protected":false},"author":482,"featured_media":102009,"comment_status":"closed","ping_status":"open","sticky":false,"template":"","format":"standard","meta":{"advanced_seo_description":"","jetpack_seo_html_title":"","jetpack_seo_noindex":false,"_jetpack_memberships_contains_paid_content":false,"footnotes":""},"categories":[105,103],"tags":[],"class_list":["post-102008","post","type-post","status-publish","format-standard","has-post-thumbnail","hentry","category-covid-19","category-cronica-2"],"jetpack_featured_media_url":"https:\/\/i0.wp.com\/eltrabajo.cl\/portal\/wp-content\/uploads\/2020\/08\/humberto-lepe.jpg?fit=580%2C360&ssl=1","jetpack_sharing_enabled":true,"jetpack_likes_enabled":true,"jetpack-related-posts":[],"_links":{"self":[{"href":"https:\/\/eltrabajo.cl\/portal\/wp-json\/wp\/v2\/posts\/102008","targetHints":{"allow":["GET"]}}],"collection":[{"href":"https:\/\/eltrabajo.cl\/portal\/wp-json\/wp\/v2\/posts"}],"about":[{"href":"https:\/\/eltrabajo.cl\/portal\/wp-json\/wp\/v2\/types\/post"}],"author":[{"embeddable":true,"href":"https:\/\/eltrabajo.cl\/portal\/wp-json\/wp\/v2\/users\/482"}],"replies":[{"embeddable":true,"href":"https:\/\/eltrabajo.cl\/portal\/wp-json\/wp\/v2\/comments?post=102008"}],"version-history":[{"count":0,"href":"https:\/\/eltrabajo.cl\/portal\/wp-json\/wp\/v2\/posts\/102008\/revisions"}],"wp:featuredmedia":[{"embeddable":true,"href":"https:\/\/eltrabajo.cl\/portal\/wp-json\/wp\/v2\/media\/102009"}],"wp:attachment":[{"href":"https:\/\/eltrabajo.cl\/portal\/wp-json\/wp\/v2\/media?parent=102008"}],"wp:term":[{"taxonomy":"category","embeddable":true,"href":"https:\/\/eltrabajo.cl\/portal\/wp-json\/wp\/v2\/categories?post=102008"},{"taxonomy":"post_tag","embeddable":true,"href":"https:\/\/eltrabajo.cl\/portal\/wp-json\/wp\/v2\/tags?post=102008"}],"curies":[{"name":"wp","href":"https:\/\/api.w.org\/{rel}","templated":true}]}}