{"id":102011,"date":"2020-08-13T21:29:20","date_gmt":"2020-08-14T01:29:20","guid":{"rendered":"https:\/\/www.eltrabajo.cl\/portal\/?p=102011"},"modified":"2020-08-13T21:29:20","modified_gmt":"2020-08-14T01:29:20","slug":"alcalde-patricio-freire-fue-notificado-por-cedula-y-se-encuentra-suspendido","status":"publish","type":"post","link":"https:\/\/eltrabajo.cl\/portal\/alcalde-patricio-freire-fue-notificado-por-cedula-y-se-encuentra-suspendido\/","title":{"rendered":"Alcalde Patricio Freire fue notificado por c\u00e9dula y se encuentra suspendido"},"content":{"rendered":"<p style=\"text-align: justify;\">La tarde de ayer en la Municipalidad de San Felipe se concret\u00f3 la notificaci\u00f3n al alcalde <strong>Patricio Freire Canto<\/strong>, la cual se realiz\u00f3 mediante c\u00e9dula, siendo recibida por un guardia del edificio consistorial.<\/p>\n<p style=\"text-align: justify;\">Cumplido el tr\u00e1mite legal, el alcalde Freire queda autom\u00e1ticamente suspendido de sus funciones, teniendo la posibilidad de apelar a la resoluci\u00f3n del Tribunal Electoral Regional que lo removi\u00f3 de su cargo por notable abandono de deberes.<\/p>\n<p style=\"text-align: justify;\">A partir de ahora el cargo queda en manos del Secplac Claudio Paredes, mientras Freire ya anunci\u00f3 que apelar\u00eda y seg\u00fan fuentes extraoficiales, tendr\u00eda bastantes posibilidades de revertir la medida que le afecta.<\/p>\n<figure id=\"attachment_100880\" aria-describedby=\"caption-attachment-100880\" style=\"width: 580px\" class=\"wp-caption alignnone\"><img data-recalc-dims=\"1\" loading=\"lazy\" decoding=\"async\" class=\"size-full wp-image-100880\" src=\"https:\/\/i0.wp.com\/eltrabajo.cl\/portal\/wp-content\/uploads\/2020\/07\/Distinciones_Patricio-Freire.jpg?resize=580%2C598&#038;ssl=1\" alt=\"Patricio Freire Canto, alcalde de San Felipe.\" width=\"580\" height=\"598\" srcset=\"https:\/\/i0.wp.com\/eltrabajo.cl\/portal\/wp-content\/uploads\/2020\/07\/Distinciones_Patricio-Freire.jpg?w=580&amp;ssl=1 580w, https:\/\/i0.wp.com\/eltrabajo.cl\/portal\/wp-content\/uploads\/2020\/07\/Distinciones_Patricio-Freire.jpg?resize=291%2C300&amp;ssl=1 291w, https:\/\/i0.wp.com\/eltrabajo.cl\/portal\/wp-content\/uploads\/2020\/07\/Distinciones_Patricio-Freire.jpg?resize=145%2C150&amp;ssl=1 145w\" sizes=\"auto, (max-width: 580px) 100vw, 580px\" \/><figcaption id=\"caption-attachment-100880\" class=\"wp-caption-text\">Patricio Freire Canto, alcalde de San Felipe.<\/figcaption><\/figure>\n","protected":false},"excerpt":{"rendered":"<p>La tarde de ayer en la Municipalidad de San Felipe se concret\u00f3 la notificaci\u00f3n al alcalde Patricio Freire Canto, la cual se realiz\u00f3 mediante c\u00e9dula, siendo recibida por un guardia del edificio&#8230;<\/p>\n","protected":false},"author":482,"featured_media":100880,"comment_status":"closed","ping_status":"open","sticky":false,"template":"","format":"standard","meta":{"advanced_seo_description":"","jetpack_seo_html_title":"","jetpack_seo_noindex":false,"_jetpack_memberships_contains_paid_content":false,"footnotes":""},"categories":[103],"tags":[],"class_list":["post-102011","post","type-post","status-publish","format-standard","has-post-thumbnail","hentry","category-cronica-2"],"jetpack_featured_media_url":"https:\/\/i0.wp.com\/eltrabajo.cl\/portal\/wp-content\/uploads\/2020\/07\/Distinciones_Patricio-Freire.jpg?fit=580%2C598&ssl=1","jetpack_sharing_enabled":true,"jetpack_likes_enabled":true,"jetpack-related-posts":[],"_links":{"self":[{"href":"https:\/\/eltrabajo.cl\/portal\/wp-json\/wp\/v2\/posts\/102011","targetHints":{"allow":["GET"]}}],"collection":[{"href":"https:\/\/eltrabajo.cl\/portal\/wp-json\/wp\/v2\/posts"}],"about":[{"href":"https:\/\/eltrabajo.cl\/portal\/wp-json\/wp\/v2\/types\/post"}],"author":[{"embeddable":true,"href":"https:\/\/eltrabajo.cl\/portal\/wp-json\/wp\/v2\/users\/482"}],"replies":[{"embeddable":true,"href":"https:\/\/eltrabajo.cl\/portal\/wp-json\/wp\/v2\/comments?post=102011"}],"version-history":[{"count":0,"href":"https:\/\/eltrabajo.cl\/portal\/wp-json\/wp\/v2\/posts\/102011\/revisions"}],"wp:featuredmedia":[{"embeddable":true,"href":"https:\/\/eltrabajo.cl\/portal\/wp-json\/wp\/v2\/media\/100880"}],"wp:attachment":[{"href":"https:\/\/eltrabajo.cl\/portal\/wp-json\/wp\/v2\/media?parent=102011"}],"wp:term":[{"taxonomy":"category","embeddable":true,"href":"https:\/\/eltrabajo.cl\/portal\/wp-json\/wp\/v2\/categories?post=102011"},{"taxonomy":"post_tag","embeddable":true,"href":"https:\/\/eltrabajo.cl\/portal\/wp-json\/wp\/v2\/tags?post=102011"}],"curies":[{"name":"wp","href":"https:\/\/api.w.org\/{rel}","templated":true}]}}