{"id":102013,"date":"2020-08-14T07:40:56","date_gmt":"2020-08-14T11:40:56","guid":{"rendered":"https:\/\/www.eltrabajo.cl\/portal\/?p=102013"},"modified":"2020-08-13T21:32:57","modified_gmt":"2020-08-14T01:32:57","slug":"tras-un-ano-de-espera-84-familias-reciben-las-escrituras-de-sus-viviendas","status":"publish","type":"post","link":"https:\/\/eltrabajo.cl\/portal\/tras-un-ano-de-espera-84-familias-reciben-las-escrituras-de-sus-viviendas\/","title":{"rendered":"Tras un a\u00f1o de espera, 84 familias reciben las escrituras de sus viviendas"},"content":{"rendered":"<p style=\"text-align: left;\"><span style=\"color: #c81400;\"><strong>Villa Cumbres de Aconcagua:<\/strong><\/span><\/p>\n<p style=\"text-align: justify;\"><strong>SANTA MAR\u00cdA.-<\/strong> En el pasado quedaron muchos a\u00f1os de vivir como allegados o arrendando vivienda para 84 familias de Santa Mar\u00eda, las que ahorraron religiosamente hasta acumular el dinero necesario para comprar su terreno. El Serviu y Municipio fueron apoyando el proceso hasta que este s\u00e1bado 84 viviendas les fueron entregadas a estos vecinos. Naci\u00f3 as\u00ed hace un a\u00f1o <strong>Villa Cumbres de Aconcagua<\/strong>.<\/p>\n<p style=\"text-align: justify;\">\n<p style=\"text-align: justify;\"><span style=\"color: #c81400;\"><strong>YA EN SUS MANOS<\/strong><\/span><\/p>\n<p style=\"text-align: justify;\">Luego de la entrega de sus viviendas y tras un a\u00f1o us\u00e1ndolas sin tener en sus manos la correspondiente escritura, la tarde de este jueves por fin el importante documento les fue entregado.<\/p>\n<p style=\"text-align: justify;\">A la actividad llegaron autoridades de todos los niveles e instituciones como el Core Iv\u00e1n Reyes, el alcalde Claudio Zurita y el Concejo en Pleno, Patricia Boffa como encargada del Serviu a nivel de ambas provincias.<\/p>\n<p style=\"text-align: justify;\">\u00ab<em>Bueno, agradecer al Serviu que hoy d\u00eda podamos entregar los t\u00edtulos de dominio a los vecinos de esta nueva villa de nuestra comuna. Este es un proyecto emblem\u00e1tico en Santa Mar\u00eda, por fin estos vecinos son due\u00f1os de sus casas<\/em>\u00bb, coment\u00f3 a <strong>Diario El Trabajo<\/strong> el alcalde <strong>Claudio Zurita Ibarra<\/strong>.<\/p>\n<p style=\"text-align: justify;\">Por su parte <strong>Patricia Boffa<\/strong> <strong>Casas<\/strong>, encargada biprovincial del Serviu, coment\u00f3 que <em>\u00abesta es una historia que se cierra hoy d\u00eda, pero tambi\u00e9n comienza otra, porque estos vecinos ya con su escritura pueden volver a postular a los beneficios que entrega el Minvu a trav\u00e9s de los subsidios de Ampliaci\u00f3n y Mejoramiento, entre otros. Ellos con esta escritura pueden seguir postulando<\/em>\u00bb, dijo Boffa.<\/p>\n<p style=\"text-align: justify;\">A su vez la presidenta de la villa, <strong>Sindy Ram\u00edrez<\/strong>, agradeci\u00f3 a las autoridades: <em>\u00abFue casi un a\u00f1o esperando la escritura y por fin nos las entregaron hoy d\u00eda. Muchas gracias al alcalde Claudio Zurita, a la concejala Marisol Ponce quien nos acompa\u00f1\u00f3 en los siete a\u00f1os que dur\u00f3 el proceso<\/em>\u00bb, dijo la dirigenta.<\/p>\n<p style=\"text-align: justify;\"><strong>Roberto Gonz\u00e1lez Short<\/strong><\/p>\n<figure id=\"attachment_102014\" aria-describedby=\"caption-attachment-102014\" style=\"width: 578px\" class=\"wp-caption alignnone\"><img data-recalc-dims=\"1\" loading=\"lazy\" decoding=\"async\" class=\"size-full wp-image-102014\" src=\"https:\/\/i0.wp.com\/eltrabajo.cl\/portal\/wp-content\/uploads\/2020\/08\/Escritura1.jpg?resize=578%2C328&#038;ssl=1\" alt=\"UN FINAL FELIZ.- Cada uno de los 84 propietarios firmaron y recibieron inmediatamente la escritura de su vivienda.\" width=\"578\" height=\"328\" srcset=\"https:\/\/i0.wp.com\/eltrabajo.cl\/portal\/wp-content\/uploads\/2020\/08\/Escritura1.jpg?w=578&amp;ssl=1 578w, https:\/\/i0.wp.com\/eltrabajo.cl\/portal\/wp-content\/uploads\/2020\/08\/Escritura1.jpg?resize=300%2C170&amp;ssl=1 300w, https:\/\/i0.wp.com\/eltrabajo.cl\/portal\/wp-content\/uploads\/2020\/08\/Escritura1.jpg?resize=200%2C113&amp;ssl=1 200w\" sizes=\"auto, (max-width: 578px) 100vw, 578px\" \/><figcaption id=\"caption-attachment-102014\" class=\"wp-caption-text\">UN FINAL FELIZ.- Cada uno de los 84 propietarios firmaron y recibieron inmediatamente la escritura de su vivienda.<\/figcaption><\/figure>\n<figure id=\"attachment_102017\" aria-describedby=\"caption-attachment-102017\" style=\"width: 580px\" class=\"wp-caption alignnone\"><img data-recalc-dims=\"1\" loading=\"lazy\" decoding=\"async\" class=\"size-full wp-image-102017\" src=\"https:\/\/i0.wp.com\/eltrabajo.cl\/portal\/wp-content\/uploads\/2020\/08\/Escrituras2.jpg?resize=580%2C359&#038;ssl=1\" alt=\"UNA LARGA TRAVES\u00cdA.- Las autoridades dieron acompa\u00f1amiento a estas familias durante siete a\u00f1os, hasta que este jueves cerraron oficialmente esta historia de esfuerzo y trabajo en equipo.\" width=\"580\" height=\"359\" srcset=\"https:\/\/i0.wp.com\/eltrabajo.cl\/portal\/wp-content\/uploads\/2020\/08\/Escrituras2.jpg?w=580&amp;ssl=1 580w, https:\/\/i0.wp.com\/eltrabajo.cl\/portal\/wp-content\/uploads\/2020\/08\/Escrituras2.jpg?resize=300%2C186&amp;ssl=1 300w, https:\/\/i0.wp.com\/eltrabajo.cl\/portal\/wp-content\/uploads\/2020\/08\/Escrituras2.jpg?resize=200%2C124&amp;ssl=1 200w\" sizes=\"auto, (max-width: 580px) 100vw, 580px\" \/><figcaption id=\"caption-attachment-102017\" class=\"wp-caption-text\">UNA LARGA TRAVES\u00cdA.- Las autoridades dieron acompa\u00f1amiento a estas familias durante siete a\u00f1os, hasta que este jueves cerraron oficialmente esta historia de esfuerzo y trabajo en equipo.<\/figcaption><\/figure>\n<figure id=\"attachment_102016\" aria-describedby=\"caption-attachment-102016\" style=\"width: 580px\" class=\"wp-caption alignnone\"><img data-recalc-dims=\"1\" loading=\"lazy\" decoding=\"async\" class=\"size-full wp-image-102016\" src=\"https:\/\/i0.wp.com\/eltrabajo.cl\/portal\/wp-content\/uploads\/2020\/08\/Escrituras_Patricia-Boffa.jpg?resize=580%2C598&#038;ssl=1\" alt=\"Patricia Boffa Casas, encargada biprovincial del Serviu.\" width=\"580\" height=\"598\" srcset=\"https:\/\/i0.wp.com\/eltrabajo.cl\/portal\/wp-content\/uploads\/2020\/08\/Escrituras_Patricia-Boffa.jpg?w=580&amp;ssl=1 580w, https:\/\/i0.wp.com\/eltrabajo.cl\/portal\/wp-content\/uploads\/2020\/08\/Escrituras_Patricia-Boffa.jpg?resize=291%2C300&amp;ssl=1 291w, https:\/\/i0.wp.com\/eltrabajo.cl\/portal\/wp-content\/uploads\/2020\/08\/Escrituras_Patricia-Boffa.jpg?resize=145%2C150&amp;ssl=1 145w\" sizes=\"auto, (max-width: 580px) 100vw, 580px\" \/><figcaption id=\"caption-attachment-102016\" class=\"wp-caption-text\">Patricia Boffa Casas, encargada biprovincial del Serviu.<\/figcaption><\/figure>\n<figure id=\"attachment_102015\" aria-describedby=\"caption-attachment-102015\" style=\"width: 580px\" class=\"wp-caption alignnone\"><img data-recalc-dims=\"1\" loading=\"lazy\" decoding=\"async\" class=\"size-full wp-image-102015\" src=\"https:\/\/i0.wp.com\/eltrabajo.cl\/portal\/wp-content\/uploads\/2020\/08\/Escrituras_Claudio-Zurita.jpg?resize=580%2C598&#038;ssl=1\" alt=\"Claudio Zurita Ibarra, alcalde de Santa Mar\u00eda.\" width=\"580\" height=\"598\" srcset=\"https:\/\/i0.wp.com\/eltrabajo.cl\/portal\/wp-content\/uploads\/2020\/08\/Escrituras_Claudio-Zurita.jpg?w=580&amp;ssl=1 580w, https:\/\/i0.wp.com\/eltrabajo.cl\/portal\/wp-content\/uploads\/2020\/08\/Escrituras_Claudio-Zurita.jpg?resize=291%2C300&amp;ssl=1 291w, https:\/\/i0.wp.com\/eltrabajo.cl\/portal\/wp-content\/uploads\/2020\/08\/Escrituras_Claudio-Zurita.jpg?resize=145%2C150&amp;ssl=1 145w\" sizes=\"auto, (max-width: 580px) 100vw, 580px\" \/><figcaption id=\"caption-attachment-102015\" class=\"wp-caption-text\">Claudio Zurita Ibarra, alcalde de Santa Mar\u00eda.<\/figcaption><\/figure>\n<figure id=\"attachment_102018\" aria-describedby=\"caption-attachment-102018\" style=\"width: 580px\" class=\"wp-caption alignnone\"><img data-recalc-dims=\"1\" loading=\"lazy\" decoding=\"async\" class=\"size-full wp-image-102018\" src=\"https:\/\/i0.wp.com\/eltrabajo.cl\/portal\/wp-content\/uploads\/2020\/08\/Escritura_Sindy-Ramirez.jpg?resize=580%2C598&#038;ssl=1\" alt=\"Sindy Ram\u00edrez, presidenta de la junta vecinal Cumbres de Aconcagua.\" width=\"580\" height=\"598\" srcset=\"https:\/\/i0.wp.com\/eltrabajo.cl\/portal\/wp-content\/uploads\/2020\/08\/Escritura_Sindy-Ramirez.jpg?w=580&amp;ssl=1 580w, https:\/\/i0.wp.com\/eltrabajo.cl\/portal\/wp-content\/uploads\/2020\/08\/Escritura_Sindy-Ramirez.jpg?resize=291%2C300&amp;ssl=1 291w, https:\/\/i0.wp.com\/eltrabajo.cl\/portal\/wp-content\/uploads\/2020\/08\/Escritura_Sindy-Ramirez.jpg?resize=145%2C150&amp;ssl=1 145w\" sizes=\"auto, (max-width: 580px) 100vw, 580px\" \/><figcaption id=\"caption-attachment-102018\" class=\"wp-caption-text\">Sindy Ram\u00edrez, presidenta de la junta vecinal Cumbres de Aconcagua.<\/figcaption><\/figure>\n","protected":false},"excerpt":{"rendered":"<p>Villa Cumbres de Aconcagua: SANTA MAR\u00cdA.- En el pasado quedaron muchos a\u00f1os de vivir como allegados o arrendando vivienda para 84 familias de Santa Mar\u00eda, las que ahorraron religiosamente hasta acumular el&#8230;<\/p>\n","protected":false},"author":482,"featured_media":102017,"comment_status":"closed","ping_status":"open","sticky":false,"template":"","format":"standard","meta":{"advanced_seo_description":"","jetpack_seo_html_title":"","jetpack_seo_noindex":false,"_jetpack_memberships_contains_paid_content":false,"footnotes":""},"categories":[103],"tags":[],"class_list":["post-102013","post","type-post","status-publish","format-standard","has-post-thumbnail","hentry","category-cronica-2"],"jetpack_featured_media_url":"https:\/\/i0.wp.com\/eltrabajo.cl\/portal\/wp-content\/uploads\/2020\/08\/Escrituras2.jpg?fit=580%2C359&ssl=1","jetpack_sharing_enabled":true,"jetpack_likes_enabled":true,"jetpack-related-posts":[],"_links":{"self":[{"href":"https:\/\/eltrabajo.cl\/portal\/wp-json\/wp\/v2\/posts\/102013","targetHints":{"allow":["GET"]}}],"collection":[{"href":"https:\/\/eltrabajo.cl\/portal\/wp-json\/wp\/v2\/posts"}],"about":[{"href":"https:\/\/eltrabajo.cl\/portal\/wp-json\/wp\/v2\/types\/post"}],"author":[{"embeddable":true,"href":"https:\/\/eltrabajo.cl\/portal\/wp-json\/wp\/v2\/users\/482"}],"replies":[{"embeddable":true,"href":"https:\/\/eltrabajo.cl\/portal\/wp-json\/wp\/v2\/comments?post=102013"}],"version-history":[{"count":0,"href":"https:\/\/eltrabajo.cl\/portal\/wp-json\/wp\/v2\/posts\/102013\/revisions"}],"wp:featuredmedia":[{"embeddable":true,"href":"https:\/\/eltrabajo.cl\/portal\/wp-json\/wp\/v2\/media\/102017"}],"wp:attachment":[{"href":"https:\/\/eltrabajo.cl\/portal\/wp-json\/wp\/v2\/media?parent=102013"}],"wp:term":[{"taxonomy":"category","embeddable":true,"href":"https:\/\/eltrabajo.cl\/portal\/wp-json\/wp\/v2\/categories?post=102013"},{"taxonomy":"post_tag","embeddable":true,"href":"https:\/\/eltrabajo.cl\/portal\/wp-json\/wp\/v2\/tags?post=102013"}],"curies":[{"name":"wp","href":"https:\/\/api.w.org\/{rel}","templated":true}]}}