{"id":102020,"date":"2020-08-14T07:45:13","date_gmt":"2020-08-14T11:45:13","guid":{"rendered":"https:\/\/www.eltrabajo.cl\/portal\/?p=102020"},"modified":"2020-08-16T21:20:13","modified_gmt":"2020-08-17T01:20:13","slug":"desarticulan-banda-que-se-dedicaba-al-trafico-de-armas-a-nivel-nacional","status":"publish","type":"post","link":"https:\/\/eltrabajo.cl\/portal\/desarticulan-banda-que-se-dedicaba-al-trafico-de-armas-a-nivel-nacional\/","title":{"rendered":"Desarticulan banda que se dedicaba al tr\u00e1fico de armas a nivel nacional"},"content":{"rendered":"<p style=\"text-align: left;\"><span style=\"color: #c81400;\"><strong>Investigaci\u00f3n naci\u00f3 en San Felipe:<\/strong><\/span><\/p>\n<p style=\"text-align: justify;\">Una investigaci\u00f3n a cargo del Fiscal adjunto de San Felipe, <strong>Benjam\u00edn Santib\u00e1\u00f1ez Contreras<\/strong>, permiti\u00f3 la detenci\u00f3n de cuatro personas, entre ellas un funcionario de Carabineros de Constituci\u00f3n que se desempe\u00f1aba en la Autoridad Fiscalizadora. Las otras personas detenidas corresponden al due\u00f1o de una armer\u00eda en esa misma comuna, una de Santiago y otra de Putaendo.<\/p>\n<p style=\"text-align: justify;\">Con estas detenciones se logr\u00f3 desarticular una banda que se dedicaba al tr\u00e1fico de armas a nivel nacional.<\/p>\n<p style=\"text-align: justify;\">\u00ab<em>En el trabajo del foco de tr\u00e1fico de armas del a\u00f1o 2018 que se inicia con una investigaci\u00f3n en la cual se detiene a un sujeto que apunta a Carabineros de San Felipe, al cual se le incautaron tres armas de fuego: dos pistolas marca Glock y una pistola marca Steyr, las cuales estaban inscritas a nombre de terceras personas. En base a ello se despacha una orden de investigar a trav\u00e9s de la Brigada de Robos de la Polic\u00eda de Investigaciones de Los Andes, quienes toman contacto con estas dos personas, quienes manifestaron que a ellos les hab\u00edan pagado diferentes sumas de dinero a cambio que proporcionaran certificados de antecedentes para fines especiales y una fotocopia de su c\u00e9dula de identidad. Posterior a esto se determina que dichas armas hab\u00edan sido adquiridas en una armer\u00eda de la comuna de Constituci\u00f3n e inscritas en la Autoridad Fiscalizadora de la\u00a0 misma comuna\u00bb,<\/em> se\u00f1al\u00f3 el fiscal Santib\u00e1\u00f1ez.<\/p>\n<p style=\"text-align: justify;\">Continuando con las diligencias se logr\u00f3 determinar que un gran n\u00famero de armas estaban en las mismas condiciones, es decir que eran inscritas a nombre de personas que no concurr\u00edan a la armer\u00eda ni tampoco a la Autoridad Fiscalizadora, por lo tanto no se estaba dando cumplimiento a las disposiciones que establece la ley de armas y su reglamento complementario en cuanto a la tramitaci\u00f3n y documentaci\u00f3n que se debe adjuntar para que una persona pueda inscribir un arma a su nombre.<\/p>\n<p style=\"text-align: justify;\">En esa misma l\u00ednea y en base a ello, se logr\u00f3 determinar la identidad de diez personas part\u00edcipes en este hecho, de los cuales dos eran de la comuna de Constituci\u00f3n, que era el due\u00f1o de la armer\u00eda y un funcionario de la autoridad fiscalizadora. M\u00e1s otros individuos que eran los que reun\u00edan los antecedentes de estos sujetos que prestaban su documentaci\u00f3n, y posterior a ello concurr\u00edan hasta la comuna de Constituci\u00f3n donde efectuaban la tramitaci\u00f3n y la adquisici\u00f3n de armas que le eran entregadas en forma inmediata, y posteriormente el due\u00f1o de la armer\u00eda en conjunto con el funcionario de la autoridad fiscalizadora, efectuaban la inscripci\u00f3n como se se\u00f1al\u00f3, sin dar cumplimiento a lo que establece la ley de armas y su reglamento.<\/p>\n<p style=\"text-align: justify;\">\u00ab<em>Con estos antecedentes se solicit\u00f3 al Tribunal de Garant\u00eda de San Felipe orden de detenci\u00f3n en contra de cuatro personas; uno era el due\u00f1o de la armer\u00eda y el otro el funcionario de Carabineros de la autoridad fiscalizadora, adem\u00e1s de dos de los sujetos que captaban clientes para efectuar esta venta de armas\u00bb,<\/em> indic\u00f3 el persecutor.<\/p>\n<p style=\"text-align: justify;\">El fiscal Benjam\u00edn Santib\u00e1\u00f1ez Contreras dijo que siguiendo con las diligencias, <em>\u00abse logra determinar que un gran n\u00famero de armas estaban en esas condiciones, toda vez que eran inscritas a nombre de personas que no concurr\u00edan a la armer\u00eda ni tampoco a la autoridad fiscalizadora, por lo tanto no se estaba dando cumplimiento a las disposiciones que establece la ley de armas y su reglamento complementario, en cuanto a la tramitaci\u00f3n y documentaci\u00f3n que se debe adjuntar para que una persona pueda inscribir un arma a su nombre\u00bb,<\/em> manifest\u00f3.<\/p>\n<p style=\"text-align: justify;\">Al proceder a la detenci\u00f3n del due\u00f1o de la armer\u00eda, se incaut\u00f3 una gran cantidad de especies dentro de las cuales hay 25 escopetas, 4 rifles, 2 fusiles, 15 pistolas de diferentes calibres, 3 rev\u00f3lveres calibre 38, adem\u00e1s de 28 mil cartuchos de diferentes calibres y otras especies. Junto con ello, desde la Autoridad Fiscalizadora se incauta documentaci\u00f3n que va a ser periciada para los efectos de determinar la efectividad de que esos documentos son falsos.<\/p>\n<p style=\"text-align: justify;\">Respecto de los otros dos detenidos, uno es de la comuna de Santiago, al cual se le incautaron 3 pistolas, 1 rev\u00f3lver, 1 escopeta, 1 rifle, m\u00e1s de 300 cartuchos de diferentes calibres, adem\u00e1s de 5.720 cajetillas de cigarrillos clandestinos y 1.076 kilos de alambre de cobre manufacturado para la venta que eran de propiedad de la empresa Movistar. El otro tiene domicilio en Putaendo.<\/p>\n<p style=\"text-align: justify;\">Los detenidos ser\u00e1n formalizados este viernes en el Juzgado de Garant\u00eda de San Felipe.<\/p>\n<figure id=\"attachment_102021\" aria-describedby=\"caption-attachment-102021\" style=\"width: 580px\" class=\"wp-caption alignnone\"><img data-recalc-dims=\"1\" loading=\"lazy\" decoding=\"async\" class=\"size-full wp-image-102021\" src=\"https:\/\/i0.wp.com\/eltrabajo.cl\/portal\/wp-content\/uploads\/2020\/08\/Armas.jpg?resize=580%2C358&#038;ssl=1\" alt=\"Un importante arsenal de armas fue incautado por la Polic\u00eda de Investigaciones, deteniendo a cuatro personas por su participaci\u00f3n en la banda criminal.\" width=\"580\" height=\"358\" srcset=\"https:\/\/i0.wp.com\/eltrabajo.cl\/portal\/wp-content\/uploads\/2020\/08\/Armas.jpg?w=580&amp;ssl=1 580w, https:\/\/i0.wp.com\/eltrabajo.cl\/portal\/wp-content\/uploads\/2020\/08\/Armas.jpg?resize=300%2C185&amp;ssl=1 300w, https:\/\/i0.wp.com\/eltrabajo.cl\/portal\/wp-content\/uploads\/2020\/08\/Armas.jpg?resize=200%2C123&amp;ssl=1 200w\" sizes=\"auto, (max-width: 580px) 100vw, 580px\" \/><figcaption id=\"caption-attachment-102021\" class=\"wp-caption-text\">Un importante arsenal de armas fue incautado por la Polic\u00eda de Investigaciones, deteniendo a cuatro personas por su participaci\u00f3n en la banda criminal.<\/figcaption><\/figure>\n","protected":false},"excerpt":{"rendered":"<p>Investigaci\u00f3n naci\u00f3 en San Felipe: Una investigaci\u00f3n a cargo del Fiscal adjunto de San Felipe, Benjam\u00edn Santib\u00e1\u00f1ez Contreras, permiti\u00f3 la detenci\u00f3n de cuatro personas, entre ellas un funcionario de Carabineros de Constituci\u00f3n&#8230;<\/p>\n","protected":false},"author":482,"featured_media":102021,"comment_status":"closed","ping_status":"open","sticky":false,"template":"","format":"standard","meta":{"advanced_seo_description":"","jetpack_seo_html_title":"","jetpack_seo_noindex":false,"_jetpack_memberships_contains_paid_content":false,"footnotes":""},"categories":[21],"tags":[],"class_list":["post-102020","post","type-post","status-publish","format-standard","has-post-thumbnail","hentry","category-policial"],"jetpack_featured_media_url":"https:\/\/i0.wp.com\/eltrabajo.cl\/portal\/wp-content\/uploads\/2020\/08\/Armas.jpg?fit=580%2C358&ssl=1","jetpack_sharing_enabled":true,"jetpack_likes_enabled":true,"jetpack-related-posts":[],"_links":{"self":[{"href":"https:\/\/eltrabajo.cl\/portal\/wp-json\/wp\/v2\/posts\/102020","targetHints":{"allow":["GET"]}}],"collection":[{"href":"https:\/\/eltrabajo.cl\/portal\/wp-json\/wp\/v2\/posts"}],"about":[{"href":"https:\/\/eltrabajo.cl\/portal\/wp-json\/wp\/v2\/types\/post"}],"author":[{"embeddable":true,"href":"https:\/\/eltrabajo.cl\/portal\/wp-json\/wp\/v2\/users\/482"}],"replies":[{"embeddable":true,"href":"https:\/\/eltrabajo.cl\/portal\/wp-json\/wp\/v2\/comments?post=102020"}],"version-history":[{"count":0,"href":"https:\/\/eltrabajo.cl\/portal\/wp-json\/wp\/v2\/posts\/102020\/revisions"}],"wp:featuredmedia":[{"embeddable":true,"href":"https:\/\/eltrabajo.cl\/portal\/wp-json\/wp\/v2\/media\/102021"}],"wp:attachment":[{"href":"https:\/\/eltrabajo.cl\/portal\/wp-json\/wp\/v2\/media?parent=102020"}],"wp:term":[{"taxonomy":"category","embeddable":true,"href":"https:\/\/eltrabajo.cl\/portal\/wp-json\/wp\/v2\/categories?post=102020"},{"taxonomy":"post_tag","embeddable":true,"href":"https:\/\/eltrabajo.cl\/portal\/wp-json\/wp\/v2\/tags?post=102020"}],"curies":[{"name":"wp","href":"https:\/\/api.w.org\/{rel}","templated":true}]}}