{"id":102023,"date":"2020-08-14T07:50:24","date_gmt":"2020-08-14T11:50:24","guid":{"rendered":"https:\/\/www.eltrabajo.cl\/portal\/?p=102023"},"modified":"2020-08-13T21:39:22","modified_gmt":"2020-08-14T01:39:22","slug":"antes-de-partir-eliana-donoso-gallardo-nos-dejo-mas-que-lecciones-de-vida","status":"publish","type":"post","link":"https:\/\/eltrabajo.cl\/portal\/antes-de-partir-eliana-donoso-gallardo-nos-dejo-mas-que-lecciones-de-vida\/","title":{"rendered":"Antes de partir, Eliana Donoso Gallardo nos dej\u00f3 m\u00e1s que lecciones de vida"},"content":{"rendered":"<p style=\"text-align: left;\"><span style=\"color: #c81400;\"><strong>Conocida asesora previsional pension\u00f3 a m\u00e1s de 1.000 personas:<\/strong><\/span><\/p>\n<p style=\"text-align: justify;\">En un pa\u00eds convulso como el nuestro, en el que por todo y por nada se explota en ira, y donde el lenguaje popular pareciera estar casi siempre remarcado por la violencia, el r\u00e9gimen contestatario y la intolerancia, encontrarnos con personas que irradien tranquilidad, alegr\u00eda y positivismo, nos podr\u00eda dejar en nuestro coraz\u00f3n la bals\u00e1mica inyecci\u00f3n que tanto necesitamos: <strong>Pensar y vivir con alegr\u00eda<\/strong>.<\/p>\n<p style=\"text-align: justify;\">Pues de eso se trata el tema que hoy compartimos con nuestros lectores, nos referimos a una conocid\u00edsima sanfelipe\u00f1a, maestra de la vida y muy querida en nuestra comuna, <strong>Eliana de Jes\u00fas Donoso Gallardo<\/strong>, destacada asesora previsional que muri\u00f3 a sus 61 a\u00f1os de edad el pasado s\u00e1bado 23 de mayo, tras batallar contra una enfermedad durante diez meses, siendo sepultada en el Cementerio Parroquial de Putaendo.<\/p>\n<p style=\"text-align: justify;\">\n<p style=\"text-align: justify;\"><span style=\"color: #c81400;\"><strong>LA GU\u00cdA OPORTUNA<\/strong><\/span><\/p>\n<p style=\"text-align: justify;\">Eliana Donoso vino a este mundo como un torbellino de alegr\u00eda el jueves 8 de enero de 1959 en la comuna de Putaendo, era la menor de seis hermanos. Ella labor\u00f3 en Santiago por muchos a\u00f1os en varias Isapres de nuestro pa\u00eds, adquiri\u00f3 mucha experiencia y hace 18 a\u00f1os decidi\u00f3 instalarse en San Felipe, puntualmente en Traslavi\u00f1a 1341, entre Freire y Merced. En su oficina logr\u00f3, con much\u00edsimo esfuerzo y sacrificio, abrirse paso y darse a conocer como una profesional de gran carisma y diligencia.<\/p>\n<p style=\"text-align: justify;\">Trabajaba haciendo los tr\u00e1mites de pensi\u00f3n, brindaba asesor\u00edas personales y corporativas en los tr\u00e1mites de pensiones, buscando siempre que sus clientes recibieran la mejor pensi\u00f3n posible, le caracterizaba su contagiosa alegr\u00eda. Tambi\u00e9n era cristiana y amante del Se\u00f1or Jesucristo.<\/p>\n<p style=\"text-align: justify;\">Su labor como asesora previsional le retribuy\u00f3 como alguien muy fiable, entregada por completo a la gente, pues de todo el pa\u00eds acud\u00edan a ella para que les gestionara sus pensiones. Se calcula que logr\u00f3 pensionar a poco m\u00e1s de 1.000 personas en los 18 a\u00f1os que trabaj\u00f3 en nuestra comuna. Instaur\u00f3 tambi\u00e9n la moda de tarjetas de presentaci\u00f3n con foto, muy creativa, solicitada por los medios locales para que compartiera su saber con los aconcag\u00fcinos.<\/p>\n<p style=\"text-align: justify;\">\n<p style=\"text-align: justify;\"><span style=\"color: #c81400;\"><strong>\u2018CARPE DIEM\u2019 ELIANA<\/strong><\/span><\/p>\n<p style=\"text-align: justify;\">Fue amante de viajar. En la l\u00ednea social ella visitaba hogares de ancianos, potenciaba su trabajo en <strong>Tu Matinal<\/strong> de Frecuencia 7, en donde explicaba gratuitamente los procesos y pautas para que las personas aprendieran tambi\u00e9n a realizar sus tr\u00e1mites, muchos clientes lograban contactarla gracias a esa labor televisiva.<\/p>\n<p style=\"text-align: justify;\">Podr\u00edamos asegurar con plena certeza que Eliana supo vivir intensamente cada minuto de su vida, disfrut\u00f3 hasta el tu\u00e9tano del tallo profundo de su vida, dej\u00f3 a quienes le conocieron un legado de honradez, una vida ejemplar, radiante de felicidad contagia a quienes tocaba con su trato amable y radiante sonrisa. Supo agradecer en especial, esos \u2018regalos imposible de pagar\u2019.<\/p>\n<p style=\"text-align: justify;\"><span style=\"color: #c81400;\"><strong>MADRE Y ABUELA<\/strong><\/span><\/p>\n<p style=\"text-align: justify;\">Tuvo dos hijos: <strong>Juan<\/strong> y <strong>Bel\u00e9n Montiel Donoso<\/strong>, tambi\u00e9n era feliz con sus dos nietos <strong>Alexis Montiel Olivares<\/strong> y <strong>Agust\u00edn<\/strong>, con quienes se escapaba a veces e iba con ellos a la piscina, regalona, considerada y amorosa con los suyos, pues conformaban una \u2018Familia Chocl\u00f3n\u2019, muy unida. En su oficina se sigue atendiendo, pues Bel\u00e9n desde los 13 a\u00f1os de edad ayudaba a su madre en este oficio, ella termin\u00f3 sus estudios hace siete a\u00f1os como asesora previsional, as\u00ed que quienes necesiten sus servicios pueden llamar al <strong>+56 9 6309 2430<\/strong>.<\/p>\n<p style=\"text-align: justify;\"><strong>Roberto Gonz\u00e1lez Short<\/strong><\/p>\n<figure id=\"attachment_102025\" aria-describedby=\"caption-attachment-102025\" style=\"width: 580px\" class=\"wp-caption alignnone\"><img data-recalc-dims=\"1\" loading=\"lazy\" decoding=\"async\" class=\"size-full wp-image-102025\" src=\"https:\/\/i0.wp.com\/eltrabajo.cl\/portal\/wp-content\/uploads\/2020\/08\/Previsionista_Eliana-Donoso.jpg?resize=580%2C600&#038;ssl=1\" alt=\"GRACIAS MAESTRA.- Eliana Donoso Gallardo nos dej\u00f3 m\u00e1s que lecciones de vida, nos mostr\u00f3 el camino a una vida plena.\" width=\"580\" height=\"600\" srcset=\"https:\/\/i0.wp.com\/eltrabajo.cl\/portal\/wp-content\/uploads\/2020\/08\/Previsionista_Eliana-Donoso.jpg?w=580&amp;ssl=1 580w, https:\/\/i0.wp.com\/eltrabajo.cl\/portal\/wp-content\/uploads\/2020\/08\/Previsionista_Eliana-Donoso.jpg?resize=290%2C300&amp;ssl=1 290w, https:\/\/i0.wp.com\/eltrabajo.cl\/portal\/wp-content\/uploads\/2020\/08\/Previsionista_Eliana-Donoso.jpg?resize=145%2C150&amp;ssl=1 145w\" sizes=\"auto, (max-width: 580px) 100vw, 580px\" \/><figcaption id=\"caption-attachment-102025\" class=\"wp-caption-text\">GRACIAS MAESTRA.- Eliana Donoso Gallardo nos dej\u00f3 m\u00e1s que lecciones de vida, nos mostr\u00f3 el camino a una vida plena.<\/figcaption><\/figure>\n<figure id=\"attachment_102026\" aria-describedby=\"caption-attachment-102026\" style=\"width: 578px\" class=\"wp-caption alignnone\"><img data-recalc-dims=\"1\" loading=\"lazy\" decoding=\"async\" class=\"size-full wp-image-102026\" src=\"https:\/\/i0.wp.com\/eltrabajo.cl\/portal\/wp-content\/uploads\/2020\/08\/Previsionista-Rafael_Rosa_Maria_Eliana_Teresa_Moises.jpg?resize=578%2C296&#038;ssl=1\" alt=\"LOS SEIS HERMANOS.- En esta foto familiar vemos a Eliana y sus hermanos Rafael, Rosa, Mar\u00eda, Teresa y Mois\u00e9s. Ella era la menor. Luch\u00f3 con optimismo hasta donde pudo.\" width=\"578\" height=\"296\" srcset=\"https:\/\/i0.wp.com\/eltrabajo.cl\/portal\/wp-content\/uploads\/2020\/08\/Previsionista-Rafael_Rosa_Maria_Eliana_Teresa_Moises.jpg?w=578&amp;ssl=1 578w, https:\/\/i0.wp.com\/eltrabajo.cl\/portal\/wp-content\/uploads\/2020\/08\/Previsionista-Rafael_Rosa_Maria_Eliana_Teresa_Moises.jpg?resize=300%2C154&amp;ssl=1 300w, https:\/\/i0.wp.com\/eltrabajo.cl\/portal\/wp-content\/uploads\/2020\/08\/Previsionista-Rafael_Rosa_Maria_Eliana_Teresa_Moises.jpg?resize=200%2C102&amp;ssl=1 200w\" sizes=\"auto, (max-width: 578px) 100vw, 578px\" \/><figcaption id=\"caption-attachment-102026\" class=\"wp-caption-text\">LOS SEIS HERMANOS.- En esta foto familiar vemos a Eliana y sus hermanos Rafael, Rosa, Mar\u00eda, Teresa y Mois\u00e9s. Ella era la menor. Luch\u00f3 con optimismo hasta donde pudo.<\/figcaption><\/figure>\n<figure id=\"attachment_102024\" aria-describedby=\"caption-attachment-102024\" style=\"width: 580px\" class=\"wp-caption alignnone\"><img data-recalc-dims=\"1\" loading=\"lazy\" decoding=\"async\" class=\"size-full wp-image-102024\" src=\"https:\/\/i0.wp.com\/eltrabajo.cl\/portal\/wp-content\/uploads\/2020\/08\/Previsionista_Belen-y-Juan.jpg?resize=580%2C359&#038;ssl=1\" alt=\"TREMENDO TR\u00cdO.- Aqu\u00ed tenemos a Eliana con sus dos hijos: Juan y Bel\u00e9n Montiel Donoso, quienes hoy la recuerdan con entra\u00f1able amor.\" width=\"580\" height=\"359\" srcset=\"https:\/\/i0.wp.com\/eltrabajo.cl\/portal\/wp-content\/uploads\/2020\/08\/Previsionista_Belen-y-Juan.jpg?w=580&amp;ssl=1 580w, https:\/\/i0.wp.com\/eltrabajo.cl\/portal\/wp-content\/uploads\/2020\/08\/Previsionista_Belen-y-Juan.jpg?resize=300%2C186&amp;ssl=1 300w, https:\/\/i0.wp.com\/eltrabajo.cl\/portal\/wp-content\/uploads\/2020\/08\/Previsionista_Belen-y-Juan.jpg?resize=200%2C124&amp;ssl=1 200w\" sizes=\"auto, (max-width: 580px) 100vw, 580px\" \/><figcaption id=\"caption-attachment-102024\" class=\"wp-caption-text\">TREMENDO TR\u00cdO.- Aqu\u00ed tenemos a Eliana con sus dos hijos: Juan y Bel\u00e9n Montiel Donoso, quienes hoy la recuerdan con entra\u00f1able amor.<\/figcaption><\/figure>\n<figure id=\"attachment_102027\" aria-describedby=\"caption-attachment-102027\" style=\"width: 580px\" class=\"wp-caption alignnone\"><img data-recalc-dims=\"1\" loading=\"lazy\" decoding=\"async\" class=\"size-full wp-image-102027\" src=\"https:\/\/i0.wp.com\/eltrabajo.cl\/portal\/wp-content\/uploads\/2020\/08\/Previsionista_-Eliana-y-Janina-Rodriguez.jpg?resize=580%2C600&#038;ssl=1\" alt=\"TALENTO INNATO.- En varias oportunidades Eliana Donoso fue premiada por sus altas ventas y personas pensionadas durante su carrera. Aqu\u00ed la vemos con Janina Rodr\u00edguez, gerente comercial de 4Life Seguros, entreg\u00e1ndole el reconocimiento.\" width=\"580\" height=\"600\" srcset=\"https:\/\/i0.wp.com\/eltrabajo.cl\/portal\/wp-content\/uploads\/2020\/08\/Previsionista_-Eliana-y-Janina-Rodriguez.jpg?w=580&amp;ssl=1 580w, https:\/\/i0.wp.com\/eltrabajo.cl\/portal\/wp-content\/uploads\/2020\/08\/Previsionista_-Eliana-y-Janina-Rodriguez.jpg?resize=290%2C300&amp;ssl=1 290w, https:\/\/i0.wp.com\/eltrabajo.cl\/portal\/wp-content\/uploads\/2020\/08\/Previsionista_-Eliana-y-Janina-Rodriguez.jpg?resize=145%2C150&amp;ssl=1 145w\" sizes=\"auto, (max-width: 580px) 100vw, 580px\" \/><figcaption id=\"caption-attachment-102027\" class=\"wp-caption-text\">TALENTO INNATO.- En varias oportunidades Eliana Donoso fue premiada por sus altas ventas y personas pensionadas durante su carrera. Aqu\u00ed la vemos con Janina Rodr\u00edguez, gerente comercial de 4Life Seguros, entreg\u00e1ndole el reconocimiento.<\/figcaption><\/figure>\n","protected":false},"excerpt":{"rendered":"<p>Conocida asesora previsional pension\u00f3 a m\u00e1s de 1.000 personas: En un pa\u00eds convulso como el nuestro, en el que por todo y por nada se explota en ira, y donde el lenguaje&#8230;<\/p>\n","protected":false},"author":482,"featured_media":102024,"comment_status":"closed","ping_status":"open","sticky":false,"template":"","format":"standard","meta":{"advanced_seo_description":"","jetpack_seo_html_title":"","jetpack_seo_noindex":false,"_jetpack_memberships_contains_paid_content":false,"footnotes":""},"categories":[15],"tags":[],"class_list":["post-102023","post","type-post","status-publish","format-standard","has-post-thumbnail","hentry","category-comunidad"],"jetpack_featured_media_url":"https:\/\/i0.wp.com\/eltrabajo.cl\/portal\/wp-content\/uploads\/2020\/08\/Previsionista_Belen-y-Juan.jpg?fit=580%2C359&ssl=1","jetpack_sharing_enabled":true,"jetpack_likes_enabled":true,"jetpack-related-posts":[],"_links":{"self":[{"href":"https:\/\/eltrabajo.cl\/portal\/wp-json\/wp\/v2\/posts\/102023","targetHints":{"allow":["GET"]}}],"collection":[{"href":"https:\/\/eltrabajo.cl\/portal\/wp-json\/wp\/v2\/posts"}],"about":[{"href":"https:\/\/eltrabajo.cl\/portal\/wp-json\/wp\/v2\/types\/post"}],"author":[{"embeddable":true,"href":"https:\/\/eltrabajo.cl\/portal\/wp-json\/wp\/v2\/users\/482"}],"replies":[{"embeddable":true,"href":"https:\/\/eltrabajo.cl\/portal\/wp-json\/wp\/v2\/comments?post=102023"}],"version-history":[{"count":0,"href":"https:\/\/eltrabajo.cl\/portal\/wp-json\/wp\/v2\/posts\/102023\/revisions"}],"wp:featuredmedia":[{"embeddable":true,"href":"https:\/\/eltrabajo.cl\/portal\/wp-json\/wp\/v2\/media\/102024"}],"wp:attachment":[{"href":"https:\/\/eltrabajo.cl\/portal\/wp-json\/wp\/v2\/media?parent=102023"}],"wp:term":[{"taxonomy":"category","embeddable":true,"href":"https:\/\/eltrabajo.cl\/portal\/wp-json\/wp\/v2\/categories?post=102023"},{"taxonomy":"post_tag","embeddable":true,"href":"https:\/\/eltrabajo.cl\/portal\/wp-json\/wp\/v2\/tags?post=102023"}],"curies":[{"name":"wp","href":"https:\/\/api.w.org\/{rel}","templated":true}]}}