{"id":102029,"date":"2020-08-14T07:55:45","date_gmt":"2020-08-14T11:55:45","guid":{"rendered":"https:\/\/www.eltrabajo.cl\/portal\/?p=102029"},"modified":"2020-08-16T21:09:58","modified_gmt":"2020-08-17T01:09:58","slug":"con-pancartas-y-hasta-llorando-vecinos-entregan-apoyo-al-alcalde-patricio-freire","status":"publish","type":"post","link":"https:\/\/eltrabajo.cl\/portal\/con-pancartas-y-hasta-llorando-vecinos-entregan-apoyo-al-alcalde-patricio-freire\/","title":{"rendered":"Con pancartas y hasta llorando vecinos entregan apoyo al alcalde Patricio Freire"},"content":{"rendered":"<p style=\"text-align: justify;\">APOYAN AL ALCALDE.- Una protesta ciudadana es la que hicieron varios vecinos sanfelipe\u00f1os en la Plaza de Armas frente a la Municipalidad de San Felipe la ma\u00f1ana de este jueves. Quienes participaron gritaban sus consignas de apoyo al alcalde Patricio Freire: \u00ab<strong><em>Pato, Amigo, el Pueblo est\u00e1 contigo<\/em><\/strong>\u00bb, adem\u00e1s de otras frases de convicci\u00f3n en este sentido. Al lugar llegaron militares y unidades de Carabineros, aunque la jornada termin\u00f3 sin incidentes de violencia. Algunas personas estaban muy sensibles, otras lloraban y gritaban. (Fotos Roberto Gonz\u00e1lez Short)<\/p>\n<figure id=\"attachment_102030\" aria-describedby=\"caption-attachment-102030\" style=\"width: 580px\" class=\"wp-caption alignnone\"><img data-recalc-dims=\"1\" loading=\"lazy\" decoding=\"async\" class=\"size-full wp-image-102030\" src=\"https:\/\/i0.wp.com\/eltrabajo.cl\/portal\/wp-content\/uploads\/2020\/08\/Apoyo1.jpg?resize=580%2C360&#038;ssl=1\" alt=\"La manifestaci\u00f3n se desarroll\u00f3 en forma totalmente tranquila, sin incidentes de ning\u00fan tipo.\" width=\"580\" height=\"360\" srcset=\"https:\/\/i0.wp.com\/eltrabajo.cl\/portal\/wp-content\/uploads\/2020\/08\/Apoyo1.jpg?w=580&amp;ssl=1 580w, https:\/\/i0.wp.com\/eltrabajo.cl\/portal\/wp-content\/uploads\/2020\/08\/Apoyo1.jpg?resize=300%2C186&amp;ssl=1 300w, https:\/\/i0.wp.com\/eltrabajo.cl\/portal\/wp-content\/uploads\/2020\/08\/Apoyo1.jpg?resize=200%2C124&amp;ssl=1 200w\" sizes=\"auto, (max-width: 580px) 100vw, 580px\" \/><figcaption id=\"caption-attachment-102030\" class=\"wp-caption-text\">La manifestaci\u00f3n se desarroll\u00f3 en forma totalmente tranquila, sin incidentes de ning\u00fan tipo.<\/figcaption><\/figure>\n<figure id=\"attachment_102031\" aria-describedby=\"caption-attachment-102031\" style=\"width: 580px\" class=\"wp-caption alignnone\"><img data-recalc-dims=\"1\" loading=\"lazy\" decoding=\"async\" class=\"size-full wp-image-102031\" src=\"https:\/\/i0.wp.com\/eltrabajo.cl\/portal\/wp-content\/uploads\/2020\/08\/Apoyo3.jpg?resize=580%2C360&#038;ssl=1\" alt=\"La manifestaci\u00f3n se desarroll\u00f3 en forma totalmente tranquila, sin incidentes de ning\u00fan tipo.\" width=\"580\" height=\"360\" srcset=\"https:\/\/i0.wp.com\/eltrabajo.cl\/portal\/wp-content\/uploads\/2020\/08\/Apoyo3.jpg?w=580&amp;ssl=1 580w, https:\/\/i0.wp.com\/eltrabajo.cl\/portal\/wp-content\/uploads\/2020\/08\/Apoyo3.jpg?resize=300%2C186&amp;ssl=1 300w, https:\/\/i0.wp.com\/eltrabajo.cl\/portal\/wp-content\/uploads\/2020\/08\/Apoyo3.jpg?resize=200%2C124&amp;ssl=1 200w\" sizes=\"auto, (max-width: 580px) 100vw, 580px\" \/><figcaption id=\"caption-attachment-102031\" class=\"wp-caption-text\">La manifestaci\u00f3n se desarroll\u00f3 en forma totalmente tranquila, sin incidentes de ning\u00fan tipo.<\/figcaption><\/figure>\n","protected":false},"excerpt":{"rendered":"<p>APOYAN AL ALCALDE.- Una protesta ciudadana es la que hicieron varios vecinos sanfelipe\u00f1os en la Plaza de Armas frente a la Municipalidad de San Felipe la ma\u00f1ana de este jueves. Quienes participaron&#8230;<\/p>\n","protected":false},"author":482,"featured_media":102030,"comment_status":"closed","ping_status":"open","sticky":false,"template":"","format":"standard","meta":{"advanced_seo_description":"","jetpack_seo_html_title":"","jetpack_seo_noindex":false,"_jetpack_memberships_contains_paid_content":false,"footnotes":""},"categories":[103],"tags":[],"class_list":["post-102029","post","type-post","status-publish","format-standard","has-post-thumbnail","hentry","category-cronica-2"],"jetpack_featured_media_url":"https:\/\/i0.wp.com\/eltrabajo.cl\/portal\/wp-content\/uploads\/2020\/08\/Apoyo1.jpg?fit=580%2C360&ssl=1","jetpack_sharing_enabled":true,"jetpack_likes_enabled":true,"jetpack-related-posts":[],"_links":{"self":[{"href":"https:\/\/eltrabajo.cl\/portal\/wp-json\/wp\/v2\/posts\/102029","targetHints":{"allow":["GET"]}}],"collection":[{"href":"https:\/\/eltrabajo.cl\/portal\/wp-json\/wp\/v2\/posts"}],"about":[{"href":"https:\/\/eltrabajo.cl\/portal\/wp-json\/wp\/v2\/types\/post"}],"author":[{"embeddable":true,"href":"https:\/\/eltrabajo.cl\/portal\/wp-json\/wp\/v2\/users\/482"}],"replies":[{"embeddable":true,"href":"https:\/\/eltrabajo.cl\/portal\/wp-json\/wp\/v2\/comments?post=102029"}],"version-history":[{"count":0,"href":"https:\/\/eltrabajo.cl\/portal\/wp-json\/wp\/v2\/posts\/102029\/revisions"}],"wp:featuredmedia":[{"embeddable":true,"href":"https:\/\/eltrabajo.cl\/portal\/wp-json\/wp\/v2\/media\/102030"}],"wp:attachment":[{"href":"https:\/\/eltrabajo.cl\/portal\/wp-json\/wp\/v2\/media?parent=102029"}],"wp:term":[{"taxonomy":"category","embeddable":true,"href":"https:\/\/eltrabajo.cl\/portal\/wp-json\/wp\/v2\/categories?post=102029"},{"taxonomy":"post_tag","embeddable":true,"href":"https:\/\/eltrabajo.cl\/portal\/wp-json\/wp\/v2\/tags?post=102029"}],"curies":[{"name":"wp","href":"https:\/\/api.w.org\/{rel}","templated":true}]}}